{"id":129804,"date":"2026-04-27T17:05:39","date_gmt":"2026-04-27T17:05:39","guid":{"rendered":"https:\/\/pressactu.com\/?p=129804"},"modified":"2026-04-27T17:05:39","modified_gmt":"2026-04-27T17:05:39","slug":"stade-toulousain-on-va-laver-ce-quon-a-a-laver-entre-nous-quelle-est-cette-faute-que-les-joueurs-ont-commise-trois-fois-cette-saison","status":"publish","type":"post","link":"https:\/\/pressactu.com\/?p=129804","title":{"rendered":"Stade Toulousain\u00a0: &quot;On va laver ce qu\u2019on a \u00e0 laver entre nous\u00a0!&quot; Quelle est cette faute que les joueurs ont commise trois fois cette saison\u00a0?"},"content":{"rendered":"<p>\n                                                                    <span class=\"article-full__chapo-label hide-on-small-only\">l&#8217;essentiel<\/span><br \/>\n                                                                Le Stade Toulousain s\u2019est sabord\u00e9 face \u00e0 Clermont apr\u00e8s avoir men\u00e9 21-0. Et le plus inqui\u00e9tant c\u2019est que ce n\u2019est pas la premi\u00e8re fois que \u00e7a arrive cette saison.\n                            <\/p>\n<div rel=\"js-article-content\">\n                                                                                                                            <!-- Pub DFP Position [outstream] --><\/p>\n<p>&#8220;On voulait que ce soit la f\u00eate et qu\u2019on assure notre qualification et finalement on a relanc\u00e9 le sprint final de ce championnat\u00a0!&#8221; Ugo Mola en rageait dimanche soir, dans les entrailles du Stadium. Quelques minutes plus t\u00f4t, ses joueurs venaient de perdre leur premier match de la saison \u00e0 domicile face \u00e0 Clermont (27-24). Et qui plus est, au Stadium, lors du week-end de gala baptis\u00e9 Capitolium o\u00f9 les rugbymen ont partag\u00e9 maillot et pelouse avec les footeux du TFC (nul 2-2 face \u00e0 Monaco).<\/p>\n<p><!-- Pub DFP Position [article] --><\/p>\n<p class=\"std-elt__inline\">\n        <strong>\u00c0 lire aussi :<\/strong><br \/>\n        <a href=\"\/2026\/04\/27\/stade-toulousain-cest-la-debandade-certains-nont-meme-pas-attrape-le-ballon-ugo-mola-tres-remonte-apres-la-defaite-face-a-clermont-13344996.php\">Stade Toulousain\u00a0: &#8220;C\u2019est la d\u00e9bandade, certains n\u2019ont m\u00eame pas attrap\u00e9 le ballon&#8221; Ugo Mola tr\u00e8s remont\u00e9 apr\u00e8s la d\u00e9faite face \u00e0 Clermont<\/a>\n    <\/p>\n<p>Tout avait pourtant bien commenc\u00e9 pour le Stade Toulousain qui, apr\u00e8s 10 minutes de jeu \u00e0 peine, menait 21-0 (trois essais transform\u00e9s). Tout le monde se disait que le match \u00e9tait pli\u00e9, \u00e0 commencer par les joueurs et bien mal leur en a pris. &#8220;Je pense qu\u2019on est sorti du match \u00e0 ce moment-l\u00e0, en pensant qu\u2019on \u00e9tait sur un match certainement de gala, \u00e0 l\u2019image du c\u00f4t\u00e9 festif autour de nous, d\u00e9taille le manager toulousain.\u00a0Et puis bon, apr\u00e8s, c\u2019est un peu la d\u00e9bandade. Je pense que chacun a fait la sienne, entre fautes, ballons perdus, ballons m\u00eame pas attrap\u00e9s pour certains [\u2026]. C\u2019est une sale soir\u00e9e.&#8221;<\/p>\n<p class=\"std-elt__inline\">\n        <strong>\u00c0 lire aussi :<\/strong><br \/>\n        <a href=\"\/2026\/04\/26\/stade-toulousain-deux-violents-chocs-a-la-tete-face-a-clermont-deux-cartons-provoques-kalvin-gourgues-le-dur-au-mal-13344906.php\">Stade Toulousain\u00a0: deux violents chocs \u00e0 la t\u00eate face \u00e0 Clermont, deux cartons provoqu\u00e9s\u2026 Kalvin Gourgues le dur au mal<\/a>\n    <\/p>\n<p>Et l\u00e0 o\u00f9 cela fait tache, c\u2019est surtout que ce n\u2019est pas la premi\u00e8re fois cette saison que les joueurs ont tendance \u00e0 se rel\u00e2cher apr\u00e8s des entames de matchs canons. Et cela s\u2019est produit \u00e0 trois reprises\u00a0lors\u00a0de gros rendez-vous\u00a0: dimanche face \u00e0 Clermont\u00a0au Stadium mais surtout\u00a0\u00e0 Glasgow en Champions Cup en d\u00e9cembre ou \u00e0 Bordeaux lors du quart de finale de cette m\u00eame comp\u00e9tition au d\u00e9but du mois d\u2019avril.<\/p>\n<h2 class=\"txt-int\">Le coup de gueule de Thomas Ramos<\/h2>\n<p>&#8220;Tuer les matchs\u00a0? Ouais, c\u2019est s\u00fbr que c\u2019est quelque chose qu\u2019on a abord\u00e9 entre nous, qui nous manque un peu cette ann\u00e9e. Il faut qu\u2019on soit plus tueur, appuyait Thibaud Flament dans les couloirs du Stadium.\u00a0On pense que le match va\u00a0se faire un peu tout seul. Il y a une forme de rel\u00e2chement.&#8221;<\/p>\n<p class=\"std-elt__inline\">\n        <strong>\u00c0 lire aussi :<\/strong><br \/>\n        <a href=\"\/2026\/04\/27\/stade-toulousain-clermont-je-vous-paierai-un-coup-mais-pas-douze-christophe-urios-offre-sa-tournee-aux-joueurs-apres-la-victoire-a-toulouse-13345465.php\">Stade Toulousain \u2013 Clermont\u00a0: &#8220;Je paierai un coup, mais pas douze&#8221;, Christophe Urios offre sa tourn\u00e9e \u00e0 ses joueurs apr\u00e8s la victoire \u00e0 Toulouse<\/a>\n    <\/p>\n<p>En \u00c9cosse, pour le deuxi\u00e8me match de poule, Ramos et les siens menaient aussi 21-0 \u00e0 la mi-temps. Avant de s\u2019effondrer apr\u00e8s avoir encaiss\u00e9\u00a0quatre essais (21-28), le premier \u00e9cueil de la saison 25\/26. Face \u00e0 l\u2019UBB, les &#8220;rouge et noir&#8221; menaient cette fois 15-5 en d\u00e9but de deuxi\u00e8me mi-temps mais n\u2019ont pas r\u00e9ussi \u00e0 fermer \u00e0 la porte \u00e0\u00a0double tour. Et c\u2019est un cinglant 30-15 qui \u00e9tait affich\u00e9 \u00e0 l\u2019issue du match sur les \u00e9crans g\u00e9ants de Chaban-Delmas, synonyme de la fin de l\u2019aventure europ\u00e9enne.<\/p>\n<p class=\"std-elt__inline\">\n        <strong>\u00c0 lire aussi :<\/strong><br \/>\n        <a href=\"\/2026\/04\/27\/stade-toulousain-malheureusement-cest-tombe-sur-le-meme-ugo-mola-inquiet-apres-les-chocs-a-la-tete-recu-par-kalvin-gourgues-13345012.php\">Stade Toulousain\u00a0: &#8220;Malheureusement, c\u2019est tomb\u00e9 sur le m\u00eame\u2026&#8221; Ugo Mola inquiet apr\u00e8s les chocs \u00e0 la t\u00eate re\u00e7u par Kalvin Gourgues<\/a>\n    <\/p>\n<p>Que cela se produise une nouvelle fois a pouss\u00e9\u00a0Thomas Ramos \u00e0 pousser un coup de gueule contre ses co\u00e9quipiers et contre lui-m\u00eame\u00a0: &#8220;Comme\u00a0l\u2019a tr\u00e8s bien dit Thibaud, je pense qu\u2019\u00e0 21-0, il faut arr\u00eater de penser que les matchs sont termin\u00e9s. Les \u00e9quipes viennent \u00e0 l\u2019image de Clermont ce soir, avec des intensions, et c\u2019est annonc\u00e9 dans la semaine, donc c\u2019est \u00e0 nous quand m\u00eame d\u2019avoir un niveau d\u2019\u00e9veil durant 80 minutes, chose qu\u2019on n\u2019a pas fait ce soir (dimanche).&#8221;<\/p>\n<p class=\"std-elt__inline\">\n        <strong>\u00c0 lire aussi :<\/strong><br \/>\n        <a href=\"\/2026\/04\/27\/stade-toulousain-clermont-pas-la-plus-belle-victoire-christophe-urios-se-souvient-de-ses-differents-succes-face-a-toulouse-apres-le-triomphe-surprise-13344963.php\">Stade Toulousain-Clermont\u00a0: &#8220;Pas la plus belle victoire\u00a0!&#8221; Christophe Urios se souvient de ses diff\u00e9rents succ\u00e8s face \u00e0 Toulouse apr\u00e8s le triomphe surprise de l\u2019ASM au Stadium<\/a>\n    <\/p>\n<p>Les joueurs qui seront off cette semaine \u2013 ils regarderont les demi-finales de Champions Cup \u00e0 la TV samedi et dimanche \u2013 auront le temps de ruminer. &#8220;On ne va pas trop palabrer, pas trop expliquer et comme on l\u2019a toujours fait ici, on va\u00a0laver ce qu\u2019on a \u00e0 laver entre nous et puis on va se pr\u00e9parer pour la prochaine \u00e9ch\u00e9ance.&#8221; La conclusion de Mola a le m\u00e9rite d\u2019\u00eatre claire. De toute fa\u00e7on, les joueurs n\u2019auront plus trop le loisir de retomber dans ce travers d\u2019ici la fin de la saison. Au risque de vivre une nouvelle d\u00e9convenue de taille au mois de juin.<\/p>\n<\/p><\/div>\n<p><a href=\"https:\/\/www.ladepeche.fr\/2026\/04\/27\/stade-toulousain-on-va-laver-ce-quon-a-a-laver-entre-nous-quelle-est-cette-faute-que-les-joueurs-ont-commise-trois-fois-cette-saison-13345943.php\">source<\/a><\/p>\n","protected":false},"excerpt":{"rendered":"<p>l&#8217;essentiel Le Stade Toulousain s\u2019est sabord\u00e9 face \u00e0 Clermont apr\u00e8s avoir men\u00e9 21-0. Et le plus inqui\u00e9tant c\u2019est que ce n\u2019est pas la premi\u00e8re fois que \u00e7a arrive cette saison. &#8220;On voulait que ce soit la f\u00eate et qu\u2019on assure notre qualification et finalement on a relanc\u00e9 le sprint final de ce championnat\u00a0!&#8221; Ugo Mola [&hellip;]<\/p>\n","protected":false},"author":1,"featured_media":129805,"comment_status":"open","ping_status":"open","sticky":false,"template":"","format":"standard","meta":{"_monsterinsights_skip_tracking":false,"_monsterinsights_sitenote_active":false,"_monsterinsights_sitenote_note":"","_monsterinsights_sitenote_category":0,"footnotes":""},"categories":[71],"tags":[],"coauthors":[77],"class_list":["post-129804","post","type-post","status-publish","format-standard","has-post-thumbnail","hentry","category-sport"],"aioseo_notices":[],"_links":{"self":[{"href":"https:\/\/pressactu.com\/index.php?rest_route=\/wp\/v2\/posts\/129804","targetHints":{"allow":["GET"]}}],"collection":[{"href":"https:\/\/pressactu.com\/index.php?rest_route=\/wp\/v2\/posts"}],"about":[{"href":"https:\/\/pressactu.com\/index.php?rest_route=\/wp\/v2\/types\/post"}],"author":[{"embeddable":true,"href":"https:\/\/pressactu.com\/index.php?rest_route=\/wp\/v2\/users\/1"}],"replies":[{"embeddable":true,"href":"https:\/\/pressactu.com\/index.php?rest_route=%2Fwp%2Fv2%2Fcomments&post=129804"}],"version-history":[{"count":0,"href":"https:\/\/pressactu.com\/index.php?rest_route=\/wp\/v2\/posts\/129804\/revisions"}],"wp:featuredmedia":[{"embeddable":true,"href":"https:\/\/pressactu.com\/index.php?rest_route=\/wp\/v2\/media\/129805"}],"wp:attachment":[{"href":"https:\/\/pressactu.com\/index.php?rest_route=%2Fwp%2Fv2%2Fmedia&parent=129804"}],"wp:term":[{"taxonomy":"category","embeddable":true,"href":"https:\/\/pressactu.com\/index.php?rest_route=%2Fwp%2Fv2%2Fcategories&post=129804"},{"taxonomy":"post_tag","embeddable":true,"href":"https:\/\/pressactu.com\/index.php?rest_route=%2Fwp%2Fv2%2Ftags&post=129804"},{"taxonomy":"author","embeddable":true,"href":"https:\/\/pressactu.com\/index.php?rest_route=%2Fwp%2Fv2%2Fcoauthors&post=129804"}],"curies":[{"name":"wp","href":"https:\/\/api.w.org\/{rel}","templated":true}]}}