{"id":129802,"date":"2026-04-27T15:56:25","date_gmt":"2026-04-27T15:56:25","guid":{"rendered":"https:\/\/pressactu.com\/?p=129802"},"modified":"2026-04-27T15:56:25","modified_gmt":"2026-04-27T15:56:25","slug":"ou-acheter-les-meilleures-fraises-a-toulouse-de-1-e-a-8-e-la-barquette-le-grand-ecart-sur-les-etals","status":"publish","type":"post","link":"https:\/\/pressactu.com\/?p=129802","title":{"rendered":"O\u00f9 acheter les meilleures fraises \u00e0 Toulouse\u00a0? De 1 \u20ac \u00e0 8 \u20ac la barquette, le grand \u00e9cart sur les \u00e9tals"},"content":{"rendered":"<p>\n                                                                    <span class=\"article-full__chapo-label hide-on-small-only\">l&#8217;essentiel<\/span><br \/>\n                                                                Gariguettes, mara des bois, cl\u00e9ry, rondes\u2026 La saison des fraises bat son plein \u00e0 Toulouse et les \u00e9tals d\u00e9bordent. Mais entre 1\u00a0\u20ac et 8\u00a0\u20ac la barquette, toutes ne se valent pas. Des march\u00e9s de quartier aux grandes surfaces, voici un tour des adresses toulousaines au meilleur rapport qualit\u00e9-prix.\n                            <\/p>\n<div rel=\"js-article-content\" data-state=\"fixed-height\" data-selection=\"disabled\">\n                                                                                                                            <!-- Pub DFP Position [outstream] --><\/p>\n<h2 class=\"txt-int\">Les meilleures au march\u00e9 des Carmes et \u00e0 la Dispute aux Oiseaux<\/h2>\n<p>\u00c0 l\u2019ext\u00e9rieur du\u00a0march\u00e9 des Carmes, la mara des bois de Chez Maylis s\u2019impose comme la meilleure fraise de Toulouse\u00a0: son rouge profond, sa sucrosit\u00e9 et son parfum sont incomparables pour un montant de\u00a05,90\u00a0\u20ac les 250\u00a0g. Un prix \u00e9lev\u00e9, certes, mais le primeur propose des gariguettes plus acidul\u00e9es et moins ch\u00e8res \u00e0 4,90\u00a0\u20ac les 250\u00a0g, tandis que les cl\u00e9ry chiffrent\u00a0\u00e0 6,90\u00a0\u20ac les 500\u00a0g. Le marchand voisin\u00a0propose les\u00a0m\u00eames vari\u00e9t\u00e9s dans le\u00a0m\u00eame ordre de prix\u00a0: pr\u00e9f\u00e9rer les gariguettes \u00e0 4,90\u00a0\u20ac les 500\u00a0g, un meilleur format pour un d\u00e9lice gustatif prononc\u00e9.<\/p>\n<p><!-- Pub DFP Position [article] --><\/p>\n<div class=\"center-align\" rel=\"js-article-inline-img\" data-protec-aida=\"image\">\n<figure class=\"std-img\" data-src=\"https:\/\/images.ladepeche.fr\/api\/v1\/images\/view\/69e9c5c47e5cb5db53055282\/original\/image.jpg?v=1\">\n        <img decoding=\"async\" class=\"std-img__img responsive-img\" src=\"http:\/\/pressactu.com\/wp-content\/uploads\/2026\/04\/1777305379_799_image.jpg?v=1\" alt=\"Au march\u00e9 des Carmes, Chez D\u00e9d\u00e9 et Christel, on trouve de d\u00e9licieuses gariguettes \u00e0 4,90\u00a0\u20ac la barquette de 250\u00a0g.\"\/><figcaption class=\"article-full__media-infos\">\n                <span class=\"article-full__media-legend\">Au march\u00e9 des Carmes, Chez D\u00e9d\u00e9 et Christel, on trouve de d\u00e9licieuses gariguettes \u00e0 4,90\u00a0\u20ac la barquette de 250\u00a0g.<\/span><br \/>\n                                    <span class=\"article-full__media-author\">DDM<\/span><br \/>\n                            <\/figcaption><\/figure>\n<\/div>\n<p class=\"std-elt__inline\">\n        <strong>\u00c0 lire aussi :<\/strong><br \/>\n        <a href=\"\/2026\/04\/22\/25-ans-de-carriere-brises-pour-250-euros-la-caissiere-de-supermarche-licenciee-apres-avoir-facture-son-propre-gouter-a-des-clients-13338199.php\">25 ans de carri\u00e8re bris\u00e9s pour 2,50\u00a0euros\u00a0: la caissi\u00e8re de supermarch\u00e9 licenci\u00e9e apr\u00e8s avoir factur\u00e9 son propre go\u00fbter \u00e0 des clients<\/a>\n    <\/p>\n<p>Chez D\u00e9d\u00e9 et Christel, au sein du march\u00e9 couvert des Carmes, les gariguettes de cat\u00e9gorie 2, l\u00e9g\u00e8rement acidul\u00e9es mais tr\u00e8s sucr\u00e9es, valent 4,90\u00a0\u20ac les 250\u00a0g. &#8220;Les barquettes de producteurs sont plus lourdes que celles des grossistes&#8221;, rappelle un vendeur\u00a0de cet exploitant producteur. Sur les all\u00e9es Charles de Fitte, la Dispute aux Oiseaux, un magasin bio proposant des produits locaux, compl\u00e8te le podium. Les fraises bio du <a href=\"https:\/\/www.ladepeche.fr\/2026\/02\/15\/routes-coupees-et-cultures-immergees-une-famille-dagriculteurs-face-a-la-montee-des-eaux-13225675.php\" target=\"_self\">Jardin de Montalban<\/a>, produites par la famille Guilhard, sont tendres, sucr\u00e9es et d\u00e9licieuses \u00e0 5,50\u00a0\u20ac les 250\u00a0g. Celles de la famille Combet, du Tarn, en conversion bio, s\u2019affichent \u00e0 8\u00a0\u20ac les 500\u00a0g, le prix le plus \u00e9lev\u00e9 du comparatif.<\/p>\n<p>\u00c0 la boutique C\u00f4t\u00e9 Jardin Filatiers, face au march\u00e9 des Carmes, les cl\u00e9ry cultiv\u00e9es sans engrais ne sont pas trait\u00e9es. Elles sont \u00e0 3,90\u00a0\u20ac les 250\u00a0g. La barquette de gariguettes de 250\u00a0g est \u00e0 4,90\u00a0\u20ac. &#8220;Le rapport qualit\u00e9-prix, c\u2019est ici que vous l\u2019aurez, pas en grandes surfaces&#8221;, assure le vendeur.<\/p>\n<h2 class=\"txt-int\">March\u00e9s\u00a0: des \u00e9carts selon les \u00e9tals<\/h2>\n<p>Au march\u00e9 Saint-Cyprien, les prix s\u2019\u00e9chelonnent de 4\u00a0\u20ac \u00e0 6,90\u00a0\u20ac la barquette selon les marchands. Devant l\u2019entr\u00e9e int\u00e9rieure c\u00f4t\u00e9 all\u00e9es Charles de Fitte, les gariguettes sont \u00e0 4\u00a0\u20ac, bien m\u00fbres, l\u00e9g\u00e8rement acides et faciles \u00e0 manger. Sur le c\u00f4t\u00e9, un vendeur propose des gariguettes \u00e0 4,90\u00a0\u20ac, les meilleures de cette vari\u00e9t\u00e9 \u00e0 Toulouse, go\u00fbtues et consistantes.<\/p>\n<p>Au march\u00e9 Victor Hugo, compter\u00a04,95\u00a0\u20ac les 250\u00a0g pour des grosses gariguettes cultiv\u00e9es en pleine terre de cat\u00e9gorie 1\u00a0; 5,90\u00a0\u20ac les 200\u00a0g pour les discr\u00e8tes en go\u00fbt et petites\u00a0fraises\u00a0mara des bois, et jusqu\u2019\u00e0 6,90\u00a0\u20ac les 500\u00a0g de cl\u00e9ry.<\/p>\n<p class=\"std-elt__inline\">\n        <strong>\u00c0 lire aussi :<\/strong><br \/>\n        <a href=\"\/2026\/04\/13\/il-empeche-un-voleur-de-derober-des-lapins-en-chocolat-dans-un-supermarche-le-salarie-licencie-apres-17-annees-passees-dans-lentreprise-13323783.php\">Il emp\u00eache un voleur de d\u00e9rober des lapins en chocolat dans un supermarch\u00e9, le salari\u00e9 licenci\u00e9 apr\u00e8s 17 ann\u00e9es pass\u00e9es dans l\u2019entreprise<\/a>\n    <\/p>\n<p>Au march\u00e9 Cristal, sur les boulevards, les prix varient entre\u00a01\u00a0\u20ac \u00e0 6\u00a0\u20ac la barquette\u00a0: de la toute\u00a0petite fraise cat\u00e9gorie 2 \u00e0 1\u00a0\u20ac les 250\u00a0g, aux gariguettes d\u2019Agen livr\u00e9es le matin m\u00eame \u00e0 3\u00a0\u20ac au m\u00eame poids, en passant par une cl\u00e9ry cultiv\u00e9e en pleine terre de <a href=\"https:\/\/www.ladepeche.fr\/2026\/04\/22\/les-eleveurs-font-le-bilan-de-lannee-13337443.php\" target=\"_self\">Moissac<\/a> (Tarn-et-Garonne) \u00e0 5,80\u00a0\u20ac les 500\u00a0g de cat\u00e9gorie 1. La diff\u00e9rence entre cat\u00e9gories 1 et 2 tient surtout \u00e0 l\u2019esth\u00e9tique, pas au go\u00fbt.<\/p>\n<div class=\"center-align\" rel=\"js-article-inline-img\" data-protec-aida=\"image\">\n<figure class=\"std-img\" data-src=\"https:\/\/images.ladepeche.fr\/api\/v1\/images\/view\/69e9c5b2f6f8743d7e0f5873\/original\/image.jpg?v=1\">\n        <img decoding=\"async\" class=\"std-img__img responsive-img\" src=\"http:\/\/pressactu.com\/wp-content\/uploads\/2026\/04\/1777305382_799_image.jpg?v=1\" alt=\"\u00c0 Toulouse, selon la vari\u00e9t\u00e9, la cat\u00e9gorie, le poids, une barquette de fraises co\u00fbte entre 1 et 8\u00a0\u20ac.\"\/><figcaption class=\"article-full__media-infos\">\n                <span class=\"article-full__media-legend\">\u00c0 Toulouse, selon la vari\u00e9t\u00e9, la cat\u00e9gorie, le poids, une barquette de fraises co\u00fbte entre 1 et 8\u00a0\u20ac.<\/span><br \/>\n                                    <span class=\"article-full__media-author\">DDM &#8211; Xavier de Fenoyl<\/span><br \/>\n                            <\/figcaption><\/figure>\n<\/div>\n<h2 class=\"txt-int\">Du bio aux grandes surfaces\u00a0: pratique mais qualit\u00e9 r\u00e9duite<\/h2>\n<p>La Biocoop Jean-Jaur\u00e8s propose des fraises rondes du Jardin des F\u00e9d\u00e9s (Tarn-et-Garonne), bien rouges, cat\u00e9gorie 2, \u00e0 5,25\u00a0\u20ac les 250\u00a0g \u2014 soit 21\u00a0\u20ac le kilo. Un tarif \u00e9lev\u00e9, justifi\u00e9 entre autres par le label bio.<\/p>\n<p>Les grandes surfaces, quant \u00e0 elles, font mine blanche. Au Monoprix Alsace-Lorraine, gariguettes et ciflorettes fran\u00e7aises de cat\u00e9gorie 1 sont \u00e0 3,49\u00a0\u20ac les 250\u00a0g. Elles sont visuellement tr\u00e8s claires, signe d\u2019une\u00a0cueillette pr\u00e9matur\u00e9e. \u00c0 l\u2019Intermarch\u00e9 Saint-Cyprien, la gariguette 500\u00a0g cat\u00e9gorie 1 est \u00e0 3,99\u00a0\u20ac.<\/p>\n<p>Chez Lidl, rue de Bayard, les fraises premium fran\u00e7aises affichent 4,99\u00a0\u20ac les 250\u00a0g pour un rouge plus convaincant\u00a0; les fraises d\u2019Espagne, vous en aurez pour 4,99\u00a0\u20ac le kilo, parmi les moins ch\u00e8res \u00e0 Toulouse, en raison notamment de leur provenance.<\/p>\n<p>Chez\u00a0Intermarch\u00e9 Jean-Jaur\u00e8s, le Label rouge terroirs gariguettes du Lot-et-Garonne est \u00e0 5,49\u00a0\u20ac les 250\u00a0g mais leur couleur manque d\u2019intensit\u00e9. Les autres vari\u00e9t\u00e9s s\u2019y \u00e9l\u00e8vent entre 3,99 les 250\u00a0g (gariguettes trait\u00e9es) et 6,49\u00a0\u20ac les 500\u00a0g de chez Marianne, dans une belle bo\u00eete en bois agr\u00e9ment\u00e9e de fraises rondes claires.<\/p>\n<\/p><\/div>\n<p><a href=\"https:\/\/www.ladepeche.fr\/2026\/04\/27\/ou-acheter-les-meilleures-fraises-a-toulouse-de-1-eur-a-8-eur-la-barquette-le-grand-ecart-sur-les-etals-13335290.php\">source<\/a><\/p>\n","protected":false},"excerpt":{"rendered":"<p>l&#8217;essentiel Gariguettes, mara des bois, cl\u00e9ry, rondes\u2026 La saison des fraises bat son plein \u00e0 Toulouse et les \u00e9tals d\u00e9bordent. Mais entre 1\u00a0\u20ac et 8\u00a0\u20ac la barquette, toutes ne se valent pas. Des march\u00e9s de quartier aux grandes surfaces, voici un tour des adresses toulousaines au meilleur rapport qualit\u00e9-prix. Les meilleures au march\u00e9 des Carmes [&hellip;]<\/p>\n","protected":false},"author":1,"featured_media":129803,"comment_status":"open","ping_status":"open","sticky":false,"template":"","format":"standard","meta":{"_monsterinsights_skip_tracking":false,"_monsterinsights_sitenote_active":false,"_monsterinsights_sitenote_note":"","_monsterinsights_sitenote_category":0,"footnotes":""},"categories":[74],"tags":[],"coauthors":[77],"class_list":["post-129802","post","type-post","status-publish","format-standard","has-post-thumbnail","hentry","category-economie"],"aioseo_notices":[],"_links":{"self":[{"href":"https:\/\/pressactu.com\/index.php?rest_route=\/wp\/v2\/posts\/129802","targetHints":{"allow":["GET"]}}],"collection":[{"href":"https:\/\/pressactu.com\/index.php?rest_route=\/wp\/v2\/posts"}],"about":[{"href":"https:\/\/pressactu.com\/index.php?rest_route=\/wp\/v2\/types\/post"}],"author":[{"embeddable":true,"href":"https:\/\/pressactu.com\/index.php?rest_route=\/wp\/v2\/users\/1"}],"replies":[{"embeddable":true,"href":"https:\/\/pressactu.com\/index.php?rest_route=%2Fwp%2Fv2%2Fcomments&post=129802"}],"version-history":[{"count":0,"href":"https:\/\/pressactu.com\/index.php?rest_route=\/wp\/v2\/posts\/129802\/revisions"}],"wp:featuredmedia":[{"embeddable":true,"href":"https:\/\/pressactu.com\/index.php?rest_route=\/wp\/v2\/media\/129803"}],"wp:attachment":[{"href":"https:\/\/pressactu.com\/index.php?rest_route=%2Fwp%2Fv2%2Fmedia&parent=129802"}],"wp:term":[{"taxonomy":"category","embeddable":true,"href":"https:\/\/pressactu.com\/index.php?rest_route=%2Fwp%2Fv2%2Fcategories&post=129802"},{"taxonomy":"post_tag","embeddable":true,"href":"https:\/\/pressactu.com\/index.php?rest_route=%2Fwp%2Fv2%2Ftags&post=129802"},{"taxonomy":"author","embeddable":true,"href":"https:\/\/pressactu.com\/index.php?rest_route=%2Fwp%2Fv2%2Fcoauthors&post=129802"}],"curies":[{"name":"wp","href":"https:\/\/api.w.org\/{rel}","templated":true}]}}