{"id":129794,"date":"2026-04-27T14:14:29","date_gmt":"2026-04-27T14:14:29","guid":{"rendered":"https:\/\/pressactu.com\/?p=129794"},"modified":"2026-04-27T14:14:29","modified_gmt":"2026-04-27T14:14:29","slug":"le-plein-a-coute-160-euros-sur-le-marche-les-prix-a-la-pompe-font-du-mal-aux-producteurs-et-aux-chineurs","status":"publish","type":"post","link":"https:\/\/pressactu.com\/?p=129794","title":{"rendered":"&quot;Le plein a co\u00fbt\u00e9 160\u00a0euros&quot;\u00a0: sur le march\u00e9, les prix \u00e0 la pompe font du mal aux producteurs et aux chineurs"},"content":{"rendered":"<p>\n                                                                    <span class=\"article-full__chapo-label hide-on-small-only\">l&#8217;essentiel<\/span><br \/>\n                                                                Les prix \u00e0 la pompe impactent directement les marchands install\u00e9s le vendredi au march\u00e9 de Foix. Certains doivent remettre en question leur pr\u00e9sence sur certaines villes, les ventes n\u2019\u00e9tant parfois pas rentables par rapport au co\u00fbt du trajet.\n                            <\/p>\n<div rel=\"js-article-content\" data-state=\"fixed-height\" data-selection=\"disabled\">\n                                                                                                                            <!-- Pub DFP Position [outstream] --><\/p>\n<p>Entre Marseillan et Foix, il y a 250 kilom\u00e8tres. Cette route, Basile la fait tous les vendredis. La soci\u00e9t\u00e9 d\u2019ostr\u00e9iculture qu\u2019il fait vivre avec\u00a0son p\u00e8re propose depuis maintenant 30 ans ses hu\u00eetres aux Fux\u00e9ens. Mais depuis un mois, le d\u00e9placement traditionnel a pris une autre saveur. &#8220;Le plein a co\u00fbt\u00e9 160\u00a0euros&#8221;, glisse am\u00e8rement le marchand. Hors de question d\u2019imaginer ne pas venir, le public ari\u00e9geois\u00a0est conquis et attend chaque semaine la venue de leurs producteurs. &#8220;On ne r\u00e9percute pas sur les prix, d\u00e9j\u00e0 que c\u2019est compliqu\u00e9 pour les gens, mais si \u00e7a dure, \u00e7a va finir pas se faire ressentir&#8221;, craint Basile, couvert du ciel bleu par\u00a0la Halle aux grains.<\/p>\n<p><!-- Pub DFP Position [article] --><\/p>\n<p>C\u2019est une \u00e9vidence, les prix \u00e0 la pompe impactent n\u00e9gativement les producteurs derri\u00e8re les stands du march\u00e9 local. En plein milieu du bain de parfums culinaires, Guillaume partage le constat, et tient lui aussi ses prix. &#8220;Si \u00e7a devait durer jusqu\u2019\u00e0 septembre, il faudra faire r\u00e9percuter sur les prix&#8221;, pense l\u2019\u00e9leveur bovin.<\/p>\n<p><iframe width=\"600\" height=\"450\" style=\"border:0;\" allowfullscreen=\"\" loading=\"lazy\" referrerpolicy=\"no-referrer-when-downgrade\" data-src=\"https:\/\/www.google.com\/maps\/embed?pb=!1m18!1m12!1m3!1d46953.46898754621!2d1.567667519087684!3d42.97012773145225!2m3!1f0!2f0!3f0!3m2!1i1024!2i768!4f13.1!3m3!1m2!1s0x12af10d80e92f7d1%3A0x406f69c2f435c30!2s09000%20Foix!5e1!3m2!1sfr!2sfr!4v1777216500121!5m2!1sfr!2sfr\"><\/iframe><\/p>\n<h2 class=\"txt-int\">Des producteurs venus de loin<\/h2>\n<p>Armand fait lui le trajet depuis\u00a0Toulouse. Quatre-vingt-dix kilom\u00e8tres \u00e0 encaisser comme on avale une couleuvre. &#8220;Je fais aussi Saint-Girons, Esp\u00e9raza. Je suis oblig\u00e9 de venir, mais le diesel a \u00e9norm\u00e9ment augment\u00e9&#8221;, d\u00e9plore-t-il. Il ne le sent pas que sur le compte bancaire, mais aussi sur l\u2019afflux de clients sous la halle. &#8220;L\u2019ann\u00e9e derni\u00e8re, \u00e0 P\u00e2ques, j\u2019avais eu beaucoup de monde. Cette ann\u00e9e, j\u2019ai l\u2019impression qu\u2019ils avaient moins l\u2019argent pour faire le trajet&#8221;, croit le traiteur.<\/p>\n<p>De l\u2019autre c\u00f4t\u00e9 du Cours Gabriel Faur\u00e9, la seconde partie du march\u00e9 souffre \u00e9galement, et peut-\u00eatre un peu plus, des cons\u00e9quences de la hausse des prix des carburants. C\u2019est l\u2019espace des chineurs, et des artisans sp\u00e9cialis\u00e9s dans un autre cadre que celui de l\u2019alimentation.<\/p>\n<p class=\"std-elt__inline\">\n        <strong>\u00c0 lire aussi :<\/strong><br \/>\n        <a href=\"\/2026\/04\/23\/carburants-les-aides-de-letat-saluees-mais-la-crainte-dune-usine-a-gaz-13338803.php\">Carburants\u00a0: les aides de l\u2019\u00c9tat salu\u00e9es mais la crainte d\u2019une usine \u00e0 gaz<\/a>\n    <\/p>\n<p class=\"std-elt__inline\">\n        <strong>\u00c0 lire aussi :<\/strong><br \/>\n        <a href=\"\/2026\/04\/26\/hausse-du-prix-du-carburant-les-yeux-rives-sur-la-jauge-les-gersois-adaptent-leurs-deplacements-13339775.php\">Hausse du prix du carburant\u00a0: les yeux riv\u00e9s sur la jauge, les Gersois adaptent leurs d\u00e9placements<\/a>\n    <\/p>\n<p>\u00a0<\/p>\n<h2 class=\"txt-int\">&#8220;Quand il pleut, je ne viens pas&#8221;<\/h2>\n<p>Derri\u00e8re ses bacs de vinyles, Franck Derriennic voudrait bien voir la jauge du niveau de carburant baisser moins vite. Le commer\u00e7ant install\u00e9 rue Labistour \u00e0 Foix a d\u00e9marr\u00e9 son activit\u00e9 de disquaire avec les march\u00e9s, \u00e0 Saint-Girons ou encore Esp\u00e9raza. &#8220;J\u2019en fais des kilom\u00e8tres, alors forc\u00e9ment, quand je passe \u00e0 la pompe, je le sens&#8221;, confirme le propri\u00e9taire du &#8220;Gibus&#8221;. Son succ\u00e8s aupr\u00e8s des march\u00e9s lui permet de passer cette \u00e9preuve qui dure depuis plusieurs semaines. &#8220;J\u2019arrive \u00e0 tirer mon \u00e9pingle du jeu&#8221;, constate-t-il.<\/p>\n<p>\u00c0 quelques stands de lui, un vendeur de livres choisit de r\u00e9fl\u00e9chir avant de d\u00e9cider de venir sur un march\u00e9. &#8220;Surtout celui de Foix, o\u00f9 il n\u2019y a pas beaucoup de personnes. Quand il pleut, je ne viens pas&#8221;, explique-t-il. Pour Anne-Sophie, c\u2019est une grande premi\u00e8re. La fleuriste pose ses bouquets pour la premi\u00e8re fois \u00e0 Foix. &#8220;On est producteurs, donc on n\u2019a pas le temps de faire beaucoup de march\u00e9s, alors je r\u00e9fl\u00e9chis bien avant de venir&#8221;, indique l\u2019Audoise. Parmi tous les marchands, aucun ne pr\u00e9voit d\u2019augmenter ses prix, pr\u00e9f\u00e9rant absorber pour le moment. &#8220;Du moins pour l\u2019instant&#8221;, pr\u00e9cise l\u2019un d\u2019eux.<\/p>\n<\/p><\/div>\n<p><a href=\"https:\/\/www.ladepeche.fr\/2026\/04\/27\/le-plein-a-coute-160-euros-sur-le-marche-les-prix-a-la-pompe-font-du-mal-aux-producteurs-et-aux-chineurs-13341635.php\">source<\/a><\/p>\n","protected":false},"excerpt":{"rendered":"<p>l&#8217;essentiel Les prix \u00e0 la pompe impactent directement les marchands install\u00e9s le vendredi au march\u00e9 de Foix. Certains doivent remettre en question leur pr\u00e9sence sur certaines villes, les ventes n\u2019\u00e9tant parfois pas rentables par rapport au co\u00fbt du trajet. Entre Marseillan et Foix, il y a 250 kilom\u00e8tres. Cette route, Basile la fait tous les [&hellip;]<\/p>\n","protected":false},"author":1,"featured_media":129795,"comment_status":"open","ping_status":"open","sticky":false,"template":"","format":"standard","meta":{"_monsterinsights_skip_tracking":false,"_monsterinsights_sitenote_active":false,"_monsterinsights_sitenote_note":"","_monsterinsights_sitenote_category":0,"footnotes":""},"categories":[74],"tags":[],"coauthors":[77],"class_list":["post-129794","post","type-post","status-publish","format-standard","has-post-thumbnail","hentry","category-economie"],"aioseo_notices":[],"_links":{"self":[{"href":"https:\/\/pressactu.com\/index.php?rest_route=\/wp\/v2\/posts\/129794","targetHints":{"allow":["GET"]}}],"collection":[{"href":"https:\/\/pressactu.com\/index.php?rest_route=\/wp\/v2\/posts"}],"about":[{"href":"https:\/\/pressactu.com\/index.php?rest_route=\/wp\/v2\/types\/post"}],"author":[{"embeddable":true,"href":"https:\/\/pressactu.com\/index.php?rest_route=\/wp\/v2\/users\/1"}],"replies":[{"embeddable":true,"href":"https:\/\/pressactu.com\/index.php?rest_route=%2Fwp%2Fv2%2Fcomments&post=129794"}],"version-history":[{"count":0,"href":"https:\/\/pressactu.com\/index.php?rest_route=\/wp\/v2\/posts\/129794\/revisions"}],"wp:featuredmedia":[{"embeddable":true,"href":"https:\/\/pressactu.com\/index.php?rest_route=\/wp\/v2\/media\/129795"}],"wp:attachment":[{"href":"https:\/\/pressactu.com\/index.php?rest_route=%2Fwp%2Fv2%2Fmedia&parent=129794"}],"wp:term":[{"taxonomy":"category","embeddable":true,"href":"https:\/\/pressactu.com\/index.php?rest_route=%2Fwp%2Fv2%2Fcategories&post=129794"},{"taxonomy":"post_tag","embeddable":true,"href":"https:\/\/pressactu.com\/index.php?rest_route=%2Fwp%2Fv2%2Ftags&post=129794"},{"taxonomy":"author","embeddable":true,"href":"https:\/\/pressactu.com\/index.php?rest_route=%2Fwp%2Fv2%2Fcoauthors&post=129794"}],"curies":[{"name":"wp","href":"https:\/\/api.w.org\/{rel}","templated":true}]}}