{"id":129787,"date":"2026-04-27T12:34:26","date_gmt":"2026-04-27T12:34:26","guid":{"rendered":"https:\/\/pressactu.com\/?p=129787"},"modified":"2026-04-27T12:34:26","modified_gmt":"2026-04-27T12:34:26","slug":"on-a-cree-ce-quon-ne-trouvait-pas-pres-de-toulouse-cette-pme-habille-clim-et-pompes-a-chaleur-exterieures-avec-des-croix-occitanes-ou-de-la-brique-rose","status":"publish","type":"post","link":"https:\/\/pressactu.com\/?p=129787","title":{"rendered":"&quot;On a cr\u00e9\u00e9 ce qu\u2019on ne trouvait pas&quot; : pr\u00e8s de Toulouse, cette PME habille clim\u2019 et pompes \u00e0 chaleur ext\u00e9rieures avec des croix occitanes ou de la brique rose"},"content":{"rendered":"<p>\n                                                                    <span class=\"article-full__chapo-label hide-on-small-only\">l&#8217;essentiel<\/span><br \/>\n                                                                Dans la zone artisanale de Balma, l\u2019atelier d\u2019Usipanel tourne \u00e0 plein r\u00e9gime. Face aux nouvelles exigences des copropri\u00e9t\u00e9s toulousaines, ces cinq salari\u00e9s transforment radicalement les fa\u00e7ades du quartier en camouflant un d\u00e9tail technique que tout le monde cherche \u00e0 cacher.\n                            <\/p>\n<div rel=\"js-article-content\" data-state=\"fixed-height\" data-selection=\"disabled\">\n                                                                                                                            <!-- Pub DFP Position [outstream] --><\/p>\n<p>Bas\u00e9e \u00e0 Balma, pr\u00e8s de Toulouse, l\u2019entreprise \u00a0myCover&#8217;Up, et sa soci\u00e9t\u00e9 m\u00e8re, Usipanel s\u2019est sp\u00e9cialis\u00e9e dans les caches pour climatisation.\u00a0Son ambition\u00a0: transformer des \u00e9quipements techniques souvent jug\u00e9s inesth\u00e9tiques en \u00e9l\u00e9ments int\u00e9gr\u00e9s \u00e0 leur environnement.\u00a0\u00c0 l\u2019origine du projet, un besoin concret. &#8220;En cherchant \u00e0 habiller l\u2019unit\u00e9 ext\u00e9rieure d\u2019une pompe \u00e0 chaleur dans une maison de famille, on s\u2019est rendu compte qu\u2019il n\u2019existait rien de vraiment adapt\u00e9&#8221;, explique Erwan Floury, l\u2019un des cinq salari\u00e9s de l\u2019entreprise.<\/p>\n<p><!-- Pub DFP Position [article] --><\/p>\n<p>Face \u00e0 des produits standards jug\u00e9s peu qualitatifs, l\u2019\u00e9quipe imagine alors <a href=\"https:\/\/mycover-up.fr\/\" target=\"_self\">myCover\u2019Up<\/a>, un syst\u00e8me personnalisable, permettant aux clients de configurer leur cache selon leurs besoins, \u00e0 la mani\u00e8re d\u2019un configurateur automobile.<\/p>\n<p>Aujourd\u2019hui, myCover\u2019Up propose des caches sur mesure, con\u00e7us pour prot\u00e9ger les installations des intemp\u00e9ries, des UV et des chocs, tout en am\u00e9liorant leur int\u00e9gration visuelle. Pour se d\u00e9marquer, l\u2019entreprise a r\u00e9cemment lanc\u00e9 une gamme de motifs r\u00e9gionaux. Parmi eux, trois mod\u00e8les embl\u00e9matiques\u00a0: le basque, le breton et surtout l\u2019occitan, qui met \u00e0 l\u2019honneur la croix occitane et la brique toulousaine.<\/p>\n<p>&#8220;Ces mod\u00e8les rencontrent un vrai succ\u00e8s. Ils permettent d\u2019afficher une identit\u00e9 locale tout en restant esth\u00e9tiques&#8221;, souligne Erwan. Une mani\u00e8re originale d\u2019ancrer ces \u00e9quipements dans leur territoire, en faisant \u00e9cho au patrimoine r\u00e9gional.<\/p>\n<h2 class=\"txt-int\">Une fabrication 100\u00a0% locale<\/h2>\n<p>Tous les produits sont con\u00e7us et fabriqu\u00e9s dans l\u2019atelier de Balma.\u00a0Lanc\u00e9e en 2021, l\u2019activit\u00e9 conna\u00eet depuis une croissance continue. L\u2019entreprise enregistre aujourd\u2019hui entre 2\u00a0000\u00a0et 3\u00a0000 commandes par an, avec une progression attendue au-del\u00e0 des 3\u00a0000 cette ann\u00e9e.<\/p>\n<p>Si la demande progresse, c\u2019est aussi parce que les contraintes r\u00e9glementaires \u00e9voluent. De plus en plus de copropri\u00e9t\u00e9s et de services d\u2019urbanisme imposent d\u00e9sormais de dissimuler les unit\u00e9s ext\u00e9rieures. Un contexte favorable pour myCover\u2019Up, dont les produits r\u00e9pondent \u00e0 ces nouvelles exigences.<\/p>\n<p class=\"std-elt__inline\">\n        <strong>\u00c0 lire aussi :<\/strong><br \/>\n        <a href=\"\/2026\/04\/15\/toulouse-un-week-end-riche-pour-les-chineurs-entre-brocante-geante-et-marches-de-createurs-13326416.php\">Toulouse\u00a0: un week-end riche pour les chineurs entre brocante g\u00e9ante et march\u00e9s de cr\u00e9ateurs<\/a>\n    <\/p>\n<p>Propos\u00e9s \u00e0 un prix moyen inf\u00e9rieur \u00e0 300\u00a0euros, les caches se positionnent comme une solution accessible pour un produit sur mesure, durable et fabriqu\u00e9 en France.<\/p>\n<div class=\"center-align\" rel=\"js-article-inline-img\" data-protec-aida=\"image\">\n<figure class=\"std-img\" data-src=\"https:\/\/images.ladepeche.fr\/api\/v1\/images\/view\/69dfc0a932ce1d1600028e67\/original\/image.jpg?v=1\">\n        <img decoding=\"async\" class=\"std-img__img responsive-img\" src=\"http:\/\/pressactu.com\/wp-content\/uploads\/2026\/04\/1777293266_538_image.jpg?v=1\" alt=\"Fran\u00e7ois et Pierre Chantriaux, les fondateurs de l\u2019entreprise.\"\/><figcaption class=\"article-full__media-infos\">\n                <span class=\"article-full__media-legend\">Fran\u00e7ois et Pierre Chantriaux, les fondateurs de l\u2019entreprise.<\/span><br \/>\n                                    <span class=\"article-full__media-author\">Usipanel.<\/span><br \/>\n                            <\/figcaption><\/figure>\n<\/div>\n<p>L\u2019entreprise ne compte pas s\u2019arr\u00eater l\u00e0. Un nouveau site internet, actuellement en pr\u00e9paration, permettra d\u2019\u00e9largir les possibilit\u00e9s de personnalisation, notamment pour des mod\u00e8les de grandes dimensions. Des solutions adapt\u00e9es aux installations plus complexes, comme les unit\u00e9s multiples ou les pompes \u00e0 chaleur de piscine, sont \u00e9galement en cours de d\u00e9veloppement.<\/p>\n<\/p><\/div>\n<p><a href=\"https:\/\/www.ladepeche.fr\/2026\/04\/27\/on-a-cree-ce-quon-ne-trouvait-pas-pres-de-toulouse-cette-pme-habille-clim-et-pompes-a-chaleur-exterieures-avec-des-croix-occitanes-ou-de-la-brique-13327404.php\">source<\/a><\/p>\n","protected":false},"excerpt":{"rendered":"<p>l&#8217;essentiel Dans la zone artisanale de Balma, l\u2019atelier d\u2019Usipanel tourne \u00e0 plein r\u00e9gime. Face aux nouvelles exigences des copropri\u00e9t\u00e9s toulousaines, ces cinq salari\u00e9s transforment radicalement les fa\u00e7ades du quartier en camouflant un d\u00e9tail technique que tout le monde cherche \u00e0 cacher. Bas\u00e9e \u00e0 Balma, pr\u00e8s de Toulouse, l\u2019entreprise \u00a0myCover&#8217;Up, et sa soci\u00e9t\u00e9 m\u00e8re, Usipanel s\u2019est [&hellip;]<\/p>\n","protected":false},"author":1,"featured_media":129788,"comment_status":"open","ping_status":"open","sticky":false,"template":"","format":"standard","meta":{"_monsterinsights_skip_tracking":false,"_monsterinsights_sitenote_active":false,"_monsterinsights_sitenote_note":"","_monsterinsights_sitenote_category":0,"footnotes":""},"categories":[74],"tags":[],"coauthors":[77],"class_list":["post-129787","post","type-post","status-publish","format-standard","has-post-thumbnail","hentry","category-economie"],"aioseo_notices":[],"_links":{"self":[{"href":"https:\/\/pressactu.com\/index.php?rest_route=\/wp\/v2\/posts\/129787","targetHints":{"allow":["GET"]}}],"collection":[{"href":"https:\/\/pressactu.com\/index.php?rest_route=\/wp\/v2\/posts"}],"about":[{"href":"https:\/\/pressactu.com\/index.php?rest_route=\/wp\/v2\/types\/post"}],"author":[{"embeddable":true,"href":"https:\/\/pressactu.com\/index.php?rest_route=\/wp\/v2\/users\/1"}],"replies":[{"embeddable":true,"href":"https:\/\/pressactu.com\/index.php?rest_route=%2Fwp%2Fv2%2Fcomments&post=129787"}],"version-history":[{"count":0,"href":"https:\/\/pressactu.com\/index.php?rest_route=\/wp\/v2\/posts\/129787\/revisions"}],"wp:featuredmedia":[{"embeddable":true,"href":"https:\/\/pressactu.com\/index.php?rest_route=\/wp\/v2\/media\/129788"}],"wp:attachment":[{"href":"https:\/\/pressactu.com\/index.php?rest_route=%2Fwp%2Fv2%2Fmedia&parent=129787"}],"wp:term":[{"taxonomy":"category","embeddable":true,"href":"https:\/\/pressactu.com\/index.php?rest_route=%2Fwp%2Fv2%2Fcategories&post=129787"},{"taxonomy":"post_tag","embeddable":true,"href":"https:\/\/pressactu.com\/index.php?rest_route=%2Fwp%2Fv2%2Ftags&post=129787"},{"taxonomy":"author","embeddable":true,"href":"https:\/\/pressactu.com\/index.php?rest_route=%2Fwp%2Fv2%2Fcoauthors&post=129787"}],"curies":[{"name":"wp","href":"https:\/\/api.w.org\/{rel}","templated":true}]}}