{"id":129784,"date":"2026-04-27T12:06:09","date_gmt":"2026-04-27T12:06:09","guid":{"rendered":"https:\/\/pressactu.com\/?p=129784"},"modified":"2026-04-27T12:06:09","modified_gmt":"2026-04-27T12:06:09","slug":"au-mali-les-djihadistes-du-gsim-et-la-rebellion-touareg-attaquent-plusieurs-villes-le-ministre-de-la-defense-tue","status":"publish","type":"post","link":"https:\/\/pressactu.com\/?p=129784","title":{"rendered":"Au Mali, les djihadistes du GSIM et la r\u00e9bellion touareg attaquent plusieurs villes, le ministre de la D\u00e9fense tu\u00e9"},"content":{"rendered":"<div>\n<figure class=\"hook-media--standard \"> <picture class=\"hook-media_picture pb-8\"><source media=\"(max-width: 768px)\" srcset=\"https:\/\/focus.nouvelobs.com\/2026\/04\/26\/168\/0\/4032\/2688\/375\/250\/75\/0\/14392b6_upload-1-kbg4anb1ydey-sipa-ap23031026-000001.jpg 1x,https:\/\/focus.nouvelobs.com\/2026\/04\/26\/168\/0\/4032\/2688\/750\/500\/50\/0\/14392b6_upload-1-kbg4anb1ydey-sipa-ap23031026-000001.jpg 2x\" width=\"375\" height=\"250\"><img fetchpriority=\"high\" decoding=\"async\" class=\"mx-auto\" src=\"data:image\/svg+xml,%3Csvg%20xmlns%3D%27http%3A%2F%2Fwww.w3.org%2F2000%2Fsvg%27%20fill%3D%22%23e4e4e4%22%20viewBox%3D%270%200%20510%20340%27%20width%3D%22510%22%20height%3D%22340%22%3E%3Cpath%20d%3D%27M0%200h510v340H0z%27%2F%3E%3C%2Fsvg%3E\" srcset=\"https:\/\/focus.nouvelobs.com\/2026\/04\/26\/168\/0\/4032\/2688\/510\/340\/75\/0\/14392b6_upload-1-kbg4anb1ydey-sipa-ap23031026-000001.jpg 1x,https:\/\/focus.nouvelobs.com\/2026\/04\/26\/168\/0\/4032\/2688\/1020\/680\/50\/0\/14392b6_upload-1-kbg4anb1ydey-sipa-ap23031026-000001.jpg 2x\" loading=\"eager\" width=\"510\" height=\"340\" data-oncrawl-image-size=\"510x340\" alt=\"Une vue a\u00e9rienne de Bamako, capitale du Mali, le 25\u00a0avril 2026.\"\/>   <\/source><\/picture><figcaption class=\"hook-media_figcaption\">\n<p class=\"latino-100m text-grey-600\">  Une vue a\u00e9rienne de Bamako, capitale du Mali, le 25\u00a0avril 2026.\u00a0<span class=\"text-grey-600 ms-4\">AP\/SIPA<\/span>  <\/p>\n<\/figcaption><\/figure>\n<div class=\"article__share d-flex align-items-center py-24 border-bottom  mb-32\" style=\"--border-color:#D9D9D9;\">\n<div class=\"d-flex flex-wrap gap-16\">                                <button data-article-key=\"20260426.OBS114476\" aria-label=\"Lire\u00a0plus\u00a0tard\" data-section=\"Monde\" data-piano=\"Page_Article,Sous_date_publi,A_lire_plus_tard,1er_clic,action\" class=\"popover-trigger btn--tertiary btn--icon-only btn btn--small btn--secondary read-later\"> <i class=\"icon  icon-read-after\" aria-hidden=\"true\"\/>  <span class=\"latino-300r mt-2 \"> Lire\u00a0plus\u00a0tard <\/span>  <\/button>        <a aria-label=\"Nous suivre sur Google News\" href=\"https:\/\/news.google.com\/publications\/CAAqBwgKMJe4nQkw3dFs?hl=fr&amp;gl=FR&amp;ceid=FR%3Afr\" target=\"_blank\" data-piano=\"Page_Article,Sous_date_publi,Nous_suivre_sur_google_news,1er_clic,action\" class=\"btn btn--small btn--tertiary btn--icon-only\">    <svg class=\"icon icon--google  \" style=\"--fill:#56668A\">   <use href=\"\/bucket\/resources\/web\/img\/e86dad2a9be111d0faac.svg#google\"\/>  <\/svg>   <span class=\"latino-300r mt-2 \">Google Actualit\u00e9s<\/span>  <\/a>     <button id=\"share\" aria-label=\"Partager\" class=\"popover-trigger btn btn--small btn--tertiary btn--icon-only\" data-piano=\"Page_Article,Sous_date_publi,Partager,1er_clic,action\">    <svg class=\"icon icon--share-alt  \" style=\"--fill:var(--base-foreground-color,#171717)\">   <use href=\"\/bucket\/resources\/web\/img\/e86dad2a9be111d0faac.svg#share-alt\"\/>  <\/svg>  <span class=\"latino-300r mt-2\">Partager<\/span> <\/button> <\/p>\n<div id=\"popover-share\" data-url=\"https:\/\/www.nouvelobs.com\/monde\/20260426.OBS114476\/attaques-au-mali-bamako-et-d-autres-villes-ciblees-par-les-djihadistes-du-jnim-et-la-rebellion-touareg.html\" data-id=\"20260426.OBS114476\" data-popover-for=\"share\" class=\"popover p-32\" role=\"tooltip\" style=\"width: 375px\">\n<p>  <button onclick=\"setToFacebook();\" class=\"btn btn--large btn--secondary\" aria-label=\"Facebook\" piano-context-origin=\"Page_Article,Sous_date_publi,Partager,Facebook,action\">    <svg class=\"icon icon--facebook  \" style=\"--fill:var(--base-foreground-color,#171717)\">   <use href=\"\/bucket\/resources\/web\/img\/e86dad2a9be111d0faac.svg#facebook\"\/>  <\/svg>  <span class=\"latino-300r\">Facebook<\/span> <\/button> <button onclick=\"setToBsky();\" class=\"btn btn--large btn--secondary\" aria-label=\"Bluesky\" piano-context-origin=\"Page_Article,Sous_date_publi,Partager,Bluesky,action\">    <svg class=\"icon icon--bluesky  \" style=\"--fill:var(--base-foreground-color,#171717)\">   <use href=\"\/bucket\/resources\/web\/img\/e86dad2a9be111d0faac.svg#bluesky\"\/>  <\/svg>  <span class=\"latino-300r\">Bluesky<\/span> <\/button> <button id=\"mail-button\" onclick=\"setToMail(true)\" class=\"btn btn--large btn--secondary\" aria-label=\"Mail\" piano-context-origin=\"Page_Article,Sous_date_publi,Partager,Email,action\">    <svg class=\"icon icon--mail  \" style=\"--fill:var(--base-foreground-color,#171717)\">   <use href=\"\/bucket\/resources\/web\/img\/e86dad2a9be111d0faac.svg#mail\"\/>  <\/svg>  <span class=\"latino-300r\">E-mail<\/span> <\/button> <button onclick=\"setToClipboard();\" class=\"copy-button btn btn--large btn--secondary\" aria-label=\"copier le lien\" piano-context-origin=\"Page_Article,Sous_date_publi,Partager,Copier_lien,action\">    <svg class=\"icon icon--link  \" style=\"--fill:var(--base-foreground-color,#171717)\">   <use href=\"\/bucket\/resources\/web\/img\/e86dad2a9be111d0faac.svg#link\"\/>  <\/svg>  <span class=\"latino-300r\">Copier le lien<\/span> <\/button>  <\/p>\n<p> <button id=\"share-mail-submit\" type=\"submit\" form=\"mail-form\" onclick=\"__forecast.collectShareMail()\" class=\"latino-300r btn btn--large btn--black btn--fit\"> Envoyer <\/button> <\/p>\n<\/p><\/div>\n<p>                    <span data-urlencode=\"L2Fib25uZW1lbnQtYXZyaWwtMjAyNg==\" data-piano=\"Page_Article,Sous_date_publi,S_abonner_Printemps2026,1er_clic,action\" data-batch=\"clic_s_abonner\" class=\"btn btn--small btn--conversion-secondary\" style=\"--btn-color:#FFF;--btn-color-hover:#FFF;--btn-bg:#FC5F2B;--btn-bg-hover:#FC5F2B;--btn-bg-focus:#FC5F2B;--btn-border-color:#522DF7;\"> S\u2019abonner <\/span>       <\/div>\n<\/p><\/div>\n<p class=\"node__paragraphe antonia-750r text-grey-800 pb-24 pb-md-32\"> Les combats continuent ce dimanche 26\u00a0avril au Mali entre rebelles touareg, appuy\u00e9s par les djihadistes du Groupe de Soutien \u00e0 l\u2019Islam et aux Musulmans (GSIM, JNIM en arabe, affili\u00e9 \u00e0 Al-Qaida), et l\u2019arm\u00e9e, soutenue par <a href=\"https:\/\/www.nouvelobs.com\/monde\/20240924.OBS94006\/comment-la-russie-est-devenue-le-principal-pourvoyeur-de-la-desinformation-en-afrique.html\">des mercenaires russes<\/a>, \u00e0 Kidal (nord) et \u00e0 Kati, pr\u00e8s de la capitale Bamako, fief de <a href=\"https:\/\/www.nouvelobs.com\/monde\/20241102.OBS95787\/le-mali-dirige-par-les-militaires-adopte-une-loi-penalisant-l-homosexualite.html\">la junte qui dirige ce pays sah\u00e9lien<\/a>, au lendemain d\u2019attaques contre ses positions dans plusieurs localit\u00e9s. <\/p>\n<p class=\"node__paragraphe antonia-750r text-grey-800 pb-24 pb-md-32\"> Le secr\u00e9taire g\u00e9n\u00e9ral de l\u2019ONU, Antonio Guterres a d\u00e9nonc\u00e9 ces attaques et a appel\u00e9 \u00e0 une r\u00e9ponse <em>\u00ab\u00a0internationale coordonn\u00e9e\u00a0\u00bb<\/em>. Pour sa part, l\u2019Union africaine (UA) a soulign\u00e9 que les attaques <em>\u00ab\u00a0risquent d\u2019exposer les populations civiles \u00e0 des dangers importants\u00a0\u00bb<\/em>. Le Mali est en proie depuis plus d\u2019une d\u00e9cennie aux conflits et aux violences, mais depuis la prise du pouvoir en\u00a02020\u00a0par la junte, <a href=\"https:\/\/www.nouvelobs.com\/monde\/20251109.OBS109593\/au-mali-les-djihadistes-du-jnim-aux-portes-du-pouvoir-a-bamako.html\">ces attaques de la part des djihadistes<\/a> et de la r\u00e9bellion touareg du Front de Lib\u00e9ration de l\u2019Azawad (FLA) sont sans pr\u00e9c\u00e9dent. <\/p>\n<h2 class=\"node__heading latino-800m latino-lg-1400e text-grey-800 pb-8 pb-md-16\"> \u2022 Le ministre de la D\u00e9fense tu\u00e9 <\/h2>\n<p class=\"node__paragraphe antonia-750r text-grey-800 pb-24 pb-md-32\"> Dans un communiqu\u00e9 diffus\u00e9 samedi soir, le GSIM, <a href=\"https:\/\/www.nouvelobs.com\/teleobs\/20230528.OBS73879\/mali-la-guerre-perdue-contre-le-terrorisme-autopsie-d-un-massacre.html\">qui lutte depuis des ann\u00e9es contre les militaires<\/a> au pouvoir \u00e0 Bamako, proclame une <em>\u00ab\u00a0victoire\u00a0\u00bb<\/em>, estimant qu\u2019elle est le fruit <em>\u00ab\u00a0d\u2019un travail acharn\u00e9, d\u2019une coordination avec ses\u00a0partenaires\u00a0\u00bb<\/em> et <em>\u00ab\u00a0gr\u00e2ce \u00e0 la participation active de nos fr\u00e8res du Front de Lib\u00e9ration de l\u2019Azawad\u00a0\u00bb<\/em>. Il d\u00e9clare assumer <em>\u00ab\u00a0la responsabilit\u00e9\u00a0\u00bb<\/em> pour les assauts ayant vis\u00e9 samedi <em>\u00ab\u00a0le si\u00e8ge du pr\u00e9sident malien Assimi Go\u00efta, le si\u00e8ge du ministre malien de la D\u00e9fense Sadio Camara, l\u2019a\u00e9roport international\u00a0\u00bb<\/em> de Bamako et <em>\u00ab\u00a0les sites militaires dans la ville de Kati\u00a0\u00bb<\/em> voisine. <\/p>\n<p class=\"node__paragraphe antonia-750r text-grey-800 pb-24 pb-md-32\"> A Bamako, des militaires \u00e9taient post\u00e9s ce dimanche matin autour d\u2019une clinique o\u00f9, selon une source m\u00e9dicale et des t\u00e9moins, a \u00e9t\u00e9 admis la veille le ministre de la D\u00e9fense Sadio Camara, a constat\u00e9 un journaliste de l\u2019AFP. Selon des habitants, la r\u00e9sidence du ministre \u00e0 Kati, a \u00e9t\u00e9 en grande partie d\u00e9truite samedi par une forte explosion. <em>\u00ab\u00a0Dans l\u2019attaque de Kati, le ministre (Sadio) Camara a \u00e9t\u00e9 tu\u00e9 ainsi que sa seconde femme <\/em>[\u2026]<em>\u00a0\u00bb<\/em>, a dit \u00e0 l\u2019AFP un membre de sa famille. <em>\u00ab\u00a0Nous avons perdu un \u00eatre tr\u00e8s cher, le ministre de la D\u00e9fense. Il est tomb\u00e9 sur le champ d\u2019honneur\u00a0\u00bb<\/em>, a dit \u00e0 l\u2019AFP une source gouvernementale, confirm\u00e9e par d\u2019autres sources militaires. <\/p>\n<p class=\"node__paragraphe antonia-750r text-grey-800 pb-24 pb-md-32\"> Le Mali est confront\u00e9 depuis 2012\u00a0\u00e0 une profonde crise s\u00e9curitaire nourrie notamment par les violences de groupes djihadistes affili\u00e9s \u00e0 Al-Qaida et \u00e0 l\u2019organisation Etat islamique (EI), ainsi que de groupes criminels communautaires et des ind\u00e9pendantistes. En septembre\u00a02024, le GSIM avait revendiqu\u00e9 <a href=\"https:\/\/www.nouvelobs.com\/monde\/20240918.OBS93764\/al-qaida-wagner-junte-militaire-ce-que-l-on-sait-de-l-attaque-jihadiste-au-mali.html\">une double attaque d\u2019une rare ampleur<\/a> contre l\u2019a\u00e9roport militaire de Bamako, la capitale, et contre l\u2019\u00e9cole de gendarmerie, qui avait fait plus de 70\u00a0morts et 200\u00a0bless\u00e9s, selon des sources s\u00e9curitaires. <\/p>\n<h2 class=\"node__heading latino-800m latino-lg-1400e text-grey-800 pb-8 pb-md-16\"> \u2022 Kidal reprise par les rebelles <\/h2>\n<p class=\"node__paragraphe antonia-750r text-grey-800 pb-24 pb-md-32\"> Le FLA, groupe s\u00e9paratiste r\u00e9clamant le territoire de l\u2019Azawad dans le nord du Mali, a assur\u00e9 samedi contr\u00f4ler Kidal apr\u00e8s des combats dans cette ville. <em>\u00ab\u00a0Seuls une poche de r\u00e9sistance r\u00e9siduelle compos\u00e9e de mercenaires russes de l\u2019Africa Corps et quelques militaires maliens retranch\u00e9s\u00a0\u00bb<\/em> dans un ancien camp <em>\u00ab\u00a0subsistent encore\u00a0\u00bb<\/em>, affirmait le FLA dans un communiqu\u00e9 samedi soir. <\/p>\n<p class=\"node__paragraphe antonia-750r text-grey-800 pb-24 pb-md-32\"> D\u00e8s l\u2019aube, des combats ont oppos\u00e9 l\u2019arm\u00e9e et les assaillants et se sont poursuivis intens\u00e9ment dans l\u2019apr\u00e8s-midi en p\u00e9riph\u00e9rie de Bamako et dans plusieurs villes du pays, dont Kidal, Gao et S\u00e9var\u00e9. Ils ont fait 16\u00a0bless\u00e9s civils et militaires et des <em>\u00ab\u00a0d\u00e9g\u00e2ts mat\u00e9riels limit\u00e9s\u00a0\u00bb<\/em>, a indiqu\u00e9, dans un communiqu\u00e9 samedi soir, le gouvernement selon lequel <em>\u00ab\u00a0la situation est totalement sous contr\u00f4le dans l\u2019ensemble des localit\u00e9s\u00a0\u00bb<\/em> attaqu\u00e9es. <\/p>\n<p class=\"node__paragraphe antonia-750r text-grey-800 pb-24 pb-md-32\"> <em>\u00ab\u00a0Les combats ont repris \u00e0 Kidal ce (dimanche) matin. Nous voulons d\u00e9loger les derniers combattants russes qui se sont r\u00e9fugi\u00e9s\u00a0\u00bb<\/em> dans un camp, a dit \u00e0 l\u2019AFP un porte-parole des rebelles touareg, Mohamed Ramdane. L\u2019information a \u00e9t\u00e9 confirm\u00e9e par un \u00e9lu local. <em>\u00ab\u00a0Aujourd\u2019hui dimanche, les combats ont repris \u00e0 Kidal entre l\u2019arm\u00e9e malienne, les Russes et les rebelles (touaregs). Des habitants ont entendu des coups de feu. \u00c7a tire\u00a0\u00bb<\/em>, a dit \u00e0 l\u2019AFP cet \u00e9lu, anonyme pour des raisons de s\u00e9curit\u00e9. <\/p>\n<p class=\"node__paragraphe antonia-750r text-grey-800 pb-24 pb-md-32\"> Kidal, bastion de la r\u00e9bellion touareg, avait \u00e9t\u00e9 reprise en novembre\u00a02023\u00a0par l\u2019arm\u00e9e malienne appuy\u00e9e par des combattants du groupe paramilitaire russe Wagner, mettant fin \u00e0 plus d\u2019une d\u00e9cennie de contr\u00f4le par des groupes rebelles. Le FLA revendique en outre avoir pris le contr\u00f4le de plusieurs positions dans la r\u00e9gion de Gao, au nord du pays. <\/p>\n<h2 class=\"node__heading latino-800m latino-lg-1400e text-grey-800 pb-8 pb-md-16\"> \u2022 Accord avec les Russes pour \u00e9vacuer ses soldats <\/h2>\n<p class=\"node__paragraphe antonia-750r text-grey-800 pb-24 pb-md-32\"> Ce dimanche, les rebelles touaregs ont annonc\u00e9 \u00eatre parvenus \u00e0 un <em>\u00ab\u00a0accord\u00a0\u00bb<\/em> permettant aux soldats russes de l\u2019Africa Corps de se retirer de Kidal, qu\u2019ils disent <em>\u00ab\u00a0d\u00e9sormais\u00a0\u00bb<\/em> contr\u00f4ler <em>\u00ab\u00a0totalement\u00a0\u00bb<\/em>. <em>\u00ab\u00a0Un accord a \u00e9t\u00e9 conclu pour permettre \u00e0 l\u2019arm\u00e9e et \u00e0 ses alli\u00e9s d\u2019Africa Corps de quitter le Camp 2, o\u00f9 ils \u00e9taient retranch\u00e9s depuis hier\u00a0\u00bb<\/em> samedi, a d\u00e9clar\u00e9 \u00e0 l\u2019AFP un responsable des rebelles touaregs, ajoutant que Kidal est <em>\u00ab\u00a0d\u00e9sormais totalement\u00a0\u00bb<\/em> sous leur contr\u00f4le. <\/p>\n<p class=\"node__paragraphe antonia-750r text-grey-800 pb-24 pb-md-32\"> Dans son communiqu\u00e9 de samedi soir, le GSIM, fait in\u00e9dit, s\u2019adressait \u00e0 la Russie pour lui proposer de ne pas attaquer les Russes au Mali en \u00e9change de la neutralit\u00e9 de Moscou, dont la junte malienne s\u2019est rapproch\u00e9e politiquement et militairement ces derni\u00e8res ann\u00e9es. Le minist\u00e8re russe des Affaires \u00e9trang\u00e8res avait condamn\u00e9 dans la nuit des <em>\u00ab\u00a0actions des terroristes (qui) repr\u00e9sentent une menace directe contre la stabilit\u00e9 de l\u2019Etat malien, ami de la Russie, et pourraient avoir des cons\u00e9quences tr\u00e8s n\u00e9gatives pour toute la r\u00e9gion\u00a0\u00bb<\/em>. <\/p>\n<h2 class=\"node__heading latino-800m latino-lg-1400e text-grey-800 pb-8 pb-md-16\"> \u2022 Reprise des tirs \u00e0 Kati, fief de la junte <\/h2>\n<p class=\"node__paragraphe antonia-750r text-grey-800 pb-24 pb-md-32\"> A Kati, fief de la junte au pouvoir depuis 2020, des tirs <em>\u00ab\u00a0sporadiques et nourris par moments\u00a0\u00bb<\/em> ont \u00e9t\u00e9 entendus dimanche, ont affirm\u00e9 \u00e0 l\u2019AFP des habitants. Ville-garnison, Kati fait partie de celles attaqu\u00e9es samedi par les djihadistes du GSIM et le FLA. <em>\u00ab\u00a0Les combats (y) ont repris (dans la matin\u00e9e) un peu partout. Les djihadistes sont vers la colline\u00a0\u00bb<\/em> au-dessus de la ville, a d\u00e9clar\u00e9 \u00e0 l\u2019AFP un r\u00e9sident. <em>\u00ab\u00a0L\u2019aviation est aussi entr\u00e9e dans la danse\u00a0\u00bb<\/em>, a affirm\u00e9 un autre. <\/p>\n<div class=\"article__author pb-32\">\n<p class=\"authors latino-600m text-grey-800\">        <span>Par\u00a0<\/span> Service Actu\u00a0(avec AFP)<\/p>\n<\/p><\/div>\n<\/p><\/div>\n<p><a href=\"https:\/\/www.nouvelobs.com\/monde\/20260426.OBS114476\/attaques-au-mali-bamako-et-d-autres-villes-ciblees-par-les-djihadistes-du-jnim-et-la-rebellion-touareg.html\">source<\/a><\/p>\n","protected":false},"excerpt":{"rendered":"<p>Une vue a\u00e9rienne de Bamako, capitale du Mali, le 25\u00a0avril 2026.\u00a0AP\/SIPA Lire\u00a0plus\u00a0tard Google Actualit\u00e9s Partager Facebook Bluesky E-mail Copier le lien Envoyer S\u2019abonner Les combats continuent ce dimanche 26\u00a0avril au Mali entre rebelles touareg, appuy\u00e9s par les djihadistes du Groupe de Soutien \u00e0 l\u2019Islam et aux Musulmans (GSIM, JNIM en arabe, affili\u00e9 \u00e0 Al-Qaida), et [&hellip;]<\/p>\n","protected":false},"author":1,"featured_media":129785,"comment_status":"open","ping_status":"open","sticky":false,"template":"","format":"standard","meta":{"_monsterinsights_skip_tracking":false,"_monsterinsights_sitenote_active":false,"_monsterinsights_sitenote_note":"","_monsterinsights_sitenote_category":0,"footnotes":""},"categories":[75],"tags":[],"coauthors":[77],"class_list":["post-129784","post","type-post","status-publish","format-standard","has-post-thumbnail","hentry","category-monde"],"aioseo_notices":[],"_links":{"self":[{"href":"https:\/\/pressactu.com\/index.php?rest_route=\/wp\/v2\/posts\/129784","targetHints":{"allow":["GET"]}}],"collection":[{"href":"https:\/\/pressactu.com\/index.php?rest_route=\/wp\/v2\/posts"}],"about":[{"href":"https:\/\/pressactu.com\/index.php?rest_route=\/wp\/v2\/types\/post"}],"author":[{"embeddable":true,"href":"https:\/\/pressactu.com\/index.php?rest_route=\/wp\/v2\/users\/1"}],"replies":[{"embeddable":true,"href":"https:\/\/pressactu.com\/index.php?rest_route=%2Fwp%2Fv2%2Fcomments&post=129784"}],"version-history":[{"count":0,"href":"https:\/\/pressactu.com\/index.php?rest_route=\/wp\/v2\/posts\/129784\/revisions"}],"wp:featuredmedia":[{"embeddable":true,"href":"https:\/\/pressactu.com\/index.php?rest_route=\/wp\/v2\/media\/129785"}],"wp:attachment":[{"href":"https:\/\/pressactu.com\/index.php?rest_route=%2Fwp%2Fv2%2Fmedia&parent=129784"}],"wp:term":[{"taxonomy":"category","embeddable":true,"href":"https:\/\/pressactu.com\/index.php?rest_route=%2Fwp%2Fv2%2Fcategories&post=129784"},{"taxonomy":"post_tag","embeddable":true,"href":"https:\/\/pressactu.com\/index.php?rest_route=%2Fwp%2Fv2%2Ftags&post=129784"},{"taxonomy":"author","embeddable":true,"href":"https:\/\/pressactu.com\/index.php?rest_route=%2Fwp%2Fv2%2Fcoauthors&post=129784"}],"curies":[{"name":"wp","href":"https:\/\/api.w.org\/{rel}","templated":true}]}}