{"id":129782,"date":"2026-04-27T12:03:36","date_gmt":"2026-04-27T12:03:36","guid":{"rendered":"https:\/\/pressactu.com\/?p=129782"},"modified":"2026-04-27T12:03:36","modified_gmt":"2026-04-27T12:03:36","slug":"portrait-vous-saviez-qua-lepoque-les-marins-ne-savaient-pas-nager-age-de-71-ans-ce-lotois-collectionne-plus-de-300-objets-historiques-et-armes-anciennes","status":"publish","type":"post","link":"https:\/\/pressactu.com\/?p=129782","title":{"rendered":"PORTRAIT. &quot;Vous saviez qu\u2019\u00e0 l\u2019\u00e9poque les marins ne savaient pas nager\u00a0?&quot;\u00a0: \u00e2g\u00e9 de 71 ans, ce Lotois collectionne plus de 300 objets historiques et armes anciennes"},"content":{"rendered":"<p>\n                                                                    <span class=\"article-full__chapo-label hide-on-small-only\">l&#8217;essentiel<\/span><br \/>\n                                                                La collection d\u2019armes anciennes attire les passionn\u00e9s \u00e0 Cahors. \u00c0 l\u2019espace Valentr\u00e9, trente exposants d\u00e9voilent fusils, uniformes et sabres rares. Pour Herv\u00e9, 71 ans, cette passion n\u00e9e \u00e0 l\u2019adolescence ne s\u2019\u00e9teindra jamais.\n                            <\/p>\n<div rel=\"js-article-content\" data-state=\"fixed-height\" data-selection=\"disabled\">\n                                                                                                                            <!-- Pub DFP Position [outstream] --><\/p>\n<p>&#8220;Vous \u00eates vraiment tomb\u00e9s sur le fou\u00a0!&#8221;, s\u2019amuse Herv\u00e9. Quelques minutes plus t\u00f4t, il \u00e9tait en pleine n\u00e9gociation autour d\u2019un fusil d\u2019\u00e9poque, extr\u00eamement rare. Il le vend pour 1\u00a0500\u00a0euros, mais un collectionneur aguerri tente de faire baisser le prix. &#8220;Bon allez, parce que c\u2019est toi, qu\u2019on se conna\u00eet et que je t\u2019estime, je te le laisse \u00e0 1\u00a0450\u00a0euros&#8221;, conc\u00e8de le Lotois. Ce dimanche, les ench\u00e8res vont bon train \u00e0 l\u2019espace Valentr\u00e9. Pour la premi\u00e8re fois depuis vingt ans, le lieu accueille une bourse aux armes anciennes. Une trentaine d\u2019exposants s\u2019y sont install\u00e9s pour d\u00e9baller leur passion.<\/p>\n<p><!-- Pub DFP Position [article] --><\/p>\n<div class=\"center-align\" rel=\"js-article-inline-img\" data-protec-aida=\"image\">\n<figure class=\"std-img\" data-src=\"https:\/\/images.ladepeche.fr\/api\/v1\/images\/view\/69ee0168660145411e0eb10e\/original\/image.jpg?v=1\">\n        <img decoding=\"async\" class=\"std-img__img responsive-img\" src=\"http:\/\/pressactu.com\/wp-content\/uploads\/2026\/04\/1777291415_214_image.jpg?v=1\" alt=\"Jean-Pierre Basti\u00e9 pose avec le marin, expos\u00e9 par Herv\u00e9.\"\/><figcaption class=\"article-full__media-infos\">\n                <span class=\"article-full__media-legend\">Jean-Pierre Basti\u00e9 pose avec le marin, expos\u00e9 par Herv\u00e9.<\/span><br \/>\n                                    <span class=\"article-full__media-author\">DDM Aouregan Texier<\/span><br \/>\n                            <\/figcaption><\/figure>\n<\/div>\n<p>L\u2019\u00e9v\u00e8nement\u00a0est organis\u00e9\u00a0par l\u2019Acad\u00e9mie des armes anciennes, pr\u00e9sid\u00e9e par le toulousain Jean-Pierre Basti\u00e9. Ce dernier confie\u00a0: &#8220;\u00c7a fait un moment que nos membres nous demandent de faire une manifestation dans le Lot. Il faut dire qu\u2019un tiers de nos membres sont Lotois. Vous savez, le monde des collections marche par essaim. L\u00e0 o\u00f9 il y a un collectionneur, il y en a dix\u00a0!&#8221;. Et aux alentours de Saint-C\u00e9r\u00e9, on trouve Herv\u00e9, et son amour pour les objets de la Marine.<\/p>\n<h2 class=\"txt-int\">Une passion qui remonte \u00e0 l\u2019adolescence<\/h2>\n<p>Pour lui, tout commence alors qu\u2019il est adolescent. &#8220;Je nettoyais les fusils de chasse que mon oncle achetait pour une bouch\u00e9e de pain. Quand j\u2019en nettoyais cinq, il m\u2019en donnait un\u00a0!&#8221;, se souvient-il. Il n\u2019en faut pas plus pour que le Lotois se prenne de passion. La suite, ce joyeux passionn\u00e9\u00a0l\u2019appelle &#8220;la grande d\u00e9rive&#8221;. Alors qu\u2019il a 20 ans, il fait son service militaire dans la Marine nationale. Cela dure un an, puis il rejoint une \u00e9cole de coiffure. &#8220;J\u2019avais un copain qui allait r\u00e9guli\u00e8rement aux puces, alors je l\u2019accompagnais&#8221;, d\u00e9crit-il. Il ajoute\u00a0: &#8220;J\u2019ai commenc\u00e9 par les fusils de chasse, puis j\u2019ai d\u00e9couvert d\u2019autres objets et j\u2019ai fini par acheter un peu de tout\u00a0! Rapidement, quelque chose a \u00e9merg\u00e9&#8221;. La Marine lui colle \u00e0 la peau, s\u00fbrement un souvenir de son service militaire.<\/p>\n<div class=\"center-align\" rel=\"js-article-inline-img\" data-protec-aida=\"image\">\n<figure class=\"std-img\" data-src=\"https:\/\/images.ladepeche.fr\/api\/v1\/images\/view\/69ee0168d95660b399020810\/original\/image.jpg?v=1\">\n        <img decoding=\"async\" class=\"std-img__img responsive-img\" src=\"http:\/\/pressactu.com\/wp-content\/uploads\/2026\/04\/1777291415_307_image.jpg?v=1\" alt=\"Le propre b\u00e2chi d\u2019Herv\u00e9, dont il ne compte pas se s\u00e9parer.\"\/><figcaption class=\"article-full__media-infos\">\n                <span class=\"article-full__media-legend\">Le propre b\u00e2chi d\u2019Herv\u00e9, dont il ne compte pas se s\u00e9parer.<\/span><br \/>\n                                    <span class=\"article-full__media-author\">DDM Aouregan Texier<\/span><br \/>\n                            <\/figcaption><\/figure>\n<\/div>\n<p>&#8220;Je collectionne tout ce qui est armes anciennes de la Marine, mais aussi les uniformes et les coiffes. Surtout du second empire&#8221;, d\u00e9taille Herv\u00e9, qui s\u2019int\u00e9resse surtout \u00e0 l\u2019histoire des objets. D\u2019o\u00f9 ils viennent, qui les a fabriqu\u00e9s, \u00e0 quoi ils servaient\u2026 Chez lui, il a un petit espace \u2013 et le Lotois insiste bien sur le mot &#8220;petit&#8221; \u2013 o\u00f9 il regroupe les 300 pi\u00e8ces de sa collection. \u00c0 la bourse, il en expose quelques-uns. Comme cet uniforme complet, avec une chemise qui date de Louis Philippe, un pantalon du second empire, un sabre de 1849 et une coiffe de 1858. &#8220;C\u2019est un marin qui n\u2019a pas pied&#8221;, plaisante Herv\u00e9, montrant les pieds manquants du mannequin, avant de reprendre son s\u00e9rieux\u00a0: &#8220;Vous saviez qu\u2019\u00e0 l\u2019\u00e9poque les marins ne savaient pas nager\u00a0? Ils n\u2019avaient pas l\u2019apprentissage, ils devaient se d\u00e9brouiller seuls&#8221;.<\/p>\n<h2 class=\"txt-int\">&#8220;On est tous des gamins, on a peut-\u00eatre oubli\u00e9 de vieillir&#8221;<\/h2>\n<p>Sous son stand, le collectionneur\u00a0cache une petite mallette bleue. \u00c0 l\u2019int\u00e9rieur, ses plus pr\u00e9cieux tr\u00e9sors, qu\u2019il ne c\u00e9derait pour rien au monde. Comme son propre b\u00e2chi. &#8220;Il date de 75. 1975, \u00e9videmment\u00a0!&#8221;, glisse Herv\u00e9, les yeux bleus remplis de malice. &#8220;Parfois, on peut faire des kilom\u00e8tres pour aller d\u00e9nicher un objet sp\u00e9cial. Il y a beaucoup de transmission entre collectionneurs. J\u2019essaie de participer \u00e0 tous les salons comme celui-ci. Ici, on se conna\u00eet tous. On est copains, avec des passions diff\u00e9rentes. L\u00e0-bas, il collectionne les armes am\u00e9ricaines. Mais on se compl\u00e8te tous&#8221;, admet le septuag\u00e9naire.\u00a0Un objet qui l\u2019a marqu\u00e9\u00a0: une \u00e9p\u00e9e gauloise dans son fourreau. Un objet tr\u00e8s rare, mais dont il a fini par se s\u00e9parer. &#8220;Mon fils, \u00e2g\u00e9 de 41 ans, ne s\u2019int\u00e9resse pas \u00e0 tout \u00e7a. Il l\u2019aurait vendu pour trois fois rien, donc j\u2019ai pr\u00e9f\u00e9r\u00e9 le faire moi-m\u00eame.&#8221;<\/p>\n<div class=\"center-align\" rel=\"js-article-inline-img\" data-protec-aida=\"image\">\n<figure class=\"std-img\" data-src=\"https:\/\/images.ladepeche.fr\/api\/v1\/images\/view\/69ee0168a0578c4cec03652a\/original\/image.jpg?v=1\">\n        <img decoding=\"async\" class=\"std-img__img responsive-img\" src=\"http:\/\/pressactu.com\/wp-content\/uploads\/2026\/04\/1777291415_468_image.jpg?v=1\" alt=\"Une trentaine d\u2019exposants se sont install\u00e9s \u00e0 l\u2019espace Valentr\u00e9.\"\/><figcaption class=\"article-full__media-infos\">\n                <span class=\"article-full__media-legend\">Une trentaine d\u2019exposants se sont install\u00e9s \u00e0 l\u2019espace Valentr\u00e9.<\/span><br \/>\n                                    <span class=\"article-full__media-author\">DDM Aouregan Texier<\/span><br \/>\n                            <\/figcaption><\/figure>\n<\/div>\n<p>Retour \u00e0 l\u2019espace Valentr\u00e9. Herv\u00e9 n\u2019a pas convaincu l\u2019acheteur d\u2019acqu\u00e9rir le fusil. Une prochaine fois. &#8220;Il s\u2019en mordra les doigts dans quelques mois&#8221;, chuchote-t-il, le sourire aux l\u00e8vres. &#8220;C\u2019est un domaine de fous\u00a0! On est tous des gamins, on a peut-\u00eatre oubli\u00e9 de vieillir&#8221;. Mais, aujourd\u2019hui, \u00e0 71 ans, Herv\u00e9 se dit qu\u2019apr\u00e8s plus de quarante ans de collection, il faudrait s\u2019arr\u00eater. &#8220;Ma femme me dit de vendre. Mais d\u00e8s que j\u2019en vends, j\u2019en rach\u00e8te\u00a0! On trouve toujours des mauvaises excuses pour ne pas le faire&#8221;, sourit-il. Preuve en est, ce dimanche matin, le Lotois a trouv\u00e9 deux nouveaux objets \u00e0 faire entrer dans sa collection. Herv\u00e9 conclut\u00a0: &#8220;C\u2019est une vraie passion, sans vaccin. M\u00eame s\u2019il y en avait un, je ne le ferai pas\u00a0!&#8221;<\/p>\n<\/p><\/div>\n<p><a href=\"https:\/\/www.ladepeche.fr\/2026\/04\/26\/portrait-vous-saviez-qua-lepoque-les-marins-ne-savaient-pas-nager-age-de-71-ans-ce-lotois-collectionne-plus-de-300-objets-historiques-et-armes-13344442.php\">source<\/a><\/p>\n","protected":false},"excerpt":{"rendered":"<p>l&#8217;essentiel La collection d\u2019armes anciennes attire les passionn\u00e9s \u00e0 Cahors. \u00c0 l\u2019espace Valentr\u00e9, trente exposants d\u00e9voilent fusils, uniformes et sabres rares. Pour Herv\u00e9, 71 ans, cette passion n\u00e9e \u00e0 l\u2019adolescence ne s\u2019\u00e9teindra jamais. &#8220;Vous \u00eates vraiment tomb\u00e9s sur le fou\u00a0!&#8221;, s\u2019amuse Herv\u00e9. Quelques minutes plus t\u00f4t, il \u00e9tait en pleine n\u00e9gociation autour d\u2019un fusil d\u2019\u00e9poque, [&hellip;]<\/p>\n","protected":false},"author":1,"featured_media":129783,"comment_status":"open","ping_status":"open","sticky":false,"template":"","format":"standard","meta":{"_monsterinsights_skip_tracking":false,"_monsterinsights_sitenote_active":false,"_monsterinsights_sitenote_note":"","_monsterinsights_sitenote_category":0,"footnotes":""},"categories":[1],"tags":[],"coauthors":[77],"class_list":["post-129782","post","type-post","status-publish","format-standard","has-post-thumbnail","hentry","category-a-la-une"],"aioseo_notices":[],"_links":{"self":[{"href":"https:\/\/pressactu.com\/index.php?rest_route=\/wp\/v2\/posts\/129782","targetHints":{"allow":["GET"]}}],"collection":[{"href":"https:\/\/pressactu.com\/index.php?rest_route=\/wp\/v2\/posts"}],"about":[{"href":"https:\/\/pressactu.com\/index.php?rest_route=\/wp\/v2\/types\/post"}],"author":[{"embeddable":true,"href":"https:\/\/pressactu.com\/index.php?rest_route=\/wp\/v2\/users\/1"}],"replies":[{"embeddable":true,"href":"https:\/\/pressactu.com\/index.php?rest_route=%2Fwp%2Fv2%2Fcomments&post=129782"}],"version-history":[{"count":0,"href":"https:\/\/pressactu.com\/index.php?rest_route=\/wp\/v2\/posts\/129782\/revisions"}],"wp:featuredmedia":[{"embeddable":true,"href":"https:\/\/pressactu.com\/index.php?rest_route=\/wp\/v2\/media\/129783"}],"wp:attachment":[{"href":"https:\/\/pressactu.com\/index.php?rest_route=%2Fwp%2Fv2%2Fmedia&parent=129782"}],"wp:term":[{"taxonomy":"category","embeddable":true,"href":"https:\/\/pressactu.com\/index.php?rest_route=%2Fwp%2Fv2%2Fcategories&post=129782"},{"taxonomy":"post_tag","embeddable":true,"href":"https:\/\/pressactu.com\/index.php?rest_route=%2Fwp%2Fv2%2Ftags&post=129782"},{"taxonomy":"author","embeddable":true,"href":"https:\/\/pressactu.com\/index.php?rest_route=%2Fwp%2Fv2%2Fcoauthors&post=129782"}],"curies":[{"name":"wp","href":"https:\/\/api.w.org\/{rel}","templated":true}]}}