{"id":129777,"date":"2026-04-27T12:03:32","date_gmt":"2026-04-27T12:03:32","guid":{"rendered":"https:\/\/pressactu.com\/?p=129777"},"modified":"2026-04-27T12:03:32","modified_gmt":"2026-04-27T12:03:32","slug":"drame-en-tarn-et-garonne-un-cycliste-de-28-ans-foudroye-par-un-malaise-cardiaque-en-pleine-course","status":"publish","type":"post","link":"https:\/\/pressactu.com\/?p=129777","title":{"rendered":"Drame en Tarn-et-Garonne\u00a0: un cycliste de 28 ans foudroy\u00e9 par un malaise cardiaque en pleine course"},"content":{"rendered":"<p>\n                                                                    <span class=\"article-full__chapo-label hide-on-small-only\">l&#8217;essentiel<\/span><br \/>\n                                                                Une trag\u00e9die s\u2019est nou\u00e9e ce dimanche 26\u00a0avril 2026 lors du \u00ab\u00a0Grand prix des poules\u00a0\u00bb, qui avait lieu \u00e0 Monteils, en Tarn-et-Garonne. Malgr\u00e9 des efforts acharn\u00e9s, ce jeune coureur n\u2019a pas pu \u00eatre r\u00e9anim\u00e9.\n                            <\/p>\n<div rel=\"js-article-content\" data-state=\"fixed-height\" data-selection=\"disabled\">\n                                                                                                                            <!-- Pub DFP Position [outstream] --><\/p>\n<p>Une course cycliste de l\u2019Union fran\u00e7aise des \u0153uvres la\u00efques d\u2019\u00e9ducation physique (Ufolep) a \u00e9t\u00e9 endeuill\u00e9e, ce dimanche, suite au d\u00e9c\u00e8s de l\u2019un de ses participants. Il \u00e9tait environ 15\u00a0heures lorsque le d\u00e9part de la quatri\u00e8me \u00e9dition du \u00ab\u00a0Grand prix des poules\u00a0\u00bb, \u00e0 Monteils, a \u00e9t\u00e9 lanc\u00e9 pour les premi\u00e8res et deuxi\u00e8mes cat\u00e9gories. Dans le peloton de ces coureurs identifi\u00e9s comme appartenant \u00e0 l\u2019\u00e9lite, le comportement de l\u2019un d\u2019eux interpelle.<\/p>\n<p><!-- Pub DFP Position [article] --><\/p>\n<p>Le chemin de Mathio-bas puis celui du Grinhard avant de revenir par le chemin de Mathio-haut\u00a0: il boucle p\u00e9niblement le premier tour. Avant de s\u2019effondrer un peu plus loin. Le motard charg\u00e9 par les organisateurs d\u2019ouvrir la voie sur ces chemins communaux pour le tour suivant le d\u00e9couvre alors effondr\u00e9 au sol.<\/p>\n<p>Pendant que l\u2019alerte \u00e9tait lanc\u00e9e aupr\u00e8s du service d\u00e9partemental d\u2019incendie et de secours (SDIS 82), ce membre du staff a prodigu\u00e9 les gestes de premiers secours, notamment gr\u00e2ce \u00e0 un d\u00e9fibrillateur. \u00c0 leur arriv\u00e9e sur place, six sapeurs-pompiers et l\u2019\u00e9quipe m\u00e9dicale du service mobile d\u2019urgence et de r\u00e9animation (SMUR) de Montauban ont pris le relais. Malgr\u00e9 leurs efforts acharn\u00e9s pendant plus de 45 minutes, le jeune cycliste n\u2019a pas pu \u00eatre r\u00e9anim\u00e9.<\/p>\n<h2 class=\"txt-int\">Originaire de Figeac<\/h2>\n<p>Il \u00e9tait \u00e2g\u00e9 de 28 ans. Originaire de Figeac dans le Lot, il courait sous les couleurs de l\u2019Union cyclo de Capdenac (UCC).<\/p>\n<p>\u00ab\u00a0Un tel accident, c\u2019est toujours tragique\u00a0\u00bb, soupire le maire de Monteils, Christophe Massaloup qui \u00e9tait sur place avec l\u2019un de ses adjoints et en pr\u00e9sence, notamment, du premier \u00e9dile de Caussade, C\u00e9dric Vaissi\u00e8res. \u00ab\u00a0La famille est \u00e9videmment tr\u00e8s touch\u00e9e et nous avons pr\u00e9sent\u00e9 nos plus sinc\u00e8res condol\u00e9ances \u00e0 sa compagne qui \u00e9tait sur place. Bien s\u00fbr, elle \u00e9tait extr\u00eamement choqu\u00e9e. C\u2019est dramatique, d\u2019autant plus \u00e0 cet \u00e2ge-l\u00e0\u00a0\u00bb, poursuit Christophe Massaloup.<\/p>\n<p>De son c\u00f4t\u00e9, le pr\u00e9sident des Guidons quercynois, le club organisateur, est d\u00e9vast\u00e9. \u00ab\u00a0On va d\u2019abord se mettre en liaison avec sa famille et son club avant de d\u00e9cider quoi que ce soit\u00a0\u00bb, glisse Thibault Barloy. \u00ab\u00a0Ils se sont tous donn\u00e9 c\u0153urs et \u00e2mes pour organiser cette course donc ils sont particuli\u00e8rement abattus\u00a0\u00bb, rel\u00e8ve le maire de Monteils.<\/p>\n<p>Les gendarmes de Caussade \u00e9taient \u00e9galement sur place. La course a ainsi \u00e9t\u00e9 suspendue et n\u2019a jamais repris.<\/p>\n<\/p><\/div>\n<p><a href=\"https:\/\/www.ladepeche.fr\/2026\/04\/26\/drame-en-tarn-et-garonne-un-cycliste-de-28-ans-foudroye-par-un-malaise-cardiaque-en-pleine-course-13344760.php\">source<\/a><\/p>\n","protected":false},"excerpt":{"rendered":"<p>l&#8217;essentiel Une trag\u00e9die s\u2019est nou\u00e9e ce dimanche 26\u00a0avril 2026 lors du \u00ab\u00a0Grand prix des poules\u00a0\u00bb, qui avait lieu \u00e0 Monteils, en Tarn-et-Garonne. Malgr\u00e9 des efforts acharn\u00e9s, ce jeune coureur n\u2019a pas pu \u00eatre r\u00e9anim\u00e9. Une course cycliste de l\u2019Union fran\u00e7aise des \u0153uvres la\u00efques d\u2019\u00e9ducation physique (Ufolep) a \u00e9t\u00e9 endeuill\u00e9e, ce dimanche, suite au d\u00e9c\u00e8s de [&hellip;]<\/p>\n","protected":false},"author":1,"featured_media":129778,"comment_status":"open","ping_status":"open","sticky":false,"template":"","format":"standard","meta":{"_monsterinsights_skip_tracking":false,"_monsterinsights_sitenote_active":false,"_monsterinsights_sitenote_note":"","_monsterinsights_sitenote_category":0,"footnotes":""},"categories":[71],"tags":[],"coauthors":[77],"class_list":["post-129777","post","type-post","status-publish","format-standard","has-post-thumbnail","hentry","category-sport"],"aioseo_notices":[],"_links":{"self":[{"href":"https:\/\/pressactu.com\/index.php?rest_route=\/wp\/v2\/posts\/129777","targetHints":{"allow":["GET"]}}],"collection":[{"href":"https:\/\/pressactu.com\/index.php?rest_route=\/wp\/v2\/posts"}],"about":[{"href":"https:\/\/pressactu.com\/index.php?rest_route=\/wp\/v2\/types\/post"}],"author":[{"embeddable":true,"href":"https:\/\/pressactu.com\/index.php?rest_route=\/wp\/v2\/users\/1"}],"replies":[{"embeddable":true,"href":"https:\/\/pressactu.com\/index.php?rest_route=%2Fwp%2Fv2%2Fcomments&post=129777"}],"version-history":[{"count":0,"href":"https:\/\/pressactu.com\/index.php?rest_route=\/wp\/v2\/posts\/129777\/revisions"}],"wp:featuredmedia":[{"embeddable":true,"href":"https:\/\/pressactu.com\/index.php?rest_route=\/wp\/v2\/media\/129778"}],"wp:attachment":[{"href":"https:\/\/pressactu.com\/index.php?rest_route=%2Fwp%2Fv2%2Fmedia&parent=129777"}],"wp:term":[{"taxonomy":"category","embeddable":true,"href":"https:\/\/pressactu.com\/index.php?rest_route=%2Fwp%2Fv2%2Fcategories&post=129777"},{"taxonomy":"post_tag","embeddable":true,"href":"https:\/\/pressactu.com\/index.php?rest_route=%2Fwp%2Fv2%2Ftags&post=129777"},{"taxonomy":"author","embeddable":true,"href":"https:\/\/pressactu.com\/index.php?rest_route=%2Fwp%2Fv2%2Fcoauthors&post=129777"}],"curies":[{"name":"wp","href":"https:\/\/api.w.org\/{rel}","templated":true}]}}