{"id":129773,"date":"2026-04-27T10:25:12","date_gmt":"2026-04-27T10:25:12","guid":{"rendered":"https:\/\/pressactu.com\/?p=129773"},"modified":"2026-04-27T10:25:12","modified_gmt":"2026-04-27T10:25:12","slug":"guerre-au-moyen-orient-liran-et-la-russie-en-front-uni-a-loccasion-dune-rencontre-avec-vladimir-poutine","status":"publish","type":"post","link":"https:\/\/pressactu.com\/?p=129773","title":{"rendered":"Guerre au Moyen-Orient\u00a0: l\u2019Iran et la Russie en \u00ab\u00a0front uni\u00a0\u00bb \u00e0 l\u2019occasion d\u2019une rencontre avec Vladimir Poutine"},"content":{"rendered":"<div>\n<figure class=\"hook-media--standard \"> <picture class=\"hook-media_picture pb-8\"><source media=\"(max-width: 768px)\" srcset=\"https:\/\/focus.nouvelobs.com\/2026\/04\/27\/0\/0\/4500\/3000\/375\/250\/75\/0\/e38c07d_upload-1-p7o5wuxzlemj-sipa-ap23031308-000001.jpg 1x,https:\/\/focus.nouvelobs.com\/2026\/04\/27\/0\/0\/4500\/3000\/750\/500\/50\/0\/e38c07d_upload-1-p7o5wuxzlemj-sipa-ap23031308-000001.jpg 2x\" width=\"375\" height=\"250\"><img fetchpriority=\"high\" decoding=\"async\" class=\"mx-auto\" src=\"data:image\/svg+xml,%3Csvg%20xmlns%3D%27http%3A%2F%2Fwww.w3.org%2F2000%2Fsvg%27%20fill%3D%22%23e4e4e4%22%20viewBox%3D%270%200%20510%20340%27%20width%3D%22510%22%20height%3D%22340%22%3E%3Cpath%20d%3D%27M0%200h510v340H0z%27%2F%3E%3C%2Fsvg%3E\" srcset=\"https:\/\/focus.nouvelobs.com\/2026\/04\/27\/0\/0\/4500\/3000\/510\/340\/75\/0\/e38c07d_upload-1-p7o5wuxzlemj-sipa-ap23031308-000001.jpg 1x,https:\/\/focus.nouvelobs.com\/2026\/04\/27\/0\/0\/4500\/3000\/1020\/680\/50\/0\/e38c07d_upload-1-p7o5wuxzlemj-sipa-ap23031308-000001.jpg 2x\" loading=\"eager\" width=\"510\" height=\"340\" data-oncrawl-image-size=\"510x340\" alt=\"Le ministre des Affaires \u00e9trang\u00e8res Abbas Araghchi attendant de rencontrer le pr\u00e9sident russe Vladimir Poutine pour une r\u00e9union au Kremlin, le 23\u00a0juin 2025.\"\/>   <\/source><\/picture><figcaption class=\"hook-media_figcaption\">\n<p class=\"latino-100m text-grey-600\">  Le ministre des Affaires \u00e9trang\u00e8res Abbas Araghchi attendant de rencontrer le pr\u00e9sident russe Vladimir Poutine pour une r\u00e9union au Kremlin, le 23\u00a0juin 2025.\u00a0<span class=\"text-grey-600 ms-4\">ALEXANDER KAZAKOV\/AP\/SIPA<\/span>  <\/p>\n<\/figcaption><\/figure>\n<div class=\"article__share d-flex align-items-center py-24 border-bottom  mb-32\" style=\"--border-color:#D9D9D9;\">\n<div class=\"d-flex flex-wrap gap-16\">                                <button data-article-key=\"20260427.OBS114497\" aria-label=\"Lire\u00a0plus\u00a0tard\" data-section=\"Monde\" data-piano=\"Page_Article,Sous_date_publi,A_lire_plus_tard,1er_clic,action\" class=\"popover-trigger btn--tertiary btn--icon-only btn btn--small btn--secondary read-later\"> <i class=\"icon  icon-read-after\" aria-hidden=\"true\"\/>  <span class=\"latino-300r mt-2 \"> Lire\u00a0plus\u00a0tard <\/span>  <\/button>        <a aria-label=\"Nous suivre sur Google News\" href=\"https:\/\/news.google.com\/publications\/CAAqBwgKMJe4nQkw3dFs?hl=fr&amp;gl=FR&amp;ceid=FR%3Afr\" target=\"_blank\" data-piano=\"Page_Article,Sous_date_publi,Nous_suivre_sur_google_news,1er_clic,action\" class=\"btn btn--small btn--tertiary btn--icon-only\">    <svg class=\"icon icon--google  \" style=\"--fill:#56668A\">   <use href=\"\/bucket\/resources\/web\/img\/e86dad2a9be111d0faac.svg#google\"\/>  <\/svg>   <span class=\"latino-300r mt-2 \">Google Actualit\u00e9s<\/span>  <\/a>     <button id=\"share\" aria-label=\"Partager\" class=\"popover-trigger btn btn--small btn--tertiary btn--icon-only\" data-piano=\"Page_Article,Sous_date_publi,Partager,1er_clic,action\">    <svg class=\"icon icon--share-alt  \" style=\"--fill:var(--base-foreground-color,#171717)\">   <use href=\"\/bucket\/resources\/web\/img\/e86dad2a9be111d0faac.svg#share-alt\"\/>  <\/svg>  <span class=\"latino-300r mt-2\">Partager<\/span> <\/button> <\/p>\n<div id=\"popover-share\" data-url=\"https:\/\/www.nouvelobs.com\/monde\/20260427.OBS114497\/guerre-au-moyen-orient-l-iran-et-la-russie-en-front-uni-a-l-occasion-d-une-rencontre-avec-vladimir-poutine.html\" data-id=\"20260427.OBS114497\" data-popover-for=\"share\" class=\"popover p-32\" role=\"tooltip\" style=\"width: 375px\">\n<p>  <button onclick=\"setToFacebook();\" class=\"btn btn--large btn--secondary\" aria-label=\"Facebook\" piano-context-origin=\"Page_Article,Sous_date_publi,Partager,Facebook,action\">    <svg class=\"icon icon--facebook  \" style=\"--fill:var(--base-foreground-color,#171717)\">   <use href=\"\/bucket\/resources\/web\/img\/e86dad2a9be111d0faac.svg#facebook\"\/>  <\/svg>  <span class=\"latino-300r\">Facebook<\/span> <\/button> <button onclick=\"setToBsky();\" class=\"btn btn--large btn--secondary\" aria-label=\"Bluesky\" piano-context-origin=\"Page_Article,Sous_date_publi,Partager,Bluesky,action\">    <svg class=\"icon icon--bluesky  \" style=\"--fill:var(--base-foreground-color,#171717)\">   <use href=\"\/bucket\/resources\/web\/img\/e86dad2a9be111d0faac.svg#bluesky\"\/>  <\/svg>  <span class=\"latino-300r\">Bluesky<\/span> <\/button> <button id=\"mail-button\" onclick=\"setToMail(true)\" class=\"btn btn--large btn--secondary\" aria-label=\"Mail\" piano-context-origin=\"Page_Article,Sous_date_publi,Partager,Email,action\">    <svg class=\"icon icon--mail  \" style=\"--fill:var(--base-foreground-color,#171717)\">   <use href=\"\/bucket\/resources\/web\/img\/e86dad2a9be111d0faac.svg#mail\"\/>  <\/svg>  <span class=\"latino-300r\">E-mail<\/span> <\/button> <button onclick=\"setToClipboard();\" class=\"copy-button btn btn--large btn--secondary\" aria-label=\"copier le lien\" piano-context-origin=\"Page_Article,Sous_date_publi,Partager,Copier_lien,action\">    <svg class=\"icon icon--link  \" style=\"--fill:var(--base-foreground-color,#171717)\">   <use href=\"\/bucket\/resources\/web\/img\/e86dad2a9be111d0faac.svg#link\"\/>  <\/svg>  <span class=\"latino-300r\">Copier le lien<\/span> <\/button>  <\/p>\n<p> <button id=\"share-mail-submit\" type=\"submit\" form=\"mail-form\" onclick=\"__forecast.collectShareMail()\" class=\"latino-300r btn btn--large btn--black btn--fit\"> Envoyer <\/button> <\/p>\n<\/p><\/div>\n<p>                    <span data-urlencode=\"L2Fib25uZW1lbnQtYXZyaWwtMjAyNg==\" data-piano=\"Page_Article,Sous_date_publi,S_abonner_Printemps2026,1er_clic,action\" data-batch=\"clic_s_abonner\" class=\"btn btn--small btn--conversion-secondary\" style=\"--btn-color:#FFF;--btn-color-hover:#FFF;--btn-bg:#FC5F2B;--btn-bg-hover:#FC5F2B;--btn-bg-focus:#FC5F2B;--btn-border-color:#522DF7;\"> S\u2019abonner <\/span>       <\/div>\n<\/p><\/div>\n<p class=\"node__paragraphe antonia-750r text-grey-800 pb-24 pb-md-32\"> Une rencontre entre alli\u00e9s. Vladimir Poutine va rencontrer ce lundi 27\u00a0avril le ministre iranien des Affaires \u00e9trang\u00e8res Abbas Araghchi, en plein ballet diplomatique pour recueillir des soutiens dans la guerre contre Washington, apr\u00e8s un rendez-vous manqu\u00e9 avec les Etats-Unis samedi \u00e0 Islamabad. <a href=\"https:\/\/www.nouvelobs.com\/monde\/20260414.OBS114165\/iran-etats-unis-40-jours-de-guerre-une-semaine-de-treve-et-une-diplomatie-dans-l-impasse.html\">Au terme de 40\u00a0jours de combats<\/a> entre l\u2019Iran et Isra\u00ebl alli\u00e9 aux Etats-Unis, et <a href=\"https:\/\/www.nouvelobs.com\/monde\/20260408.OBS113995\/etats-unis-et-iran-s-accordent-pour-un-cessez-le-feu-temporaire-qui-ne-concerne-pas-le-liban.html\">pr\u00e8s de trois semaines apr\u00e8s le cessez-le-feu obtenu<\/a>, Moscou reste l\u2019un des principaux soutiens de la R\u00e9publique islamique. <\/p>\n<h2 class=\"node__heading latino-800m latino-lg-1400e text-grey-800 pb-8 pb-md-16\"> \u2022 Oppos\u00e9s aux \u00ab\u00a0forces h\u00e9g\u00e9moniques mondiales\u00a0\u00bb <\/h2>\n<p class=\"node__paragraphe antonia-750r text-grey-800 pb-24 pb-md-32\"> Le chef de la diplomatie iranienne est arriv\u00e9 ce lundi 27\u00a0avril au matin \u00e0 Saint-P\u00e9tersbourg, dans le nord-ouest de la Russie, a indiqu\u00e9 le minist\u00e8re des Affaires \u00e9trang\u00e8res iranien. Il doit \u00eatre re\u00e7u par le pr\u00e9sident russe, d\u2019apr\u00e8s l\u2019agence Tass, citant le porte-parole du Kremlin Dmitri Peskov. <\/p>\n<p class=\"node__paragraphe antonia-750r text-grey-800 pb-24 pb-md-32\"> L\u2019Iran et la Russie pr\u00e9sentent \u00ab\u00a0<em>un front uni<\/em>\u00a0\u00bb face aux \u00ab\u00a0<em>forces h\u00e9g\u00e9moniques mondiales<\/em>\u00a0\u00bb qui s\u2019opposent aux pays aspirant \u00ab<em>\u00a0\u00e0 un monde exempt d\u2019unilat\u00e9ralisme et de domination occidentale<\/em>\u00a0\u00bb, a \u00e9crit l\u2019ambassadeur d\u2019Iran en Russie, Kazem Jalali, sur X. Il affirme qu\u2019Abbas Araghchi effectue ce d\u00e9placement \u00ab\u00a0<em>dans le cadre du combat diplomatique visant \u00e0 promouvoir les int\u00e9r\u00eats du pays<\/em> [l\u2019Iran, NDLR] <em>et sur fond de menaces ext\u00e9rieures<\/em>\u00a0\u00bb. <\/p>\n<h2 class=\"node__heading latino-800m latino-lg-1400e text-grey-800 pb-8 pb-md-16\"> \u2022 Washington responsable de l\u2019\u00e9chec des n\u00e9gociations pour l\u2019Iran <\/h2>\n<p class=\"node__paragraphe antonia-750r text-grey-800 pb-24 pb-md-32\"> Le ministre iranien des Affaires \u00e9trang\u00e8res a accus\u00e9 ce lundi les Etats-Unis d\u2019\u00eatre responsables de l\u2019\u00e9chec des pourparlers de paix au Pakistan, apr\u00e8s son arriv\u00e9e en Russie avant de rencontrer Vladimir Poutine. <\/p>\n<p class=\"node__paragraphe antonia-750r text-grey-800 pb-24 pb-md-32\"> \u00ab\u00a0<em>Les approches am\u00e9ricaines ont fait que le pr\u00e9c\u00e9dent cycle de n\u00e9gociations, malgr\u00e9 des tentatives, n\u2019a pas atteint ses objectifs en raison d\u2019exigences excessives<\/em>\u00a0\u00bb, a-t-il d\u00e9clar\u00e9, cit\u00e9 par les m\u00e9dias d\u2019Etat iraniens. Il a \u00e9galement affirm\u00e9 que <em>\u00ab\u00a0la s\u00e9curit\u00e9 du passage dans le d\u00e9troit d\u2019Ormuz est une question mondiale importante\u00a0\u00bb<\/em>, alors que les Etats-Unis et l\u2019Iran poursuivent leurs blocus sur ce d\u00e9troit strat\u00e9gique. <\/p>\n<h2 class=\"node__heading latino-800m latino-lg-1400e text-grey-800 pb-8 pb-md-16\"> \u2022 T\u00e9h\u00e9ran en tourn\u00e9e diplomatique <\/h2>\n<p class=\"node__paragraphe antonia-750r text-grey-800 pb-24 pb-md-32\"> A d\u00e9faut de rencontre avec des \u00e9missaires am\u00e9ricains, le chef de la diplomatie iranienne multiplie les contacts, centr\u00e9s autour de la diplomatie pakistanaise, qui joue le r\u00f4le de m\u00e9diateur avec Washington. <\/p>\n<p class=\"node__paragraphe antonia-750r text-grey-800 pb-24 pb-md-32\"> Arriv\u00e9 vendredi \u00e0 Islamabad, Abbas Araghchi a discut\u00e9 avec le puissant chef de l\u2019arm\u00e9e pakistanaise, Asim Munir, et le Premier ministre, Shehbaz Sharif, avant de rallier Oman, o\u00f9 il s\u2019est entretenu avec le sultan Haitham ben Tariq. <\/p>\n<p class=\"node__paragraphe antonia-750r text-grey-800 pb-24 pb-md-32\"> \u00ab\u00a0<em>En tant que seuls Etats riverains d\u2019Ormuz, nous nous sommes focalis\u00e9s sur les moyens d\u2019assurer un transit s\u00fbr, dans l\u2019int\u00e9r\u00eat de tous nos chers voisins et du monde entier<\/em>\u00a0\u00bb, a \u00e9crit le ministre des Affaires \u00e9trang\u00e8res iranien sur X apr\u00e8s sa rencontre avec le sultan d\u2019Oman, \u00e0 propos du <a href=\"https:\/\/www.nouvelobs.com\/monde\/20260418.OBS114272\/guerre-au-moyen-orient-l-iran-menace-de-refermer-le-detroit-d-ormuz-si-le-blocus-americain-se-poursuit-une-partie-de-son-espace-aerien-rouvert.html\">d\u00e9troit sous double blocus iranien et am\u00e9ricain<\/a>. <\/p>\n<p class=\"node__paragraphe antonia-750r text-grey-800 pb-24 pb-md-32\"> Le ministre a aussi \u00e9chang\u00e9 par t\u00e9l\u00e9phone avec son homologue russe Hakan Fidan, avant de retourner au Pakistan puis de s\u2019envoler pour la Russie. <\/p>\n<h2 class=\"node__heading latino-800m latino-lg-1400e text-grey-800 pb-8 pb-md-16\"> \u2022 Pr\u00e9sentation d\u2019un \u00ab\u00a0rapport\u00a0\u00bb sur les \u00ab\u00a0n\u00e9gociations\u00a0\u00bb de paix <\/h2>\n<p class=\"node__paragraphe antonia-750r text-grey-800 pb-24 pb-md-32\"> Plus t\u00f4t, citant Kazem Jalali, l\u2019agence de presse iranienne Isna a indiqu\u00e9 que le chef de la diplomatie iranienne voulait discuter avec \u00ab\u00a0<em>les responsables russes de la situation la plus r\u00e9cente des n\u00e9gociations<\/em>\u00a0\u00bb avec les Etats-Unis, ajoutant qu\u2019il doit pr\u00e9senter aux responsables russes \u00ab\u00a0<em>un rapport sur<\/em> [les] <em>n\u00e9gociations\u00a0<\/em>\u00bb de paix. <\/p>\n<p class=\"node__paragraphe antonia-750r text-grey-800 pb-24 pb-md-32\"> Selon l\u2019agence iranienne Fars cette fois, T\u00e9h\u00e9ran a envoy\u00e9 via le Pakistan des \u00ab\u00a0<em>messages \u00e9crits<\/em>\u00a0\u00bb \u00e0 Washington sur ses \u00ab\u00a0<em>lignes rouges<\/em>\u00a0\u00bb concernant son programme nucl\u00e9aire et le d\u00e9troit d\u2019Ormuz. D\u2019apr\u00e8s le m\u00e9dia am\u00e9ricain <a target=\"_blank\" href=\"https:\/\/www.axios.com\/2026\/04\/27\/iran-us-hormuz-strait-nuclear-talks-proposal-pakistan\" rel=\"noopener\">Axios<\/a>, l\u2019Iran a transmis aux Etats-Unis une nouvelle proposition visant \u00e0 rouvrir le d\u00e9troit d\u2019Ormuz et mettre fin \u00e0 la guerre, et, \u00e0 une date ult\u00e9rieure seulement, de n\u00e9gocier sur le dossier nucl\u00e9aire. Un article qu\u2019a relay\u00e9 l\u2019agence officielle iranienne Irna sur Telegram. <\/p>\n<p class=\"node__paragraphe antonia-750r text-grey-800 pb-24 pb-md-32\"> Les tentatives de relance des discussions \u00e9bauch\u00e9es d\u00e9but avril dans la capitale pakistanaise ont pour l\u2019instant \u00e9chou\u00e9 face \u00e0 la fermet\u00e9 affich\u00e9e par Washington comme par T\u00e9h\u00e9ran. <a href=\"https:\/\/www.nouvelobs.com\/monde\/20260427.OBS114496\/donald-trump-est-il-fou-l-amerique-s-interroge-sur-la-sante-mentale-de-son-47e-president.html\">Donald Trump<\/a> a annul\u00e9 samedi le d\u00e9placement pr\u00e9vu au Pakistan de son gendre Jared Kushner et de <a href=\"https:\/\/www.nouvelobs.com\/monde\/20250620.OBS105122\/steve-witkoff-le-milliardaire-diplomate-amateur-charge-par-trump-de-faire-la-paix-au-moyen-orient.html\">son envoy\u00e9 sp\u00e9cial Steve Witkoff<\/a>. <\/p>\n<p class=\"node__paragraphe antonia-750r text-grey-800 pb-24 pb-md-32\"> \u00ab\u00a0<em>S\u2019ils veulent parler, ils peuvent venir vers nous, ou ils peuvent nous appeler<\/em>\u00a0\u00bb, a d\u00e9clar\u00e9 le pr\u00e9sident am\u00e9ricain, affirmant que les Etats-Unis \u00ab\u00a0<em>n\u2019<\/em>[allaient] <em>plus faire<\/em>\u00a0\u00bb de n\u00e9gociations directes avec l\u2019Iran. <\/p>\n<div class=\"article__author pb-32\">\n<p class=\"authors latino-600m text-grey-800\">        <span>Par\u00a0<\/span> Service Actu\u00a0(avec AFP)<\/p>\n<\/p><\/div>\n<\/p><\/div>\n<p><a href=\"https:\/\/www.nouvelobs.com\/monde\/20260427.OBS114497\/guerre-au-moyen-orient-l-iran-et-la-russie-en-front-uni-a-l-occasion-d-une-rencontre-avec-vladimir-poutine.html\">source<\/a><\/p>\n","protected":false},"excerpt":{"rendered":"<p>Le ministre des Affaires \u00e9trang\u00e8res Abbas Araghchi attendant de rencontrer le pr\u00e9sident russe Vladimir Poutine pour une r\u00e9union au Kremlin, le 23\u00a0juin 2025.\u00a0ALEXANDER KAZAKOV\/AP\/SIPA Lire\u00a0plus\u00a0tard Google Actualit\u00e9s Partager Facebook Bluesky E-mail Copier le lien Envoyer S\u2019abonner Une rencontre entre alli\u00e9s. Vladimir Poutine va rencontrer ce lundi 27\u00a0avril le ministre iranien des Affaires \u00e9trang\u00e8res Abbas Araghchi, [&hellip;]<\/p>\n","protected":false},"author":1,"featured_media":129774,"comment_status":"open","ping_status":"open","sticky":false,"template":"","format":"standard","meta":{"_monsterinsights_skip_tracking":false,"_monsterinsights_sitenote_active":false,"_monsterinsights_sitenote_note":"","_monsterinsights_sitenote_category":0,"footnotes":""},"categories":[75],"tags":[],"coauthors":[77],"class_list":["post-129773","post","type-post","status-publish","format-standard","has-post-thumbnail","hentry","category-monde"],"aioseo_notices":[],"_links":{"self":[{"href":"https:\/\/pressactu.com\/index.php?rest_route=\/wp\/v2\/posts\/129773","targetHints":{"allow":["GET"]}}],"collection":[{"href":"https:\/\/pressactu.com\/index.php?rest_route=\/wp\/v2\/posts"}],"about":[{"href":"https:\/\/pressactu.com\/index.php?rest_route=\/wp\/v2\/types\/post"}],"author":[{"embeddable":true,"href":"https:\/\/pressactu.com\/index.php?rest_route=\/wp\/v2\/users\/1"}],"replies":[{"embeddable":true,"href":"https:\/\/pressactu.com\/index.php?rest_route=%2Fwp%2Fv2%2Fcomments&post=129773"}],"version-history":[{"count":0,"href":"https:\/\/pressactu.com\/index.php?rest_route=\/wp\/v2\/posts\/129773\/revisions"}],"wp:featuredmedia":[{"embeddable":true,"href":"https:\/\/pressactu.com\/index.php?rest_route=\/wp\/v2\/media\/129774"}],"wp:attachment":[{"href":"https:\/\/pressactu.com\/index.php?rest_route=%2Fwp%2Fv2%2Fmedia&parent=129773"}],"wp:term":[{"taxonomy":"category","embeddable":true,"href":"https:\/\/pressactu.com\/index.php?rest_route=%2Fwp%2Fv2%2Fcategories&post=129773"},{"taxonomy":"post_tag","embeddable":true,"href":"https:\/\/pressactu.com\/index.php?rest_route=%2Fwp%2Fv2%2Ftags&post=129773"},{"taxonomy":"author","embeddable":true,"href":"https:\/\/pressactu.com\/index.php?rest_route=%2Fwp%2Fv2%2Fcoauthors&post=129773"}],"curies":[{"name":"wp","href":"https:\/\/api.w.org\/{rel}","templated":true}]}}