{"id":129771,"date":"2026-04-27T10:22:55","date_gmt":"2026-04-27T10:22:55","guid":{"rendered":"https:\/\/pressactu.com\/?p=129771"},"modified":"2026-04-27T10:22:55","modified_gmt":"2026-04-27T10:22:55","slug":"replay-guerre-en-ukraine-la-lituanie-estime-que-la-russie-instrumentalise-lenergie-nucleaire-a-des-fins-militaires-et-appelle-a-des-mesures","status":"publish","type":"post","link":"https:\/\/pressactu.com\/?p=129771","title":{"rendered":"REPLAY. Guerre en Ukraine\u00a0: la Lituanie estime que la Russie &quot;instrumentalise l\u2019\u00e9nergie nucl\u00e9aire \u00e0 des fins militaires&quot; et appelle \u00e0 des mesures"},"content":{"rendered":"<div id=\"live_post_EVMOFR5M8QQGK08\"><span class=\"live-post__date\">14h36.<\/span><\/p>\n<div class=\"live-post__content\">\n<h2 class=\"live-post__title\">Le pr\u00e9sident lituanien affirme que la Russie met &#8220;le monde en danger&#8221; et qu&#8217;elle &#8220;instrumentalise&#8221; le nucl\u00e9aire\u00a0<\/h2>\n<p class=\"live-post__amorce\">Le pr\u00e9sident lituanien, Gitanas Nauseda, a appel\u00e9 \u00e0 des mesures de &#8220;tout urgence&#8221; contre la Russie qui &#8220;instrumentalise l\u2019\u00e9nergie nucl\u00e9aire \u00e0 des fins militaires&#8221;.  Dans un post publi\u00e9 sur X, il a affirm\u00e9 que &#8220;la Russie met \u00e0 nouveau le monde en danger&#8221;.<\/p>\n<div class=\"extemb-container\">\n<blockquote data-class=\"twitter-tweet\">\n<p lang=\"en\" dir=\"ltr\">40 years after the Chornobyl disaster, Russia is putting the world at risk once again.<\/p>\n<p>From Zaporizhzhia to Chornobyl and Astravets, Russia is weaponizing nuclear energy &#8211; through occupation, attacks, and damage to nuclear facilities.<\/p>\n<p>Stronger international action is urgently\u2026 <a href=\"https:\/\/t.co\/tAVkz4qZAn\">pic.twitter.com\/tAVkz4qZAn<\/a><\/p>\n<p>\u2014 Gitanas Naus\u0117da (@GitanasNauseda) <a href=\"https:\/\/twitter.com\/GitanasNauseda\/status\/2048275243450479039?ref_src=twsrc%5Etfw\">April 26, 2026<\/a><\/p><\/blockquote><\/div>\n<\/div>\n<\/div>\n<div id=\"live_post_EVMOFR1G6KPOKPG\"><span class=\"live-post__date\">14h33.<\/span><\/p>\n<div class=\"live-post__content\">\n<h2 class=\"live-post__title\">Deux civils tu\u00e9s apr\u00e8s une frappe russe \u00e0 Kramatorsk\u00a0<\/h2>\n<p class=\"live-post__amorce\">Dimanche matin, deux civils ont \u00e9t\u00e9 tu\u00e9s dans une attaque russe qui visait une zone r\u00e9sidentielle de Kramatorsk dans la r\u00e9gion de Donetsk. Un homme et une femme ont \u00e9t\u00e9 tu\u00e9s alors qu\u2019ils se trouvaient dans la rue au moment de la frappe, ont pr\u00e9cis\u00e9 les autorit\u00e9s. Un autre civil, \u00e2g\u00e9 de 50 ans, a \u00e9t\u00e9 bless\u00e9. Il souffre de traumatismes li\u00e9s \u00e0 l\u2019explosion, d\u2019une fracture et de blessures caus\u00e9es par des \u00e9clats d\u2019obus.<\/p>\n<\/div>\n<\/div>\n<div id=\"live_post_EVMOFQ6SNR9CUFF\"><span class=\"live-post__date\">14h09.<\/span><\/p>\n<div class=\"live-post__content\">\n<h2 class=\"live-post__title\">Roumanie : des fragments de drone retrouv\u00e9s pr\u00e8s de la fronti\u00e8re ukrainienne<\/h2>\n<p class=\"live-post__amorce\">Selon un communiqu\u00e9 du minist\u00e8re, &#8220;des fragments de drone ont \u00e9t\u00e9 signal\u00e9s entre les localit\u00e9s de Luncavita et de Vacareni, dans le comt\u00e9 de Tulcea (est)&#8221;. Samedi 25 avril, un drone \u00e9tait tomb\u00e9 pr\u00e8s de la fronti\u00e8re fluviale entre la Roumanie et l\u2019Ukraine. Aucune victime n\u2019a \u00e9t\u00e9 signal\u00e9e mais l\u2019incident a endommag\u00e9 des biens priv\u00e9s et publics et entra\u00een\u00e9 l\u2019\u00e9vacuation de plus de 200 habitants.<\/p>\n<\/div>\n<\/div>\n<div id=\"live_post_EVMOFQ3NCXQIOWT\"><span class=\"live-post__date\">14h06.<\/span><\/p>\n<div class=\"live-post__content\">\n<h2 class=\"live-post__title\">Catastrophe de Tchernobyl : le pape appelle \u00e0 utiliser l\u2019\u00e9nergie atomique \u00e0 des fins pacifiques<\/h2>\n<p class=\"live-post__amorce\">A l\u2019occasion du 40e anniversaire de l\u2019explosion de la centrale nucl\u00e9aire de Tchernobyl, le pape a demande que l&#8217;\u00e9nergie atomique soit utilis\u00e9e \u00e0 des fins pacifiques. <\/p>\n<p class=\"live-post__amorce\">Cette catastrophe &#8220;a marqu\u00e9 la conscience de l\u2019humanit\u00e9&#8221; et &#8220;demeure un avertissement quant aux risques inh\u00e9rents \u00e0 l\u2019utilisation de technologies toujours plus puissantes&#8221;, a-t-il d\u00e9clar\u00e9 \u00e0 la fin de la traditionnelle pri\u00e8re dominicale, le Regina caeli, au Vatican. Et d&#8217;ajouter :  &#8220;J\u2019esp\u00e8re qu\u2019\u00e0 tous les niveaux de d\u00e9cision le discernement et la responsabilit\u00e9 pr\u00e9vaudront toujours, afin que chaque utilisation de l\u2019\u00e9nergie atomique soit au service de la vie et de la paix.&#8221;<\/p>\n<\/div>\n<\/div>\n<div id=\"live_post_EVMOFG46D717A9K\"><span class=\"live-post__date\">09h27.<\/span><\/p>\n<div class=\"live-post__content\">\n<h2 class=\"live-post__title\">Zelensky accuse la Russie de &#8220;terrorisme nucl\u00e9aire&#8221; pour le 40e anniversaire de Tchernobyl<\/h2>\n<p class=\"live-post__amorce\"> &#8220;Le monde ne doit pas permettre que ce terrorisme nucl\u00e9aire se poursuive, et la meilleure fa\u00e7on d\u2019y mettre fin est de contraindre la Russie \u00e0 stopper ses attaques irresponsables&#8221;, a d\u00e9clar\u00e9 Volodymyr Zelenksy. A l\u2019occasion du 40e anniversaire de l\u2019accident de Tchernobyl, la pire catastrophe nucl\u00e9aire civile de l\u2019histoire ,la Russie est &#8220;une nouvelle fois en train de mener le monde au bord d\u2019une catastrophe provoqu\u00e9e par l\u2019homme&#8221; a-t-il ajout\u00e9.<\/p>\n<\/div>\n<\/div>\n<div id=\"live_post_EVMOFFN1HIZP7OJ\"><span class=\"live-post__date\">09h14.<\/span><\/p>\n<div class=\"live-post__content\">\n<h2 class=\"live-post__title\">La Russie dit avoir abattu 203 drones ukrainiens\u00a0<\/h2>\n<p class=\"live-post__amorce\">Dans la nuit de samedi \u00e0 dimanche, la d\u00e9fense anti-a\u00e9rienne russe a abattu 203 drones ukrainiens, selon le minist\u00e8re de la d\u00e9fense, un nombre tr\u00e8s \u00e9lev\u00e9 par rapport \u00e0 la moyenne. <\/p>\n<p class=\"live-post__amorce\">71 &#8220;cibles&#8221; ont vis\u00e9 S\u00e9bastopol, selon le gouverneur de la r\u00e9gion nomm\u00e9 par Moscou. Il s&#8217;agit de de &#8220;l\u2019une des attaques les plus massives&#8221; ayant vis\u00e9 cette ville qui compte plus d\u2019un demi-million d\u2019habitants et abrite la base historique de la flotte russe en mer Noire.<\/p>\n<\/div>\n<\/div>\n<div id=\"live_post_EVMOFEYR1VOB9NQ\"><span class=\"live-post__date\">08h55.<\/span><\/p>\n<div class=\"live-post__content\">\n<h2 class=\"live-post__title\">Quarante ans de Tchernobyl : d\u00e9couvrez 40 faits connus et m\u00e9connus sur l&#8217;histoire de la centrale nucl\u00e9aire<\/h2>\n<p class=\"std-elt__inline\">\n        <strong>\u00c0 lire aussi :<\/strong><br \/>\n        <a href=\"\/2026\/04\/26\/catastrophe-de-tchernobyl-il-y-a-40-ans-40-faits-connus-et-meconnus-de-lhistoire-de-la-centrale-nucleaire-et-de-la-zone-dexclusion-13343353.php\">Catastrophe de Tchernobyl, il y a 40 ans\u00a0: 40 faits connus et m\u00e9connus de l\u2019histoire de la centrale nucl\u00e9aire et de la zone d\u2019exclusion<\/a>\n    <\/p>\n<\/div>\n<\/div>\n<div id=\"live_post_EVMOFEX0ZKF8WHF\"><span class=\"live-post__date\">08h53.<\/span><\/p>\n<div class=\"live-post__content\">\n<h2 class=\"live-post__title\">Deux morts \u00e0\u00a0Zaporijia, selon le gouverneur r\u00e9gional<\/h2>\n<p class=\"live-post__amorce\">Une attaque de drones russes a fait deux morts, dans la nuit, dans une zone frontali\u00e8re du nord-est de l\u2019Ukraine. Les victimes de cette attaque, qui a eu lieu dans la localit\u00e9 de Bilopillia \u00e0 cinq kilom\u00e8tres de la fronti\u00e8re russe, sont des hommes de 48 et 72 ans, a pr\u00e9cis\u00e9 sur Telegram Oleh Hryhorov, le chef de l\u2019administration militaire de la r\u00e9gion de Soumy.<\/p>\n<\/div>\n<\/div>\n<div id=\"live_post_EVMOFETRWF2C8BV\"><span class=\"live-post__date\">08h51.<\/span><\/p>\n<p><h2 class=\"live-post__title\">Bonjour et bienvenue dans ce direct !\u00a0<\/h2>\n<\/p>\n<\/div>\n<p><script async src=\"\/\/platform.twitter.com\/widgets.js\" charset=\"utf-8\"><\/script><br \/><a href=\"https:\/\/www.ladepeche.fr\/2026\/04\/26\/direct-guerre-en-ukraine-deux-morts-apres-un-bombardement-russe-dans-la-nuit-a-zaporijjia-13344309.php\">source<\/a><\/p>\n","protected":false},"excerpt":{"rendered":"<p>14h36. Le pr\u00e9sident lituanien affirme que la Russie met &#8220;le monde en danger&#8221; et qu&#8217;elle &#8220;instrumentalise&#8221; le nucl\u00e9aire\u00a0 Le pr\u00e9sident lituanien, Gitanas Nauseda, a appel\u00e9 \u00e0 des mesures de &#8220;tout urgence&#8221; contre la Russie qui &#8220;instrumentalise l\u2019\u00e9nergie nucl\u00e9aire \u00e0 des fins militaires&#8221;. Dans un post publi\u00e9 sur X, il a affirm\u00e9 que &#8220;la Russie met [&hellip;]<\/p>\n","protected":false},"author":1,"featured_media":129772,"comment_status":"open","ping_status":"open","sticky":false,"template":"","format":"standard","meta":{"_monsterinsights_skip_tracking":false,"_monsterinsights_sitenote_active":false,"_monsterinsights_sitenote_note":"","_monsterinsights_sitenote_category":0,"footnotes":""},"categories":[1],"tags":[],"coauthors":[77],"class_list":["post-129771","post","type-post","status-publish","format-standard","has-post-thumbnail","hentry","category-a-la-une"],"aioseo_notices":[],"_links":{"self":[{"href":"https:\/\/pressactu.com\/index.php?rest_route=\/wp\/v2\/posts\/129771","targetHints":{"allow":["GET"]}}],"collection":[{"href":"https:\/\/pressactu.com\/index.php?rest_route=\/wp\/v2\/posts"}],"about":[{"href":"https:\/\/pressactu.com\/index.php?rest_route=\/wp\/v2\/types\/post"}],"author":[{"embeddable":true,"href":"https:\/\/pressactu.com\/index.php?rest_route=\/wp\/v2\/users\/1"}],"replies":[{"embeddable":true,"href":"https:\/\/pressactu.com\/index.php?rest_route=%2Fwp%2Fv2%2Fcomments&post=129771"}],"version-history":[{"count":0,"href":"https:\/\/pressactu.com\/index.php?rest_route=\/wp\/v2\/posts\/129771\/revisions"}],"wp:featuredmedia":[{"embeddable":true,"href":"https:\/\/pressactu.com\/index.php?rest_route=\/wp\/v2\/media\/129772"}],"wp:attachment":[{"href":"https:\/\/pressactu.com\/index.php?rest_route=%2Fwp%2Fv2%2Fmedia&parent=129771"}],"wp:term":[{"taxonomy":"category","embeddable":true,"href":"https:\/\/pressactu.com\/index.php?rest_route=%2Fwp%2Fv2%2Fcategories&post=129771"},{"taxonomy":"post_tag","embeddable":true,"href":"https:\/\/pressactu.com\/index.php?rest_route=%2Fwp%2Fv2%2Ftags&post=129771"},{"taxonomy":"author","embeddable":true,"href":"https:\/\/pressactu.com\/index.php?rest_route=%2Fwp%2Fv2%2Fcoauthors&post=129771"}],"curies":[{"name":"wp","href":"https:\/\/api.w.org\/{rel}","templated":true}]}}