{"id":129769,"date":"2026-04-27T10:22:53","date_gmt":"2026-04-27T10:22:53","guid":{"rendered":"https:\/\/pressactu.com\/?p=129769"},"modified":"2026-04-27T10:22:53","modified_gmt":"2026-04-27T10:22:53","slug":"paul-seixas-gagner-autant-que-possible-jusqua-ce-quil-nous-detruise-tous-tadej-pogacar-elogieux-envers-le-prodige-francais","status":"publish","type":"post","link":"https:\/\/pressactu.com\/?p=129769","title":{"rendered":"Paul Seixas\u00a0: &quot;Gagner autant que possible, jusqu\u2019\u00e0 ce qu\u2019il nous d\u00e9truise tous\u00a0!&quot; Tadej Pogacar \u00e9logieux envers le prodige fran\u00e7ais"},"content":{"rendered":"<p>\n                                                                    <span class=\"article-full__chapo-label hide-on-small-only\">l&#8217;essentiel<\/span><br \/>\n                                                                Apr\u00e8s sa victoire sur Li\u00e8ge-Bastogne-Li\u00e8ge ce 26\u00a0avril, Tadej Pogacar n\u2019a pas tari d\u2019\u00e9loge envers Paul Seixas, deuxi\u00e8me de l\u2019\u00e9preuve. Pour le quadruple vainqueur du Tour de France, le Fran\u00e7ais va faire mal \u00e0 tout le monde dans les prochaines ann\u00e9es.\n                            <\/p>\n<div rel=\"js-article-content\">\n                                                                                                                            <!-- Pub DFP Position [outstream] --><\/p>\n<p>Paul Seixas a montr\u00e9 qu\u2019il \u00e9tait grand. Le Fran\u00e7ais a fini 2e de Li\u00e8ge-Bastogne-Li\u00e8ge ce 26\u00a0avril derri\u00e8re l\u2019imbattable Tadej Pogacar. Seixas a pourtant longtemps tenu la drag\u00e9e haute au Slov\u00e8ne, suivant son rythme la c\u00f4te de la Redoute avant de l\u00e2cher \u00e0 14 kilom\u00e8tres de l\u2019arriv\u00e9e dans l\u2019ascension de la Roche aux Faucons. Impressionnant, le Fran\u00e7ais a montr\u00e9 qu\u2019il pouvait concurrencer le quadruple vainqueur du <a href=\"https:\/\/www.ladepeche.fr\/sport\/cyclisme\/tour-de-france\/\" target=\"_self\">Tour de France<\/a>.<\/p>\n<p><!-- Pub DFP Position [article] --><\/p>\n<p class=\"std-elt__inline\">\n        <strong>\u00c0 lire aussi :<\/strong><br \/>\n        <a href=\"\/2026\/04\/26\/liege-bastogne-liege-si-paul-seixas-gagne-je-ne-comprends-plus-rien-au-velo-un-ex-vainqueur-de-la-doyenne-lance-le-choc-entre-le-francais-et-tadej-13343351.php\">Li\u00e8ge-Bastogne-Li\u00e8ge\u00a0: &#8220;Si Paul Seixas gagne, je ne comprends plus rien au v\u00e9lo\u00a0!&#8221; Un ex-vainqueur de &#8220;la &#8220;Doyenne&#8221; lance le choc entre le Fran\u00e7ais et Tadej Pogacar<\/a>\n    <\/p>\n<p>\u00c0 sa descente de podium, le double champion du monde a voulu faire preuve de pr\u00e9monition\u00a0: &#8220;On va continuer de travailler dur pour essayer de le battre ces prochaines ann\u00e9es et de gagner autant que possible\u2026 Jusqu\u2019\u00e0 ce qu\u2019il nous d\u00e9truise tous\u00a0!&#8221; Vainqueur de la Fl\u00e8che wallonne en milieu de semaine et deuxi\u00e8me ce 26\u00a0avril, Paul Seixas confirme toutes les attentes plac\u00e9es en lui.<\/p>\n<p class=\"std-elt__inline\">\n        <strong>\u00c0 lire aussi :<\/strong><br \/>\n        <a href=\"\/2026\/04\/26\/liege-bastogne-liege-paul-seixas-termine-deuxieme-de-la-doyenne-des-classiques-derriere-tadej-pogacar-apres-un-gros-combat-13344517.php\">Li\u00e8ge-Bastogne-Li\u00e8ge\u00a0: Paul Seixas termine deuxi\u00e8me de la doyenne des classiques derri\u00e8re Tadej Pogacar apr\u00e8s un gros combat<\/a>\n    <\/p>\n<p>Annonc\u00e9 comme le seul capable de suivre Pogacar, le Lyonnais n\u2019a pas failli et a particuli\u00e8rement &#8220;impressionn\u00e9&#8221; l\u2019int\u00e9ress\u00e9\u00a0: &#8220;Voir Paul entrer dans un peloton aussi relev\u00e9 \u00e0 un si bon niveau d\u00e9j\u00e0 \u00e0 19 ans, \u00e7a motive tous les autres \u00e0 continuer de progresser [\u2026] Encore une fois, il n\u2019a que 19 ans, et normalement, le corps est au sommet de sa forme physique entre 26 et 30 ans&#8221;. De belles paroles pour le Fran\u00e7ais, et des encouragements pour celui qui s\u2019interroge toujours quant \u00e0 une participation au Tour de France cet \u00e9t\u00e9. Tadej Pogacar a, lui, d\u00e9j\u00e0 pris date avec son nouveau rival.<\/p>\n<\/p><\/div>\n<p><a href=\"https:\/\/www.ladepeche.fr\/2026\/04\/26\/paul-seixas-gagner-autant-que-possible-jusqua-ce-quil-nous-detruise-tous-tadej-pogacar-elogieux-envers-le-prodige-francais-13344851.php\">source<\/a><\/p>\n","protected":false},"excerpt":{"rendered":"<p>l&#8217;essentiel Apr\u00e8s sa victoire sur Li\u00e8ge-Bastogne-Li\u00e8ge ce 26\u00a0avril, Tadej Pogacar n\u2019a pas tari d\u2019\u00e9loge envers Paul Seixas, deuxi\u00e8me de l\u2019\u00e9preuve. Pour le quadruple vainqueur du Tour de France, le Fran\u00e7ais va faire mal \u00e0 tout le monde dans les prochaines ann\u00e9es. Paul Seixas a montr\u00e9 qu\u2019il \u00e9tait grand. Le Fran\u00e7ais a fini 2e de Li\u00e8ge-Bastogne-Li\u00e8ge [&hellip;]<\/p>\n","protected":false},"author":1,"featured_media":129770,"comment_status":"open","ping_status":"open","sticky":false,"template":"","format":"standard","meta":{"_monsterinsights_skip_tracking":false,"_monsterinsights_sitenote_active":false,"_monsterinsights_sitenote_note":"","_monsterinsights_sitenote_category":0,"footnotes":""},"categories":[71],"tags":[],"coauthors":[77],"class_list":["post-129769","post","type-post","status-publish","format-standard","has-post-thumbnail","hentry","category-sport"],"aioseo_notices":[],"_links":{"self":[{"href":"https:\/\/pressactu.com\/index.php?rest_route=\/wp\/v2\/posts\/129769","targetHints":{"allow":["GET"]}}],"collection":[{"href":"https:\/\/pressactu.com\/index.php?rest_route=\/wp\/v2\/posts"}],"about":[{"href":"https:\/\/pressactu.com\/index.php?rest_route=\/wp\/v2\/types\/post"}],"author":[{"embeddable":true,"href":"https:\/\/pressactu.com\/index.php?rest_route=\/wp\/v2\/users\/1"}],"replies":[{"embeddable":true,"href":"https:\/\/pressactu.com\/index.php?rest_route=%2Fwp%2Fv2%2Fcomments&post=129769"}],"version-history":[{"count":0,"href":"https:\/\/pressactu.com\/index.php?rest_route=\/wp\/v2\/posts\/129769\/revisions"}],"wp:featuredmedia":[{"embeddable":true,"href":"https:\/\/pressactu.com\/index.php?rest_route=\/wp\/v2\/media\/129770"}],"wp:attachment":[{"href":"https:\/\/pressactu.com\/index.php?rest_route=%2Fwp%2Fv2%2Fmedia&parent=129769"}],"wp:term":[{"taxonomy":"category","embeddable":true,"href":"https:\/\/pressactu.com\/index.php?rest_route=%2Fwp%2Fv2%2Fcategories&post=129769"},{"taxonomy":"post_tag","embeddable":true,"href":"https:\/\/pressactu.com\/index.php?rest_route=%2Fwp%2Fv2%2Ftags&post=129769"},{"taxonomy":"author","embeddable":true,"href":"https:\/\/pressactu.com\/index.php?rest_route=%2Fwp%2Fv2%2Fcoauthors&post=129769"}],"curies":[{"name":"wp","href":"https:\/\/api.w.org\/{rel}","templated":true}]}}