{"id":129753,"date":"2026-04-27T07:24:30","date_gmt":"2026-04-27T07:24:30","guid":{"rendered":"https:\/\/pressactu.com\/?p=129753"},"modified":"2026-04-27T07:24:30","modified_gmt":"2026-04-27T07:24:30","slug":"cest-un-projet-vertueux-souverain-et-industriel-quelle-est-cette-future-usine-quemmanuel-macron-vient-visiter-en-ariege","status":"publish","type":"post","link":"https:\/\/pressactu.com\/?p=129753","title":{"rendered":"&quot;C\u2019est un projet vertueux, souverain et industriel&quot;\u00a0: quelle est cette future usine qu\u2019Emmanuel Macron vient visiter en Ari\u00e8ge\u00a0?"},"content":{"rendered":"<p>\n                                                                    <span class=\"article-full__chapo-label hide-on-small-only\">l&#8217;essentiel<\/span><br \/>\n                                                                Lors de son escale en Ari\u00e8ge, Emmanuel Macron va s\u2019arr\u00eater \u00e0 Laroque-d\u2019Olmes, visiter le site en travaux de la future usine \u00ab\u00a0Occitanie G\u00e9otex\u00a0\u00bb. Une petite victoire pour le maire de la commune, qui y voit une mise en lumi\u00e8re d\u2019un projet &#8220;vertueux, souverain et industriel&#8221;.\n                            <\/p>\n<div rel=\"js-article-content\">\n                                                                                                                            <!-- Pub DFP Position [outstream] --><\/p>\n<p>\u00ab\u00a0M\u00eame si je ne suis pas totalement en accord avec le pr\u00e9sident de la R\u00e9publique, c\u2019est comme si on accueillait le pape, c\u2019est toujours un honneur\u00a0\u00bb, confie Patrick Laffont, maire de la commune de Laroque-d\u2019Olmes. Ce lundi 27\u00a0avril, Emmanuel Macron\u00a0va s\u2019arr\u00eater dans sa ville \u00e0 l\u2019occasion de sa venue en Ari\u00e8ge et en Andorre. Il sera question d\u2019industrie, et plus pr\u00e9cis\u00e9ment du projet en marche de la future usine \u00ab\u00a0Occitanie G\u00e9otex\u00a0\u00bb.<\/p>\n<p><!-- Pub DFP Position [article] --><\/p>\n<p><iframe width=\"600\" height=\"450\" style=\"border:0;\" allowfullscreen=\"\" loading=\"lazy\" referrerpolicy=\"no-referrer-when-downgrade\" data-src=\"https:\/\/www.google.com\/maps\/embed?pb=!1m18!1m12!1m3!1d2919.6520369902237!2d1.8659377117201927!3d42.9645366710228!2m3!1f0!2f0!3f0!3m2!1i1024!2i768!4f13.1!3m3!1m2!1s0x12afa700a1f568a1%3A0xb208769a4e0b3f47!2sRue%20Denis%20Papin%2C%2009600%20Laroque-d'Olmes!5e0!3m2!1sfr!2sfr!4v1777220979525!5m2!1sfr!2sfr\"><\/iframe><\/p>\n<p>Ancienne friche, ce site doit devenir un p\u00f4le \u00e9conomique en plus pour Laroque-d\u2019Olmes, sp\u00e9cialis\u00e9 dans la production de textile biosourc\u00e9. \u00ab\u00a0Pour moi, c\u2019est la cerise sur le g\u00e2teau. C\u2019est un super projet, avec un investissement de 30\u00a0millions d\u2019euros, et qui va cr\u00e9er \u00e0 la louche une cinquantaine d\u2019emplois nets, et 200 indirects. Qu\u2019il vienne le voir, c\u2019est une belle mise en lumi\u00e8re pour ce projet\u00a0\u00bb, r\u00e9agit Patrick Laffont, inform\u00e9 que quelques jours avant la venue d\u2019Emmanuel Macron, d\u2019abord \u00e0 travers la presse.<\/p>\n<h2 class=\"txt-int\">Un projet financ\u00e9 en partie par l\u2019\u00c9tat<\/h2>\n<p>Pour Emmanuel Macron, ce sera l\u2019occasion de rencontrer les acteurs d\u2019un projet financ\u00e9 en partie par l\u2019\u00c9tat. L\u2019agence de la transition \u00e9cologique, l\u2019Ademe, a \u00e9t\u00e9 approch\u00e9e pour apporter une aide de 6\u00a0millions d\u2019euros. Du c\u00f4t\u00e9 de l\u2019entreprise, l\u2019objectif est de produire 5 \u00e0 7\u00a0% du march\u00e9 national, 10\u00a0millions de m\u00e8tres carr\u00e9s de textiles, pour un chiffre d\u2019affaires de 27\u00a0millions d\u2019euros. \u00ab\u00a0C\u2019est un projet vertueux, souverain et industriel\u00a0\u00bb, vante Patrick Laffont.<\/p>\n<p>Le\u00a0maire de Lavelanet, commune voisine, souligne aussi cette dynamique \u00e9conomique en cours dans le pays d\u2019Olmes. \u00ab\u00a0\u00c9conomiquement, on est en train de redorer le blason\u00a0\u00bb, se r\u00e9jouit-il.<\/p>\n<\/p><\/div>\n<p><a href=\"https:\/\/www.ladepeche.fr\/2026\/04\/27\/cest-un-projet-vertueux-souverain-et-industriel-quelle-est-cette-future-usine-quemmanuel-macron-vient-visiter-en-ariege-13344686.php\">source<\/a><\/p>\n","protected":false},"excerpt":{"rendered":"<p>l&#8217;essentiel Lors de son escale en Ari\u00e8ge, Emmanuel Macron va s\u2019arr\u00eater \u00e0 Laroque-d\u2019Olmes, visiter le site en travaux de la future usine \u00ab\u00a0Occitanie G\u00e9otex\u00a0\u00bb. Une petite victoire pour le maire de la commune, qui y voit une mise en lumi\u00e8re d\u2019un projet &#8220;vertueux, souverain et industriel&#8221;. \u00ab\u00a0M\u00eame si je ne suis pas totalement en accord [&hellip;]<\/p>\n","protected":false},"author":1,"featured_media":129754,"comment_status":"open","ping_status":"open","sticky":false,"template":"","format":"standard","meta":{"_monsterinsights_skip_tracking":false,"_monsterinsights_sitenote_active":false,"_monsterinsights_sitenote_note":"","_monsterinsights_sitenote_category":0,"footnotes":""},"categories":[74],"tags":[],"coauthors":[77],"class_list":["post-129753","post","type-post","status-publish","format-standard","has-post-thumbnail","hentry","category-economie"],"aioseo_notices":[],"_links":{"self":[{"href":"https:\/\/pressactu.com\/index.php?rest_route=\/wp\/v2\/posts\/129753","targetHints":{"allow":["GET"]}}],"collection":[{"href":"https:\/\/pressactu.com\/index.php?rest_route=\/wp\/v2\/posts"}],"about":[{"href":"https:\/\/pressactu.com\/index.php?rest_route=\/wp\/v2\/types\/post"}],"author":[{"embeddable":true,"href":"https:\/\/pressactu.com\/index.php?rest_route=\/wp\/v2\/users\/1"}],"replies":[{"embeddable":true,"href":"https:\/\/pressactu.com\/index.php?rest_route=%2Fwp%2Fv2%2Fcomments&post=129753"}],"version-history":[{"count":0,"href":"https:\/\/pressactu.com\/index.php?rest_route=\/wp\/v2\/posts\/129753\/revisions"}],"wp:featuredmedia":[{"embeddable":true,"href":"https:\/\/pressactu.com\/index.php?rest_route=\/wp\/v2\/media\/129754"}],"wp:attachment":[{"href":"https:\/\/pressactu.com\/index.php?rest_route=%2Fwp%2Fv2%2Fmedia&parent=129753"}],"wp:term":[{"taxonomy":"category","embeddable":true,"href":"https:\/\/pressactu.com\/index.php?rest_route=%2Fwp%2Fv2%2Fcategories&post=129753"},{"taxonomy":"post_tag","embeddable":true,"href":"https:\/\/pressactu.com\/index.php?rest_route=%2Fwp%2Fv2%2Ftags&post=129753"},{"taxonomy":"author","embeddable":true,"href":"https:\/\/pressactu.com\/index.php?rest_route=%2Fwp%2Fv2%2Fcoauthors&post=129753"}],"curies":[{"name":"wp","href":"https:\/\/api.w.org\/{rel}","templated":true}]}}