{"id":129751,"date":"2026-04-27T07:00:28","date_gmt":"2026-04-27T07:00:28","guid":{"rendered":"https:\/\/pressactu.com\/?p=129751"},"modified":"2026-04-27T07:00:28","modified_gmt":"2026-04-27T07:00:28","slug":"gaza-liban-colonies-pourquoi-lunion-europeenne-reste-incapable-de-sanctionner-israel","status":"publish","type":"post","link":"https:\/\/pressactu.com\/?p=129751","title":{"rendered":"Gaza, Liban, colonies\u2026 Pourquoi l\u2019Union europ\u00e9enne reste incapable de sanctionner Isra\u00ebl"},"content":{"rendered":"<div>\n<figure class=\"hook-media--standard \"> <picture class=\"hook-media_picture pb-8\"><source media=\"(max-width: 768px)\" srcset=\"https:\/\/focus.nouvelobs.com\/2026\/04\/20\/520\/2621\/5067\/3378\/375\/250\/75\/0\/ea1775d_ftp-1-ogsiw7d5fvyr-afp-a8ek6g3.jpg 1x,https:\/\/focus.nouvelobs.com\/2026\/04\/20\/520\/2621\/5067\/3378\/750\/500\/50\/0\/ea1775d_ftp-1-ogsiw7d5fvyr-afp-a8ek6g3.jpg 2x\" width=\"375\" height=\"250\"><img fetchpriority=\"high\" decoding=\"async\" class=\"mx-auto\" src=\"data:image\/svg+xml,%3Csvg%20xmlns%3D%27http%3A%2F%2Fwww.w3.org%2F2000%2Fsvg%27%20fill%3D%22%23e4e4e4%22%20viewBox%3D%270%200%20510%20340%27%20width%3D%22510%22%20height%3D%22340%22%3E%3Cpath%20d%3D%27M0%200h510v340H0z%27%2F%3E%3C%2Fsvg%3E\" srcset=\"https:\/\/focus.nouvelobs.com\/2026\/04\/20\/520\/2621\/5067\/3378\/510\/340\/75\/0\/ea1775d_ftp-1-ogsiw7d5fvyr-afp-a8ek6g3.jpg 1x,https:\/\/focus.nouvelobs.com\/2026\/04\/20\/520\/2621\/5067\/3378\/1020\/680\/50\/0\/ea1775d_ftp-1-ogsiw7d5fvyr-afp-a8ek6g3.jpg 2x\" loading=\"eager\" width=\"510\" height=\"340\" data-oncrawl-image-size=\"510x340\" alt=\"Kaja Kallas, haute repr\u00e9sentante pour les Affaires \u00e9trang\u00e8res et la politique de s\u00e9curit\u00e9 de l\u2019UE, le 20\u00a0avril \u00e0 Bruxelles.\"\/>   <\/source><\/picture><figcaption class=\"hook-media_figcaption\">\n<p class=\"latino-100m text-grey-600\">  Kaja Kallas, haute repr\u00e9sentante pour les Affaires \u00e9trang\u00e8res et la politique de s\u00e9curit\u00e9 de l\u2019UE, le 20\u00a0avril \u00e0 Bruxelles.\u00a0<span class=\"text-grey-600 ms-4\">NICOLAS TUCAT\/AFP<\/span>  <\/p>\n<\/figcaption><\/figure>\n<div class=\"article__share d-flex align-items-center py-24 border-bottom  mb-32\" style=\"--border-color:#D9D9D9;\">\n<div class=\"d-flex flex-wrap gap-16\">                                <button data-article-key=\"20260426.OBS114469\" aria-label=\"Lire\u00a0plus\u00a0tard\" data-section=\"Monde\" data-piano=\"Page_Article,Sous_date_publi,A_lire_plus_tard,1er_clic,action\" class=\"popover-trigger btn--tertiary btn--icon-only btn btn--small btn--secondary read-later\"> <i class=\"icon  icon-read-after\" aria-hidden=\"true\"\/>  <span class=\"latino-300r mt-2 \"> Lire\u00a0plus\u00a0tard <\/span>  <\/button>        <a aria-label=\"Nous suivre sur Google News\" href=\"https:\/\/news.google.com\/publications\/CAAqBwgKMJe4nQkw3dFs?hl=fr&amp;gl=FR&amp;ceid=FR%3Afr\" target=\"_blank\" data-piano=\"Page_Article,Sous_date_publi,Nous_suivre_sur_google_news,1er_clic,action\" class=\"btn btn--small btn--tertiary btn--icon-only\">    <svg class=\"icon icon--google  \" style=\"--fill:#56668A\">   <use href=\"\/bucket\/resources\/web\/img\/e86dad2a9be111d0faac.svg#google\"\/>  <\/svg>   <span class=\"latino-300r mt-2 \">Google Actualit\u00e9s<\/span>  <\/a>     <button id=\"share\" aria-label=\"Partager\" class=\"popover-trigger btn btn--small btn--tertiary btn--icon-only\" data-piano=\"Page_Article,Sous_date_publi,Partager,1er_clic,action\">    <svg class=\"icon icon--share-alt  \" style=\"--fill:var(--base-foreground-color,#171717)\">   <use href=\"\/bucket\/resources\/web\/img\/e86dad2a9be111d0faac.svg#share-alt\"\/>  <\/svg>  <span class=\"latino-300r mt-2\">Partager<\/span> <\/button> <\/p>\n<div id=\"popover-share\" data-url=\"https:\/\/www.nouvelobs.com\/monde\/20260426.OBS114469\/gaza-liban-colonies-pourquoi-l-union-europeenne-reste-incapable-de-sanctionner-israel.html\" data-id=\"20260426.OBS114469\" data-popover-for=\"share\" class=\"popover p-32\" role=\"tooltip\" style=\"width: 375px\">\n<p>  <button onclick=\"setToFacebook();\" class=\"btn btn--large btn--secondary\" aria-label=\"Facebook\" piano-context-origin=\"Page_Article,Sous_date_publi,Partager,Facebook,action\">    <svg class=\"icon icon--facebook  \" style=\"--fill:var(--base-foreground-color,#171717)\">   <use href=\"\/bucket\/resources\/web\/img\/e86dad2a9be111d0faac.svg#facebook\"\/>  <\/svg>  <span class=\"latino-300r\">Facebook<\/span> <\/button> <button onclick=\"setToBsky();\" class=\"btn btn--large btn--secondary\" aria-label=\"Bluesky\" piano-context-origin=\"Page_Article,Sous_date_publi,Partager,Bluesky,action\">    <svg class=\"icon icon--bluesky  \" style=\"--fill:var(--base-foreground-color,#171717)\">   <use href=\"\/bucket\/resources\/web\/img\/e86dad2a9be111d0faac.svg#bluesky\"\/>  <\/svg>  <span class=\"latino-300r\">Bluesky<\/span> <\/button> <button id=\"mail-button\" onclick=\"setToMail(true)\" class=\"btn btn--large btn--secondary\" aria-label=\"Mail\" piano-context-origin=\"Page_Article,Sous_date_publi,Partager,Email,action\">    <svg class=\"icon icon--mail  \" style=\"--fill:var(--base-foreground-color,#171717)\">   <use href=\"\/bucket\/resources\/web\/img\/e86dad2a9be111d0faac.svg#mail\"\/>  <\/svg>  <span class=\"latino-300r\">E-mail<\/span> <\/button> <button onclick=\"setToClipboard();\" class=\"copy-button btn btn--large btn--secondary\" aria-label=\"copier le lien\" piano-context-origin=\"Page_Article,Sous_date_publi,Partager,Copier_lien,action\">    <svg class=\"icon icon--link  \" style=\"--fill:var(--base-foreground-color,#171717)\">   <use href=\"\/bucket\/resources\/web\/img\/e86dad2a9be111d0faac.svg#link\"\/>  <\/svg>  <span class=\"latino-300r\">Copier le lien<\/span> <\/button>  <\/p>\n<p> <button id=\"share-mail-submit\" type=\"submit\" form=\"mail-form\" onclick=\"__forecast.collectShareMail()\" class=\"latino-300r btn btn--large btn--black btn--fit\"> Envoyer <\/button> <\/p>\n<\/p><\/div>\n<p>                    <span data-urlencode=\"L2Fib25uZW1lbnQtYXZyaWwtMjAyNg==\" data-piano=\"Page_Article,Sous_date_publi,S_abonner_Printemps2026,1er_clic,action\" data-batch=\"clic_s_abonner\" class=\"btn btn--small btn--conversion-secondary\" style=\"--btn-color:#FFF;--btn-color-hover:#FFF;--btn-bg:#FC5F2B;--btn-bg-hover:#FC5F2B;--btn-bg-focus:#FC5F2B;--btn-border-color:#522DF7;\"> S\u2019abonner pour lire <\/span>       <\/div>\n<\/p><\/div>\n<p class=\"node__paragraphe antonia-750r text-grey-800 pb-24 pb-md-32\"> Elle aussi a fini par se faire une raison. En juin 2025, Kaja Kallas, cheffe de la diplomatie de l\u2019Union europ\u00e9enne, bataillait pour obtenir une suspension \u2013 au moins partielle \u2013 de l\u2019accord d\u2019association UE-Isra\u00ebl. \u00ab\u00a0S<em>i c\u2019\u00e9tait seulement entre mes mains, je prendrais cette d\u00e9cision, mais je repr\u00e9sente les vingt-sept\u00a0Etats membres, c\u2019est la frustration avec laquelle je dois agir\u00a0\u00bb<\/em>, jurait-elle, mains sur le c\u0153ur, face \u00e0 des eurod\u00e9put\u00e9s l\u2019accusant d\u2019inaction sur le dossier de Gaza. Mais cette semaine, au sortir du Conseil des affaires \u00e9trang\u00e8res \u00e0 Luxembourg, la Haute repr\u00e9sentante s\u2019est montr\u00e9e beaucoup plus r\u00e9serv\u00e9e\u00a0: \u00ab\u00a0<em>Est-ce que la suspension de l\u2019accord stopperait l\u2019expansion en Cisjordanie\u00a0?\u00a0<\/em>\u00bb interrogeait-elle, sceptique, avant de changer de sujet. <\/p>\n<p class=\"node__paragraphe antonia-750r text-grey-800 pb-8\"> Le conflit de ces derni\u00e8res semaines au Sud-Liban, o\u00f9 Isra\u00ebl entend cr\u00e9er une zone tampon afin de se pr\u00e9munir des attaques de la milice chiite Hezbollah, a rouvert le d\u00e9bat. Ce nouveau conflit a tu\u00e9 2\u00a0454\u00a0personnes depuis le 2\u00a0mars, selon les autorit\u00e9s libanaises. Qui accusent Isra\u00ebl d\u2019un \u00ab\u00a0<em>crime de\u2026<\/em> <\/p>\n<div class=\"paywall2025 d-flex flex-column mb-8 flash-offer\">\n<div class=\"oreillette d-flex justify-content-center align-items-center py-4 rounded-top-15\">\n<p class=\"latino-100m text-blue-400\">Article r\u00e9serv\u00e9 aux abonn\u00e9s.<\/p>\n<p>   <span class=\"latino-100m ps-8 text-decoration-underline text-blue-400\" style=\"cursor: pointer;\" data-piano=\"paywall_Printemps_anonymes,,,se_connecter,navigation\" data-urlencode=\"aHR0cHM6Ly9zZWMubm91dmVsb2JzLmNvbS9zZnVzZXIvY29ubmV4aW9uP3JlZGlyZWN0aW9uVXJsPWh0dHBzJTNBJTJGJTJGd3d3Lm5vdXZlbG9icy5jb20lMkZtb25kZSUyRjIwMjYwNDI2Lk9CUzExNDQ2OSUyRmdhemEtbGliYW4tY29sb25pZXMtcG91cnF1b2ktbC11bmlvbi1ldXJvcGVlbm5lLXJlc3RlLWluY2FwYWJsZS1kZS1zYW5jdGlvbm5lci1pc3JhZWwuaHRtbA==\"> Se connecter <\/span>  <\/div>\n<div class=\"paywall-body d-flex flex-column flex-grow-1 justify-content-center p-8 p-md-16 rounded-bottom-15\">\n<p class=\"title text-center antonia-1850c\" style=\"margin-bottom:4px;\">Offre sp\u00e9ciale<\/p>\n<p class=\"description pb-8 pb-md-16 antonia-800c text-center\">Tous nos contenus exclusifs en acc\u00e8s illimit\u00e9<\/p>\n<div class=\"d-flex flex-wrap flex-column column-gap-16 justify-content-center align-items-center\">\n<div class=\"actions d-flex flex-column flex-md-row gap-8 gap-md-16 justify-content-center align-items-center w-100 pb-8 pb-md-16\">  <span class=\"latino-100b latino-lg-300b btn btn--large btn--conversion-primary main-cta\" style=\"line-height:1;text-align:center!important;\" onclick=\"return window.pa.sendEvent('self_promotion.click', { 'onsitead_type': 'Self promotion', 'onsitead_campaign': 'Article Teaser Printemps 2026', 'onsitead_format':'Monde::Monde::20260426.OBS114469_Gaza_Liban_Colonies_Pourquoi_L_Union_Europeenne_Reste_Incapable_De_Sanctionner_Israel' });\" data-urlencode=\"aHR0cHM6Ly9tYWNvbW1hbmRlLm5vdXZlbG9icy5jb20vYWNjb3VudC9jcmVhdGUvMjM0MjUuMzYxNzcvMjI5MjQuMzYxODY\/YXJ0aWNsZT1odHRwcyUzQSUyRiUyRnd3dy5ub3V2ZWxvYnMuY29tJTJGbW9uZGUlMkYyMDI2MDQyNi5PQlMxMTQ0NjklMkZnYXphLWxpYmFuLWNvbG9uaWVzLXBvdXJxdW9pLWwtdW5pb24tZXVyb3BlZW5uZS1yZXN0ZS1pbmNhcGFibGUtZGUtc2FuY3Rpb25uZXItaXNyYWVsLmh0bWw=\" role=\"button\"> <span>S\u2019abonner pour 1\u20ac<\/span>  <span class=\"cta_l2\">le premier mois<\/span>  <\/span>  <\/p>\n<p class=\"or d-none d-md-flex\">ou<\/p>\n<p>    <button id=\"[&quot;essentiel_mensuel_0.99e3moisp7.99_swg&quot;,&quot;essentiel_annuel_29_99_swg&quot;]\" class=\"js-swg-activation swg-button text-center btn btn--large btn--swg\" aria-label=\"S'abonner avec Google\" style=\"cursor: pointer;\" onclick=\"ttq.track('AddToCart');return window.pa.sendEvent('self_promotion.click', { 'onsitead_type': 'Self promotion', 'onsitead_campaign': 'Article Teaser SWG Printemps 2026' , 'onsitead_format':'Monde::Monde::20260426.OBS114469_Gaza_Liban_Colonies_Pourquoi_L_Union_Europeenne_Reste_Incapable_De_Sanctionner_Israel'});\">  <img loading=\"lazy\" width=\"164\" height=\"20\" src=\"data:image\/svg+xml,%3Csvg%20xmlns%3D%27http%3A%2F%2Fwww.w3.org%2F2000%2Fsvg%27%20fill%3D%22%23e4e4e4%22%20viewBox%3D%270%200%20282%2054%27%20width%3D%22282%22%20height%3D%2254%22%3E%3Cpath%20d%3D%27M0%200h282v54H0z%27%2F%3E%3C%2Fsvg%3E\" srcset=\"\/bucket\/resources\/web\/img\/paywalls\/e5ba8d4bf655f12518cc.jpg\" class=\"js-swg-placeholder\" alt=\"Subscribe with Google\" loading=\"lazy\" decoding=\"async\"\/> <\/button>  <\/div>\n<\/p><\/div>\n<\/p><\/div>\n<\/p><\/div>\n<\/p><\/div>\n<p><a href=\"https:\/\/www.nouvelobs.com\/monde\/20260426.OBS114469\/gaza-liban-colonies-pourquoi-l-union-europeenne-reste-incapable-de-sanctionner-israel.html\">source<\/a><\/p>\n","protected":false},"excerpt":{"rendered":"<p>Kaja Kallas, haute repr\u00e9sentante pour les Affaires \u00e9trang\u00e8res et la politique de s\u00e9curit\u00e9 de l\u2019UE, le 20\u00a0avril \u00e0 Bruxelles.\u00a0NICOLAS TUCAT\/AFP Lire\u00a0plus\u00a0tard Google Actualit\u00e9s Partager Facebook Bluesky E-mail Copier le lien Envoyer S\u2019abonner pour lire Elle aussi a fini par se faire une raison. En juin 2025, Kaja Kallas, cheffe de la diplomatie de l\u2019Union europ\u00e9enne, [&hellip;]<\/p>\n","protected":false},"author":1,"featured_media":129752,"comment_status":"open","ping_status":"open","sticky":false,"template":"","format":"standard","meta":{"_monsterinsights_skip_tracking":false,"_monsterinsights_sitenote_active":false,"_monsterinsights_sitenote_note":"","_monsterinsights_sitenote_category":0,"footnotes":""},"categories":[75],"tags":[],"coauthors":[77],"class_list":["post-129751","post","type-post","status-publish","format-standard","has-post-thumbnail","hentry","category-monde"],"aioseo_notices":[],"_links":{"self":[{"href":"https:\/\/pressactu.com\/index.php?rest_route=\/wp\/v2\/posts\/129751","targetHints":{"allow":["GET"]}}],"collection":[{"href":"https:\/\/pressactu.com\/index.php?rest_route=\/wp\/v2\/posts"}],"about":[{"href":"https:\/\/pressactu.com\/index.php?rest_route=\/wp\/v2\/types\/post"}],"author":[{"embeddable":true,"href":"https:\/\/pressactu.com\/index.php?rest_route=\/wp\/v2\/users\/1"}],"replies":[{"embeddable":true,"href":"https:\/\/pressactu.com\/index.php?rest_route=%2Fwp%2Fv2%2Fcomments&post=129751"}],"version-history":[{"count":0,"href":"https:\/\/pressactu.com\/index.php?rest_route=\/wp\/v2\/posts\/129751\/revisions"}],"wp:featuredmedia":[{"embeddable":true,"href":"https:\/\/pressactu.com\/index.php?rest_route=\/wp\/v2\/media\/129752"}],"wp:attachment":[{"href":"https:\/\/pressactu.com\/index.php?rest_route=%2Fwp%2Fv2%2Fmedia&parent=129751"}],"wp:term":[{"taxonomy":"category","embeddable":true,"href":"https:\/\/pressactu.com\/index.php?rest_route=%2Fwp%2Fv2%2Fcategories&post=129751"},{"taxonomy":"post_tag","embeddable":true,"href":"https:\/\/pressactu.com\/index.php?rest_route=%2Fwp%2Fv2%2Ftags&post=129751"},{"taxonomy":"author","embeddable":true,"href":"https:\/\/pressactu.com\/index.php?rest_route=%2Fwp%2Fv2%2Fcoauthors&post=129751"}],"curies":[{"name":"wp","href":"https:\/\/api.w.org\/{rel}","templated":true}]}}