{"id":129749,"date":"2026-04-27T06:51:32","date_gmt":"2026-04-27T06:51:32","guid":{"rendered":"https:\/\/pressactu.com\/?p=129749"},"modified":"2026-04-27T06:51:32","modified_gmt":"2026-04-27T06:51:32","slug":"replay-donald-trump-evacue-du-diner-des-correspondants-de-la-maison-blanche-le-tireur-presume-interpelle-un-loup-solitaire-selon-le-president","status":"publish","type":"post","link":"https:\/\/pressactu.com\/?p=129749","title":{"rendered":"REPLAY. Donald Trump \u00e9vacu\u00e9 du d\u00eener des correspondants de la Maison-Blanche\u00a0: le tireur pr\u00e9sum\u00e9 interpell\u00e9, &quot;un loup solitaire&quot; selon le pr\u00e9sident"},"content":{"rendered":"<div id=\"live_post_EVMOG6I3X80HDSL\"><span class=\"live-post__date\">19h46.<\/span><\/p>\n<div class=\"live-post__content\">\n<h2 class=\"live-post__title\">Fin du direct<\/h2>\n<p class=\"live-post__amorce\">Merci de nous avoir suivis<\/p>\n<\/div>\n<\/div>\n<div id=\"live_post_EVMOFY8E426ZLUQ\"><span class=\"live-post__date\">17h54.<\/span><\/p>\n<div class=\"live-post__content\">\n<h2 class=\"live-post__title\">Trump dit que le suspect a \u00e9crit un manifeste antichr\u00e9tien<\/h2>\n<p class=\"live-post__amorce\">Le suspect appr\u00e9hend\u00e9 samedi apr\u00e8s avoir tent\u00e9 de p\u00e9n\u00e9trer au gala de la presse en pr\u00e9sence de Donald Trump a \u00e9crit un manifeste &#8220;tr\u00e8s antichr\u00e9tien&#8221;, a d\u00e9clar\u00e9 dimanche le pr\u00e9sident am\u00e9ricain sur la cha\u00eene Fox News. &#8220;Lorsque vous lisez son manifeste, il d\u00e9teste les chr\u00e9tiens, \u00e7a ne fait aucun doute&#8221;, a-t-il affirm\u00e9 dans cet entretien t\u00e9l\u00e9phonique, parlant d&#8217;une personne &#8220;visiblement tr\u00e8s d\u00e9rang\u00e9e&#8221;.<\/p>\n<\/div>\n<\/div>\n<div id=\"live_post_EVMOFUWAONUNXCK\"><span class=\"live-post__date\">16h21.<\/span><\/p>\n<div class=\"live-post__content\">\n<h2 class=\"live-post__title\">Un homme sort de la foule et tire sur le pr\u00e9sident des \u00c9tats-Unis : 45 ans avant Donald Trump, Ronald Reagan a fait l\u2019objet d\u2019une tentative d\u2019assassinat devant ce m\u00eame h\u00f4tel<\/p>\n<\/h2>\n<p class=\"std-elt__inline\">\n        <strong>\u00c0 lire aussi :<\/strong><br \/>\n        <a href=\"\/2026\/04\/26\/un-homme-sort-de-la-foule-et-tire-sur-le-president-des-etats-unis-45-ans-avant-donald-trump-ronald-reagan-a-fait-lobjet-dune-tentative-dassassinat-13344452.php\">Un homme sort de la foule et tire sur le pr\u00e9sident des \u00c9tats-Unis\u00a0: 45 ans avant Donald Trump, Ronald Reagan a fait l\u2019objet d\u2019une tentative d\u2019assassinat devant ce m\u00eame h\u00f4tel<\/a>\n    <\/p>\n<\/div>\n<\/div>\n<div id=\"live_post_EVMOFKK4OO0RGSH\"><span class=\"live-post__date\">11h31.<\/span><\/p>\n<div class=\"live-post__content\">\n<h2 class=\"live-post__title\">La Premi\u00e8re ministre italienne, Giorgia Meloni, exprime sa &#8220;pleine solidarit\u00e9&#8221; envers Trump<\/h2>\n<p class=\"live-post__amorce\">Sur X, elle a exprim\u00e9 sa &#8220;pleine solidarit\u00e9&#8221; envers le pr\u00e9sident am\u00e9ricain. &#8220;Je tiens \u00e0 exprimer ma pleine solidarit\u00e9 et ma plus sinc\u00e8re proximit\u00e9 au Pr\u00e9sident Trump, \u00e0 la Premi\u00e8re Dame Melania, au vice-pr\u00e9sident Vance et \u00e0 tous les pr\u00e9sents pour ce qui s\u2019est produit au d\u00eener de la presse de la Maison Blanche hier soir.&#8221;<\/p>\n<div class=\"extemb-container\">\n<blockquote data-class=\"twitter-tweet\">\n<p lang=\"it\" dir=\"ltr\">Desidero esprimere la mia piena solidariet\u00e0 e pi\u00f9 sincera vicinanza al Presidente Trump, alla First Lady Melania, al Vice Presidente Vance e a tutti i presenti per quanto accaduto alla cena dei Corrispondenti della Casa Bianca di ieri sera.<\/p>\n<p>Nessun odio politico pu\u00f2 trovare\u2026<\/p>\n<p>\u2014 Giorgia Meloni (@GiorgiaMeloni) <a href=\"https:\/\/twitter.com\/GiorgiaMeloni\/status\/2048324616867676410?ref_src=twsrc%5Etfw\">April 26, 2026<\/a><\/p><\/blockquote><\/div>\n<\/div>\n<\/div>\n<div id=\"live_post_EVMOFKIKIS3CIDO\"><span class=\"live-post__date\">11h30.<\/span><\/p>\n<div class=\"live-post__content\">\n<h2 class=\"live-post__title\">Pedro S\u00e1nchez, le pr\u00e9sident espagnol, condamne &#8220;l&#8217;attaque contre le pr\u00e9sident Donald Trump&#8221;<\/h2>\n<p class=\"live-post__amorce\">&#8220;La violence n\u2019est jamais la voie. L\u2019humanit\u00e9 ne progressera que par la d\u00e9mocratie, la coexistence et la paix&#8221;, a-t-il \u00e9crit sur X<\/p>\n<div class=\"extemb-container\">\n<blockquote data-class=\"twitter-tweet\">\n<p lang=\"es\" dir=\"ltr\">Condenamos el ataque que se ha producido esta noche contra el presidente <a href=\"https:\/\/twitter.com\/realDonaldTrump?ref_src=twsrc%5Etfw\">@realDonaldTrump<\/a>.<\/p>\n<p>La violencia nunca es el camino. La humanidad solo avanzar\u00e1 a trav\u00e9s de la democracia, la convivencia y la paz.<\/p>\n<p>\u2014 Pedro S\u00e1nchez (@sanchezcastejon) <a href=\"https:\/\/twitter.com\/sanchezcastejon\/status\/2048303368913703230?ref_src=twsrc%5Etfw\">April 26, 2026<\/a><\/p><\/blockquote><\/div>\n<\/div>\n<\/div>\n<div id=\"live_post_EVMOFKGKAINNT6B\"><span class=\"live-post__date\">11h29.<\/span><\/p>\n<div class=\"live-post__content\">\n<h2 class=\"live-post__title\">Emmanuel Macron d\u00e9nonce &#8220;une attaque inacceptable&#8221;\u00a0<\/h2>\n<p class=\"live-post__amorce\">&#8220;L\u2019attaque arm\u00e9e visant hier soir le pr\u00e9sident des \u00c9tats-Unis est inacceptable. La violence n\u2019a jamais sa place en d\u00e9mocratie. J\u2019adresse \u00e0 Donald Trump tout mon soutien&#8221;, a \u00e9crit le pr\u00e9sident de la R\u00e9publique sur son compte X.<\/p>\n<div class=\"extemb-container\">\n<blockquote data-class=\"twitter-tweet\">\n<p lang=\"fr\" dir=\"ltr\">L\u2019attaque arm\u00e9e visant hier soir le pr\u00e9sident des \u00c9tats-Unis est inacceptable. La violence n\u2019a jamais sa place en d\u00e9mocratie. J\u2019adresse \u00e0 Donald Trump tout mon soutien.<\/p>\n<p>\u2014 Emmanuel Macron (@EmmanuelMacron) <a href=\"https:\/\/twitter.com\/EmmanuelMacron\/status\/2048326137101562020?ref_src=twsrc%5Etfw\">April 26, 2026<\/a><\/p><\/blockquote><\/div>\n<\/div>\n<\/div>\n<div id=\"live_post_EVMOFIMUI0KJTR5\"><span class=\"live-post__date\">10h37.<\/span><\/p>\n<div class=\"live-post__content\">\n<h2 class=\"live-post__title\">&#8220;Loup solitaire&#8221;, enseignant&#8230; qui est le suspect ?\u00a0<\/h2>\n<p class=\"live-post__amorce\">Le suspect appara\u00eet comme \u00e9tant Cole Thomas Allen, 31 ans. Il est originaire de Torrance, dans la banlieue de Los Angeles en Californie.<\/p>\n<p class=\"std-elt__inline\">\n        <strong>\u00c0 lire aussi :<\/strong><br \/>\n        <a href=\"\/2026\/04\/26\/loup-solitaire-developpeur-de-jeux-video-enseignant-qui-est-cole-tomas-allen-le-tireur-arrete-lors-du-diner-des-correspondants-de-la-maison-blanche-13344312.php\">&#8220;Loup solitaire&#8221;, d\u00e9veloppeur de jeux vid\u00e9o, enseignant\u2026 Qui est Cole Tomas Allen, le tireur arr\u00eat\u00e9 lors du d\u00eener des correspondants de la Maison-Blanche\u00a0?<\/a>\n    <\/p>\n<\/div>\n<\/div>\n<div id=\"live_post_EVMOFIKG7U3U66S\"><span class=\"live-post__date\">10h36.<\/span><\/p>\n<div class=\"live-post__content\">\n<h2 class=\"live-post__title\">Benjamin Netanyahu d\u00e9clare \u00eatre choqu\u00e9 de &#8220;la tentative d&#8217;assassinat&#8221; sur Donald Trump<\/h2>\n<p class=\"live-post__amorce\">Dans une publication sur X, le Premier ministre isra\u00e9lien, Benyamin Netanyahu s&#8217;est dit &#8220;soulag\u00e9&#8221; que Donald Trump et sa femme soient &#8220;sains et saufs et forts&#8221; apr\u00e8s les tirs durant le d\u00eener des correspondants de la Maison Blanche. &#8220;Nous avons \u00e9t\u00e9 choqu\u00e9&#8221;, a-t-il ajout\u00e9. <\/p>\n<div class=\"extemb-container\">\n<blockquote data-class=\"twitter-tweet\">\n<p lang=\"en\" dir=\"ltr\">Sara and I were shocked by the attempted assassination of President <a href=\"https:\/\/twitter.com\/realDonaldTrump?ref_src=twsrc%5Etfw\">@realDonaldTrump<\/a> last night in Washington, DC. We are relieved that the President and the First Lady are safe and strong. We send our wishes for a full and speedy recovery to the wounded police officer and salute\u2026<\/p>\n<p>\u2014 Benjamin Netanyahu &#8211; \u05d1\u05e0\u05d9\u05de\u05d9\u05df \u05e0\u05ea\u05e0\u05d9\u05d4\u05d5 (@netanyahu) <a href=\"https:\/\/twitter.com\/netanyahu\/status\/2048290585228746798?ref_src=twsrc%5Etfw\">April 26, 2026<\/a><\/p><\/blockquote><\/div>\n<\/div>\n<\/div>\n<div id=\"live_post_EVMOFCYNB3F7192\"><span class=\"live-post__date\">07h59.<\/span><\/p>\n<div class=\"live-post__content\">\n<h2 class=\"live-post__title\">Trump assure que lieu du d\u00eener n\u2019\u00e9tait &#8220;pas particuli\u00e8rement s\u00fbr&#8221;<\/h2>\n<p class=\"live-post__amorce\">Selon le  pr\u00e9sident am\u00e9ricain l\u2019h\u00f4tel Hilton de Washington, o\u00f9 des coups de feu ont \u00e9t\u00e9 tir\u00e9s lors du d\u00eener des correspondants de la Maison Blanche, n\u2019est pas &#8220;un b\u00e2timent particuli\u00e8rement s\u00fbr&#8221;, a critiqu\u00e9 Donald Trump.<\/p>\n<p class=\"live-post__amorce\">Le pr\u00e9sident am\u00e9ricain a n\u00e9anmoins reconnu que le dispositif de contr\u00f4le mis en place \u00e0 l\u2019occasion du d\u00eener des correspondants de la Maison Blanche &#8220;\u00e9tait tr\u00e8s s\u00fbr&#8221;, le suspect ayant \u00e9t\u00e9 intercept\u00e9 avant d\u2019approcher de la salle o\u00f9 se trouvaient les invit\u00e9s. C\u2019est devant cet h\u00f4tel que le pr\u00e9sident Ronald Reagan avait \u00e9t\u00e9 bless\u00e9 par balle en 1981 lors d\u2019une tentative d\u2019assassinat.<\/p>\n<\/div>\n<\/div>\n<div id=\"live_post_EVMOFCWPBSLW5LE\"><span class=\"live-post__date\">07h57.<\/span><\/p>\n<div class=\"live-post__content\">\n<h2 class=\"live-post__title\">Un suspect &#8220;lourdement arm\u00e9&#8221;<\/h2>\n<p class=\"live-post__amorce\">Donald Trump a expliqu\u00e9 que l\u2019individu \u00e0 l\u2019origine des coups de feu \u00e9t\u00e9 &#8220;lourdement arm\u00e9.&#8221; &#8220;C\u2019\u00e9tait, d\u2019une certaine mani\u00e8re, tr\u00e8s beau, vraiment une tr\u00e8s belle chose que de voir un homme foncer sur un poste de contr\u00f4le de s\u00e9curit\u00e9 arm\u00e9 de plusieurs armes, et il a \u00e9t\u00e9 neutralis\u00e9 par quelques membres tr\u00e8s courageux du Secret Service, qui ont agi tr\u00e8s rapidement&#8221;, a d\u00e9clar\u00e9 le pr\u00e9sident am\u00e9ricain, qui parle d\u2019un \u00abassassin en puissance\u00bb ayant eu l\u2019intention de tuer.<\/p>\n<\/div>\n<\/div>\n<div id=\"live_post_EVMOFCVZYOOQKCD\"><span class=\"live-post__date\">07h57.<\/span><\/p>\n<div class=\"live-post__content\">\n<h2 class=\"live-post__title\">Un membre des forces de l\u2019ordre touch\u00e9 par balle<\/h2>\n<p class=\"live-post__amorce\">Le pr\u00e9sident am\u00e9ricain a annonc\u00e9 qu\u2019un membre des forces de l\u2019ordre avait \u00e9t\u00e9 touch\u00e9 par un coup de feu tir\u00e9 par le suspect qui a \u00e9t\u00e9 arr\u00eat\u00e9 lors du d\u00eener des correspondants de la Maison Blanche. L\u2019agent a \u00e9t\u00e9 sauv\u00e9 gr\u00e2ce au port d\u2019un gilet pare-balles, a-t-il pr\u00e9cis\u00e9 lors d\u2019un point presse \u00e0 la Maison Blanche.<\/p>\n<\/div>\n<\/div>\n<div id=\"live_post_EVMOFCUPIL6SVBV\"><span class=\"live-post__date\">07h56.<\/span><\/p>\n<div class=\"live-post__content\">\n<h2 class=\"live-post__title\">Les tirs auraient eu lieu dans &#8220;une zone de contr\u00f4le&#8221; \u00e0 l\u2019ext\u00e9rieur<\/h2>\n<p class=\"live-post__amorce\">Les coups de feu auraient eu lieu dans &#8220;une zone de contr\u00f4le&#8221; \u00e0 l\u2019ext\u00e9rieur de la salle du d\u00eener des correspondants. Donald Trump a diffus\u00e9, sur son r\u00e9seau Truth Social, des images de cam\u00e9ras de s\u00e9curit\u00e9 montrant une personne se ruer sur le portique de d\u00e9tection de m\u00e9taux situ\u00e9 \u00e0 l\u2019entr\u00e9e de la salle o\u00f9 se tenait le gala, et plusieurs membres de forces de l\u2019ordre d\u00e9gainant leurs armes.<\/p>\n<\/div>\n<\/div>\n<div id=\"live_post_EVMOFCR9P1UEK89\"><span class=\"live-post__date\">07h53.<\/span><\/p>\n<div class=\"live-post__content\">\n<h2 class=\"live-post__title\">Le tireur pr\u00e9sum\u00e9 a \u00e9t\u00e9 arr\u00eat\u00e9\u00a0<\/h2>\n<p class=\"live-post__amorce\">Donald Trump a salu\u00e9 le travail des services de s\u00e9curit\u00e9 et confirm\u00e9 qu\u2019un suspect avait &#8220;\u00e9t\u00e9 appr\u00e9hend\u00e9&#8221;, apr\u00e8s avoir \u00e9t\u00e9 \u00e9vacu\u00e9 du d\u00eener des correspondants de la Maison Blanche.<\/p>\n<p class=\"live-post__amorce\">&#8220;Quelle soir\u00e9e \u00e0 Washington. Les Secret Service et les forces de l\u2019ordre ont fait un travail formidable. Ils ont agi avec rapidit\u00e9 et courage. Le tireur a \u00e9t\u00e9 appr\u00e9hend\u00e9 et j\u2019ai conseill\u00e9 que \u2019le spectacle continue\u2019, mais nous nous remettons enti\u00e8rement \u00e0 la d\u00e9cision des forces de l\u2019ordre. Elles prendront une d\u00e9cision sous peu&#8221;, a-t-il \u00e9crit sur sa plateforme Truth Social.<\/p>\n<\/div>\n<\/div>\n<div id=\"live_post_EVMOFCPGX63FVTK\"><span class=\"live-post__date\">07h52.<\/span><\/p>\n<div class=\"live-post__content\">\n<h2 class=\"live-post__title\">Que s&#8217;est-il pass\u00e9 samedi \u00e0 l&#8217;h\u00f4tel Hilton de Washington ?<\/h2>\n<p class=\"live-post__amorce\">Lors du d\u00eener annuel de l&#8217;association des correspondants \u00e0 la Maison Blanche avait d\u00e9but\u00e9 depuis peu, selon les journalistes de l&#8217;AFP pr\u00e9sents, quand une grande agitation s&#8217;est fait entendre aux portes de la salle apr\u00e8s un \u00e9change de tirs. Des cris &#8220;\u00c0 terre ! \u00c0 terre !&#8221; ont alors retenti.<\/p>\n<p class=\"live-post__amorce\"> Des agents du Secret service, le service de protection du pr\u00e9sident et des membres du gouvernement, sont entr\u00e9s dans la salle, lourdement arm\u00e9s. Les forces de l&#8217;ordre ont ensuite ordonn\u00e9 aux invit\u00e9s, journalistes, ministres, politiciens et personnalit\u00e9s diverses, de quitter l&#8217;immense salle situ\u00e9e au premier sous-sol de l&#8217;h\u00f4tel.<\/p>\n<p class=\"live-post__amorce\">Ce n&#8217;est qu&#8217;apr\u00e8s quelques secondes que les convives ont sembl\u00e9 r\u00e9aliser qu&#8217;un incident s&#8217;\u00e9tait produit, Melania Trump montrant un visage angoiss\u00e9. Des agents de s\u00e9curit\u00e9 lourdement arm\u00e9s sont alors intervenus tr\u00e8s rapidement et ont \u00e9vacu\u00e9 Donald Trump vers la gauche de l&#8217;estrade.<\/p>\n<\/div>\n<\/div>\n<div id=\"live_post_EVMOFCP1FV6GZ6Q\"><span class=\"live-post__date\">07h51.<\/span><\/p>\n<p><h2 class=\"live-post__title\">Bonjour et bienvenue dans ce direct !\u00a0<\/h2>\n<\/p>\n<\/div>\n<p><script async src=\"\/\/platform.twitter.com\/widgets.js\" charset=\"utf-8\"><\/script><br \/><a href=\"https:\/\/www.ladepeche.fr\/2026\/04\/26\/direct-donald-trump-evacue-du-diner-des-correspondants-de-la-maison-blanche-le-tireur-presume-interpelle-un-loup-solitaire-selon-le-president-13344283.php\">source<\/a><\/p>\n","protected":false},"excerpt":{"rendered":"<p>19h46. Fin du direct Merci de nous avoir suivis 17h54. Trump dit que le suspect a \u00e9crit un manifeste antichr\u00e9tien Le suspect appr\u00e9hend\u00e9 samedi apr\u00e8s avoir tent\u00e9 de p\u00e9n\u00e9trer au gala de la presse en pr\u00e9sence de Donald Trump a \u00e9crit un manifeste &#8220;tr\u00e8s antichr\u00e9tien&#8221;, a d\u00e9clar\u00e9 dimanche le pr\u00e9sident am\u00e9ricain sur la cha\u00eene Fox [&hellip;]<\/p>\n","protected":false},"author":1,"featured_media":129750,"comment_status":"open","ping_status":"open","sticky":false,"template":"","format":"standard","meta":{"_monsterinsights_skip_tracking":false,"_monsterinsights_sitenote_active":false,"_monsterinsights_sitenote_note":"","_monsterinsights_sitenote_category":0,"footnotes":""},"categories":[1],"tags":[],"coauthors":[77],"class_list":["post-129749","post","type-post","status-publish","format-standard","has-post-thumbnail","hentry","category-a-la-une"],"aioseo_notices":[],"_links":{"self":[{"href":"https:\/\/pressactu.com\/index.php?rest_route=\/wp\/v2\/posts\/129749","targetHints":{"allow":["GET"]}}],"collection":[{"href":"https:\/\/pressactu.com\/index.php?rest_route=\/wp\/v2\/posts"}],"about":[{"href":"https:\/\/pressactu.com\/index.php?rest_route=\/wp\/v2\/types\/post"}],"author":[{"embeddable":true,"href":"https:\/\/pressactu.com\/index.php?rest_route=\/wp\/v2\/users\/1"}],"replies":[{"embeddable":true,"href":"https:\/\/pressactu.com\/index.php?rest_route=%2Fwp%2Fv2%2Fcomments&post=129749"}],"version-history":[{"count":0,"href":"https:\/\/pressactu.com\/index.php?rest_route=\/wp\/v2\/posts\/129749\/revisions"}],"wp:featuredmedia":[{"embeddable":true,"href":"https:\/\/pressactu.com\/index.php?rest_route=\/wp\/v2\/media\/129750"}],"wp:attachment":[{"href":"https:\/\/pressactu.com\/index.php?rest_route=%2Fwp%2Fv2%2Fmedia&parent=129749"}],"wp:term":[{"taxonomy":"category","embeddable":true,"href":"https:\/\/pressactu.com\/index.php?rest_route=%2Fwp%2Fv2%2Fcategories&post=129749"},{"taxonomy":"post_tag","embeddable":true,"href":"https:\/\/pressactu.com\/index.php?rest_route=%2Fwp%2Fv2%2Ftags&post=129749"},{"taxonomy":"author","embeddable":true,"href":"https:\/\/pressactu.com\/index.php?rest_route=%2Fwp%2Fv2%2Fcoauthors&post=129749"}],"curies":[{"name":"wp","href":"https:\/\/api.w.org\/{rel}","templated":true}]}}