{"id":129741,"date":"2026-04-27T05:10:34","date_gmt":"2026-04-27T05:10:34","guid":{"rendered":"https:\/\/pressactu.com\/?p=129741"},"modified":"2026-04-27T05:10:34","modified_gmt":"2026-04-27T05:10:34","slug":"choc-frontal-dune-violence-extreme-dans-le-lot-et-garonne-deux-jeunes-de-25-et-27-ans-tues-sur-leur-moto","status":"publish","type":"post","link":"https:\/\/pressactu.com\/?p=129741","title":{"rendered":"Choc frontal d\u2019une violence extr\u00eame dans le Lot-et-Garonne\u00a0: deux jeunes de 25 et 27 ans tu\u00e9s sur leur moto"},"content":{"rendered":"<p>\n                                                                    <span class=\"article-full__chapo-label hide-on-small-only\">l&#8217;essentiel<\/span><br \/>\n                                                                Un accident de la route a co\u00fbt\u00e9 la vie \u00e0 deux jeunes qui circulaient \u00e0 moto, ce dimanche 26\u00a0avril en d\u00e9but de soir\u00e9e. Le drame s\u2019est nou\u00e9 sur la commune de Montesquieu dans le Lot-et-Garonne.\n                            <\/p>\n<div rel=\"js-article-content\" data-state=\"fixed-height\" data-selection=\"disabled\">\n                                                                                                                            <!-- Pub DFP Position [outstream] --><\/p>\n<p>Un nouveau drame sur les routes du Lot-et-Garonne. Un grave accident de la circulation s\u2019est produit ce dimanche 26\u00a0avril en d\u00e9but de soir\u00e9e sur la D 119, \u00e0 hauteur de la commune de Montesquieu. L\u2019alerte a \u00e9t\u00e9 donn\u00e9e peu avant 20\u00a0heures, mobilisant d\u2019importants moyens de secours.<\/p>\n<p><!-- Pub DFP Position [article] --><\/p>\n<p><iframe width=\"600\" height=\"450\" style=\"border:0;\" allowfullscreen=\"\" loading=\"lazy\" referrerpolicy=\"no-referrer-when-downgrade\" data-src=\"https:\/\/www.google.com\/maps\/embed?pb=!1m18!1m12!1m3!1d2617.98790935231!2d0.4407765757302052!3d44.20604761650011!2m3!1f0!2f0!3f0!3m2!1i1024!2i768!4f13.1!3m3!1m2!1s0x12aa4583a668b49f%3A0xb83ac10320aa489a!2s2371%20Rte%20de%20l'Oc%C3%A9an%2C%2047130%20Montesquieu!5e1!3m2!1sfr!2sfr!4v1777233677791!5m2!1sfr!2sfr\"><\/iframe><\/p>\n<p>Selon les premiers \u00e9l\u00e9ments, une moto de grosse cylindr\u00e9e et un v\u00e9hicule l\u00e9ger sont entr\u00e9s en collision frontale, avec une violence d\u00e9crite comme particuli\u00e8rement \u00e9lev\u00e9e. \u00c0 leur arriv\u00e9e sur les lieux, les sapeurs-pompiers ont pris en charge quatre victimes, dont deux en arr\u00eat cardio-respiratoire.<\/p>\n<h2 class=\"txt-int\">Deux jeunes sur la moto n\u2019ont pas surv\u00e9cu<\/h2>\n<p>Malgr\u00e9 l\u2019intervention rapide des \u00e9quipes m\u00e9dicales du Smur, les deux occupants de la moto, une femme de 25 ans et un homme de 27 ans, n\u2019ont pas pu \u00eatre r\u00e9anim\u00e9s et ont \u00e9t\u00e9 d\u00e9clar\u00e9s d\u00e9c\u00e9d\u00e9s sur place par le m\u00e9decin du service d\u2019urgence<\/p>\n<p>Les deux autres personnes impliqu\u00e9es, un homme de 73 ans et une femme de 78 ans, occupants du v\u00e9hicule l\u00e9ger, ont \u00e9t\u00e9 l\u00e9g\u00e8rement bless\u00e9es. Elles ont \u00e9t\u00e9 prises en charge et transport\u00e9es vers le centre hospitalier d\u2019Agen.<\/p>\n<p>Au total, seize sapeurs-pompiers ont \u00e9t\u00e9 mobilis\u00e9s, appuy\u00e9s par plusieurs v\u00e9hicules de secours et de d\u00e9sincarc\u00e9ration, ainsi que par une \u00e9quipe m\u00e9dicale du SMUR. La gendarmerie, un officier de police judiciaire, ainsi que le maire de la commune se sont \u00e9galement rendus sur les lieux.\u00a0Une enqu\u00eate a \u00e9t\u00e9 ouverte afin de d\u00e9terminer les circonstances pr\u00e9cises de cet accident dramatique.<\/p>\n<\/p><\/div>\n<p><a href=\"https:\/\/www.ladepeche.fr\/2026\/04\/26\/choc-frontal-dune-violence-extreme-dans-le-lot-et-garonne-deux-jeunes-de-25-et-27-ans-tues-sur-leur-moto-13344904.php\">source<\/a><\/p>\n","protected":false},"excerpt":{"rendered":"<p>l&#8217;essentiel Un accident de la route a co\u00fbt\u00e9 la vie \u00e0 deux jeunes qui circulaient \u00e0 moto, ce dimanche 26\u00a0avril en d\u00e9but de soir\u00e9e. Le drame s\u2019est nou\u00e9 sur la commune de Montesquieu dans le Lot-et-Garonne. Un nouveau drame sur les routes du Lot-et-Garonne. Un grave accident de la circulation s\u2019est produit ce dimanche 26\u00a0avril [&hellip;]<\/p>\n","protected":false},"author":1,"featured_media":129742,"comment_status":"open","ping_status":"open","sticky":false,"template":"","format":"standard","meta":{"_monsterinsights_skip_tracking":false,"_monsterinsights_sitenote_active":false,"_monsterinsights_sitenote_note":"","_monsterinsights_sitenote_category":0,"footnotes":""},"categories":[1],"tags":[],"coauthors":[77],"class_list":["post-129741","post","type-post","status-publish","format-standard","has-post-thumbnail","hentry","category-a-la-une"],"aioseo_notices":[],"_links":{"self":[{"href":"https:\/\/pressactu.com\/index.php?rest_route=\/wp\/v2\/posts\/129741","targetHints":{"allow":["GET"]}}],"collection":[{"href":"https:\/\/pressactu.com\/index.php?rest_route=\/wp\/v2\/posts"}],"about":[{"href":"https:\/\/pressactu.com\/index.php?rest_route=\/wp\/v2\/types\/post"}],"author":[{"embeddable":true,"href":"https:\/\/pressactu.com\/index.php?rest_route=\/wp\/v2\/users\/1"}],"replies":[{"embeddable":true,"href":"https:\/\/pressactu.com\/index.php?rest_route=%2Fwp%2Fv2%2Fcomments&post=129741"}],"version-history":[{"count":0,"href":"https:\/\/pressactu.com\/index.php?rest_route=\/wp\/v2\/posts\/129741\/revisions"}],"wp:featuredmedia":[{"embeddable":true,"href":"https:\/\/pressactu.com\/index.php?rest_route=\/wp\/v2\/media\/129742"}],"wp:attachment":[{"href":"https:\/\/pressactu.com\/index.php?rest_route=%2Fwp%2Fv2%2Fmedia&parent=129741"}],"wp:term":[{"taxonomy":"category","embeddable":true,"href":"https:\/\/pressactu.com\/index.php?rest_route=%2Fwp%2Fv2%2Fcategories&post=129741"},{"taxonomy":"post_tag","embeddable":true,"href":"https:\/\/pressactu.com\/index.php?rest_route=%2Fwp%2Fv2%2Ftags&post=129741"},{"taxonomy":"author","embeddable":true,"href":"https:\/\/pressactu.com\/index.php?rest_route=%2Fwp%2Fv2%2Fcoauthors&post=129741"}],"curies":[{"name":"wp","href":"https:\/\/api.w.org\/{rel}","templated":true}]}}