{"id":129737,"date":"2026-04-27T04:03:48","date_gmt":"2026-04-27T04:03:48","guid":{"rendered":"https:\/\/pressactu.com\/?p=129737"},"modified":"2026-04-27T04:03:48","modified_gmt":"2026-04-27T04:03:48","slug":"la-fnsea-apporte-son-soutien-total-et-sans-reserve-aux-veterinaires-victimes-dinsultes-et-de-menaces-de-mort-en-ligne-suite-aux-debordements-en-ariege","status":"publish","type":"post","link":"https:\/\/pressactu.com\/?p=129737","title":{"rendered":"La FNSEA apporte son &quot;soutien total et sans r\u00e9serve aux v\u00e9t\u00e9rinaires&quot; victimes d\u2019insultes et de menaces de mort en ligne suite aux d\u00e9bordements en Ari\u00e8ge"},"content":{"rendered":"<p>\n                                                                    <span class=\"article-full__chapo-label hide-on-small-only\">l&#8217;essentiel<\/span><br \/>\n                                                                La vaccination contre la dermatose nodulaire contagieuse ravive les tensions dans le monde agricole. En Ari\u00e8ge, des v\u00e9t\u00e9rinaires ont \u00e9t\u00e9 menac\u00e9s en ligne, poussant la FNSEA \u00e0 condamner fermement ces agissements, et apporter son soutien aux v\u00e9t\u00e9rinaires.\n                            <\/p>\n<div rel=\"js-article-content\" data-state=\"fixed-height\" data-selection=\"disabled\">\n                                                                                                                            <!-- Pub DFP Position [outstream] --><\/p>\n<p>Alors que les campagnes de vaccination contre la dermatose nodulaire contagieuse (DNC) cristallisent de fortes tensions, de nombreux d\u00e9bordements ont \u00e9t\u00e9 observ\u00e9s. En Ari\u00e8ge, la semaine derni\u00e8re, une importante op\u00e9ration de gendarmerie a notamment \u00e9t\u00e9 men\u00e9e pour vacciner de force le troupeau de l\u2019\u00e9leveuse Christelle Record. Un \u00e9v\u00e9nement qui\u00a0s\u2019est traduit par un d\u00e9ferlement d\u2019animosit\u00e9 en ligne visant notamment des praticiens mobilis\u00e9s dans les op\u00e9rations prophylactiques, ainsi que le pr\u00e9fet, Herv\u00e9 Brabant.<\/p>\n<p><!-- Pub DFP Position [article] --><\/p>\n<p>Face \u00e0 cette situation, la F\u00e9d\u00e9ration nationale des syndicats d\u2019exploitants agricoles a pris position avec d\u00e9termination sur ses r\u00e9seaux sociaux. Dans un communiqu\u00e9, l\u2019organisation &#8220;condamne avec la plus grande fermet\u00e9 les menaces, pressions et intimidations dont sont victimes certains v\u00e9t\u00e9rinaires&#8221;. L\u2019instance rappelle que &#8220;les v\u00e9t\u00e9rinaires mandat\u00e9s agissent dans le strict cadre de la loi, au service de la sant\u00e9 animale, de la protection des \u00e9levages et de l\u2019int\u00e9r\u00eat g\u00e9n\u00e9ral&#8221;.<\/p>\n<p>La FNSEA insiste\u00a0: &#8220;s\u2019en prendre \u00e0 ces professionnels est inadmissible&#8221;, d\u00e9non\u00e7ant &#8220;une attaque contre des femmes et des hommes qui exercent une mission essentielle, mais aussi contre les \u00e9leveurs et l\u2019\u00c9tat de droit&#8221;. Elle apporte &#8220;son soutien total et sans r\u00e9serve aux v\u00e9t\u00e9rinaires concern\u00e9s&#8221; et mart\u00e8le qu'&#8221;aucun d\u00e9saccord ne justifie la violence ni l\u2019intimidation&#8221;. Le syndicat alerte \u00e9galement sur les cons\u00e9quences de ces entraves\u00a0: &#8220;Toute entrave \u00e0 l\u2019action sanitaire met en danger nos \u00e9levages, l\u2019\u00e9conomie agricole et la cr\u00e9dibilit\u00e9 sanitaire de la France&#8221;, rappelant que &#8220;la vaccination reste aujourd\u2019hui le seul moyen d\u2019\u00e9viter la r\u00e9surgence de la maladie&#8221;.<\/p>\n<p class=\"std-elt__inline\">\n        <strong>\u00c0 lire aussi :<\/strong><br \/>\n        <a href=\"\/2026\/04\/25\/les-reseaux-sociaux-ne-sont-pas-des-zones-de-non-droit-insultes-et-menaces-de-mort-envers-des-veterinaires-et-le-prefet-des-enquetes-ouvertes-par-le-13343499.php\">&#8220;Les r\u00e9seaux sociaux ne sont pas des zones de non-droit&#8221;\u00a0: insultes et menaces de mort envers des v\u00e9t\u00e9rinaires et le pr\u00e9fet, des enqu\u00eates ouvertes par le procureur de l\u2019Ari\u00e8ge<\/a>\n    <\/p>\n<p class=\"std-elt__inline\">\n        <strong>\u00c0 lire aussi :<\/strong><br \/>\n        <a href=\"\/2026\/04\/20\/ces-appels-a-la-haine-sont-inadmissibles-la-prefecture-de-lariege-depose-plainte-apres-la-publication-de-contenus-haineux-et-menacants-lies-a-la-13334624.php\">Vaccination contre la DNC en Ari\u00e8ge\u00a0: &#8220;Ces appels \u00e0 la haine sont inadmissibles&#8221;, la pr\u00e9fecture d\u00e9pose plainte apr\u00e8s la publication de contenus haineux et mena\u00e7ants<\/a>\n    <\/p>\n<h2 class=\"txt-int\">Une r\u00e9action sans \u00e9quivoque<\/h2>\n<p>Face \u00e0 cette hostilit\u00e9, les autorit\u00e9s ont r\u00e9agi\u00a0: la pr\u00e9fecture de l\u2019Ari\u00e8ge a d\u00e9nonc\u00e9 des &#8220;appels \u00e0 la haine inadmissibles&#8221; visant notamment les intervenants engag\u00e9s dans la campagne et a annonc\u00e9 le d\u00e9p\u00f4t de plaintes. Le procureur de la R\u00e9publique a, de son c\u00f4t\u00e9, rappel\u00e9 que &#8220;les r\u00e9seaux sociaux ne sont pas des zones de non-droit&#8221;.<\/p>\n<p>Le parquet de l\u2019Ari\u00e8ge a notamment confirm\u00e9 l\u2019ouverture d\u2019enqu\u00eates suite aux insultes et menaces de mort visant les praticiens et les repr\u00e9sentants de l\u2019\u00c9tat. Un homme a d\u00e9j\u00e0 \u00e9t\u00e9 condamn\u00e9 cette semaine.<\/p>\n<p>\u00c0 travers ces proc\u00e9dures, l\u2019objectif est d\u2019identifier les auteurs de ces faits et de r\u00e9affirmer le cadre l\u00e9gal des actions de sant\u00e9 publique, alors que la gestion de la crise met en crispation une partie du monde agricole et les autorit\u00e9s.<\/p>\n<\/p><\/div>\n<p><a href=\"https:\/\/www.ladepeche.fr\/2026\/04\/26\/la-fnsea-apporte-son-soutien-total-et-sans-reserve-aux-veterinaires-victimes-dinsultes-et-de-menaces-de-mort-en-ligne-suite-aux-debordements-en-ariege-13344403.php\">source<\/a><\/p>\n","protected":false},"excerpt":{"rendered":"<p>l&#8217;essentiel La vaccination contre la dermatose nodulaire contagieuse ravive les tensions dans le monde agricole. En Ari\u00e8ge, des v\u00e9t\u00e9rinaires ont \u00e9t\u00e9 menac\u00e9s en ligne, poussant la FNSEA \u00e0 condamner fermement ces agissements, et apporter son soutien aux v\u00e9t\u00e9rinaires. Alors que les campagnes de vaccination contre la dermatose nodulaire contagieuse (DNC) cristallisent de fortes tensions, de [&hellip;]<\/p>\n","protected":false},"author":1,"featured_media":129738,"comment_status":"open","ping_status":"open","sticky":false,"template":"","format":"standard","meta":{"_monsterinsights_skip_tracking":false,"_monsterinsights_sitenote_active":false,"_monsterinsights_sitenote_note":"","_monsterinsights_sitenote_category":0,"footnotes":""},"categories":[74],"tags":[],"coauthors":[77],"class_list":["post-129737","post","type-post","status-publish","format-standard","has-post-thumbnail","hentry","category-economie"],"aioseo_notices":[],"_links":{"self":[{"href":"https:\/\/pressactu.com\/index.php?rest_route=\/wp\/v2\/posts\/129737","targetHints":{"allow":["GET"]}}],"collection":[{"href":"https:\/\/pressactu.com\/index.php?rest_route=\/wp\/v2\/posts"}],"about":[{"href":"https:\/\/pressactu.com\/index.php?rest_route=\/wp\/v2\/types\/post"}],"author":[{"embeddable":true,"href":"https:\/\/pressactu.com\/index.php?rest_route=\/wp\/v2\/users\/1"}],"replies":[{"embeddable":true,"href":"https:\/\/pressactu.com\/index.php?rest_route=%2Fwp%2Fv2%2Fcomments&post=129737"}],"version-history":[{"count":0,"href":"https:\/\/pressactu.com\/index.php?rest_route=\/wp\/v2\/posts\/129737\/revisions"}],"wp:featuredmedia":[{"embeddable":true,"href":"https:\/\/pressactu.com\/index.php?rest_route=\/wp\/v2\/media\/129738"}],"wp:attachment":[{"href":"https:\/\/pressactu.com\/index.php?rest_route=%2Fwp%2Fv2%2Fmedia&parent=129737"}],"wp:term":[{"taxonomy":"category","embeddable":true,"href":"https:\/\/pressactu.com\/index.php?rest_route=%2Fwp%2Fv2%2Fcategories&post=129737"},{"taxonomy":"post_tag","embeddable":true,"href":"https:\/\/pressactu.com\/index.php?rest_route=%2Fwp%2Fv2%2Ftags&post=129737"},{"taxonomy":"author","embeddable":true,"href":"https:\/\/pressactu.com\/index.php?rest_route=%2Fwp%2Fv2%2Fcoauthors&post=129737"}],"curies":[{"name":"wp","href":"https:\/\/api.w.org\/{rel}","templated":true}]}}