{"id":129733,"date":"2026-04-27T03:30:31","date_gmt":"2026-04-27T03:30:31","guid":{"rendered":"https:\/\/pressactu.com\/?p=129733"},"modified":"2026-04-27T03:30:31","modified_gmt":"2026-04-27T03:30:31","slug":"temoignage-accident-de-caleche-mortel-les-freins-ont-lache-en-pleine-descente-je-me-suis-cramponne-comment-les-deux-vehicules-sont-entres-en-collision","status":"publish","type":"post","link":"https:\/\/pressactu.com\/?p=129733","title":{"rendered":"TEMOIGNAGE. Accident de cal\u00e8che mortel\u00a0: &quot;les freins ont l\u00e2ch\u00e9 en pleine descente, je me suis cramponn\u00e9&quot;\u2026 comment les deux v\u00e9hicules sont entr\u00e9s en collision"},"content":{"rendered":"<p>\n                                                                    <span class=\"article-full__chapo-label hide-on-small-only\">l&#8217;essentiel<\/span><br \/>\n                                                                Une reconstitution historique festive a tourn\u00e9 au drame \u00e0 Villefranche-de-Rouergue, dans l\u2019Aveyron. \u00c0 la fin de la procession, une femme de 70 ans a perdu la vie lors d\u2019un accident entre deux cal\u00e8ches. Un \u00e9lu \u00e0 bord raconte.\n                            <\/p>\n<div rel=\"js-article-content\" data-state=\"fixed-height\" data-selection=\"disabled\">\n                                                                                                                            <!-- Pub DFP Position [outstream] --><\/p>\n<p>Ce qui devait \u00eatre un rendez-vous culturel pour valoriser le patrimoine de Villefranche-de-Rouergue, dans l\u2019Aveyron, a vir\u00e9 au drame ce samedi 25\u00a0avril. Deux ans apr\u00e8s le retour de la mythique procession des p\u00e9nitents noirs, un accident de cal\u00e8ches a fait plusieurs bless\u00e9s et co\u00fbt\u00e9 la vie \u00e0 une femme de 70 ans.<\/p>\n<p><!-- Pub DFP Position [article] --><\/p>\n<p>La procession, organis\u00e9e par la mairie avec plusieurs associations, est une reconstitution historique dans les ruelles de la bastide. Les Villefranchois, v\u00eatus d\u2019habits de consuls ou de p\u00e8lerins de Saint-Jacques, parcourent pr\u00e8s de deux kilom\u00e8tres dans la ville, accompagn\u00e9s de musique d\u2019\u00e9poque. Le cort\u00e8ge effectue ensuite une mont\u00e9e vers le calvaire, un site historique qui offre\u00a0un large panorama sur la ville.<\/p>\n<div class=\"center-align\" rel=\"js-article-inline-img\" data-protec-aida=\"image\">\n<figure class=\"std-img\" data-src=\"https:\/\/images.ladepeche.fr\/api\/v1\/images\/view\/69ee53c98609f19abc03f070\/original\/image.jpg?v=1\">\n        <img decoding=\"async\" class=\"std-img__img responsive-img\" src=\"http:\/\/pressactu.com\/wp-content\/uploads\/2026\/04\/1777260631_989_image.jpg?v=1\" alt=\"La procession a fait son grand retour en avril\u00a02024.\"\/><figcaption class=\"article-full__media-infos\">\n                <span class=\"article-full__media-legend\">La procession a fait son grand retour en avril\u00a02024.<\/span><br \/>\n                            <\/figcaption><\/figure>\n<\/div>\n<h2 class=\"txt-int\">Accident dans la descente<\/h2>\n<p>Apr\u00e8s plusieurs pauses fra\u00eecheur, vient le moment de la descente, vers 18\u00a0heures. La procession est finie et tous les participants rentrent chez eux. C\u2019est \u00e0 ce moment que le drame s\u2019est produit, route du Bo\u00ef. Deux cal\u00e8ches avec un attelage sont mises \u00e0 disposition par l\u2019association Cal\u00e8ches et Cavaliers du Rouergue, qui organise r\u00e9guli\u00e8rement des \u00e9v\u00e9nements dans l\u2019Aveyron. Pour faciliter la descente ardue, les deux v\u00e9hicules tir\u00e9s par deux chevaux portent\u00a0les personnes fatigu\u00e9es, notamment les plus \u00e2g\u00e9es. Dix participants montent alors dans chaque cal\u00e8che.<\/p>\n<p><iframe width=\"600\" height=\"450\" style=\"border:0;\" allowfullscreen=\"\" loading=\"lazy\" referrerpolicy=\"no-referrer-when-downgrade\" data-src=\"https:\/\/www.google.com\/maps\/embed?pb=!4v1777227542900!6m8!1m7!1sqcnb5hQ8E6Ae_mh-G_5Cyg!2m2!1d44.3556190942299!2d2.060470324965442!3f219.7424619189758!4f-2.7902576305461793!5f0.7820865974627469\"><\/iframe><\/p>\n<h2 class=\"txt-int\">&#8220;J\u2019avais d\u00e9j\u00e0 remarqu\u00e9 que \u00e7a couinait&#8221;<\/h2>\n<p>Alors qu\u2019il reste une place dans la seconde, celle de derri\u00e8re, Jean-Michel Bouyssi\u00e9, \u00e9lu \u00e0 la mairie, se hisse dans ce v\u00e9hicule. &#8220;J\u2019\u00e9tais derri\u00e8re le conducteur. Quand on a attaqu\u00e9 la descente, les deux cal\u00e8ches faisaient l\u2019accord\u00e9on. Les chevaux de la seconde voiture avan\u00e7aient plus vite que ceux de devant. \u00c0 un moment, les freins de la cal\u00e8che \u00e0 l\u2019arri\u00e8re ont l\u00e2ch\u00e9 en pleine descente. J\u2019avais d\u00e9j\u00e0 remarqu\u00e9 que \u00e7a couinait&#8221;, t\u00e9moigne-t-il.<br \/>Sans pouvoir s\u2019arr\u00eater, le second v\u00e9hicule percute celui situ\u00e9 quelques m\u00e8tres en contrebas. &#8220;Les choses sont all\u00e9es tr\u00e8s vite&#8221;, relate l\u2019\u00e9lu. &#8220;Je me suis cramponn\u00e9, il y a eu un choc et on s\u2019est retrouv\u00e9 dans les branchages apr\u00e8s que les deux cal\u00e8ches sont tomb\u00e9es dans le ravin. Heureusement, elles ont \u00e9t\u00e9 retenues par les arbres en contrebas&#8221;. Les participants, d\u00e9boussol\u00e9s, se rel\u00e8vent pour revenir en s\u00e9curit\u00e9 sur la route.<\/p>\n<h2 class=\"txt-int\">Percut\u00e9e mortellement<\/h2>\n<p>Selon les premiers \u00e9l\u00e9ments, c\u2019est lors du choc qu\u2019une participante, \u00e0 l\u2019arri\u00e8re du premier v\u00e9hicule, aurait \u00e9t\u00e9 mortellement percut\u00e9e. Originaire de Bozouls, en Aveyron, la septuag\u00e9naire \u00e9tait membre active de l\u2019association Cal\u00e8ches et Cavaliers du Rouergue et participait r\u00e9guli\u00e8rement \u00e0 des \u00e9v\u00e9nements similaires dans le d\u00e9partement.<br \/>Sept personnes l\u00e9g\u00e8rement bless\u00e9es ont \u00e9t\u00e9 \u00e9vacu\u00e9es vers le centre hospitalier de Villefranche-de-Rouergue, avant de ressortir dans la nuit. Quatre autres personnes en \u00e9tat de choc ont \u00e9t\u00e9 prises en charge par les secours sur place. Deux des quatre chevaux ont \u00e9galement perdu la vie lors de l\u2019accident.<\/p>\n<h2 class=\"txt-int\">&#8220;Je me suis fait le film toute la nuit&#8221;<\/h2>\n<p>Gendarmes et pompiers ont \u00e9t\u00e9 mobilis\u00e9s sur place pour venir en aide aux bless\u00e9s et s\u00e9curiser les lieux. Une enqu\u00eate a \u00e9t\u00e9 ouverte pour d\u00e9terminer les causes de l\u2019accident, et notamment si les freins du v\u00e9hicule \u00e0 l\u2019arri\u00e8re \u00e9taient d\u00e9faillants.<br \/>&#8220;Cette belle journ\u00e9e ensoleill\u00e9e s\u2019\u00e9tait parfaitement d\u00e9roul\u00e9e jusqu\u2019\u00e0 ce drame&#8221;, poursuit Jean-Michel Bouyssi\u00e9. &#8220;C\u2019est affreux. Je me suis fait le film dans la t\u00eate toute la nuit. Je suis encore sous le choc. L\u2019heure est au recueillement pour cette dame&#8221;.<\/p>\n<\/p><\/div>\n<p><a href=\"https:\/\/www.ladepeche.fr\/2026\/04\/26\/temoignage-accident-de-caleche-mortel-les-freins-ont-lache-en-pleine-descente-je-me-suis-cramponne-comment-les-deux-vehicules-sont-entres-en-collision-13344751.php\">source<\/a><\/p>\n","protected":false},"excerpt":{"rendered":"<p>l&#8217;essentiel Une reconstitution historique festive a tourn\u00e9 au drame \u00e0 Villefranche-de-Rouergue, dans l\u2019Aveyron. \u00c0 la fin de la procession, une femme de 70 ans a perdu la vie lors d\u2019un accident entre deux cal\u00e8ches. Un \u00e9lu \u00e0 bord raconte. Ce qui devait \u00eatre un rendez-vous culturel pour valoriser le patrimoine de Villefranche-de-Rouergue, dans l\u2019Aveyron, a [&hellip;]<\/p>\n","protected":false},"author":1,"featured_media":129734,"comment_status":"open","ping_status":"open","sticky":false,"template":"","format":"standard","meta":{"_monsterinsights_skip_tracking":false,"_monsterinsights_sitenote_active":false,"_monsterinsights_sitenote_note":"","_monsterinsights_sitenote_category":0,"footnotes":""},"categories":[1],"tags":[],"coauthors":[77],"class_list":["post-129733","post","type-post","status-publish","format-standard","has-post-thumbnail","hentry","category-a-la-une"],"aioseo_notices":[],"_links":{"self":[{"href":"https:\/\/pressactu.com\/index.php?rest_route=\/wp\/v2\/posts\/129733","targetHints":{"allow":["GET"]}}],"collection":[{"href":"https:\/\/pressactu.com\/index.php?rest_route=\/wp\/v2\/posts"}],"about":[{"href":"https:\/\/pressactu.com\/index.php?rest_route=\/wp\/v2\/types\/post"}],"author":[{"embeddable":true,"href":"https:\/\/pressactu.com\/index.php?rest_route=\/wp\/v2\/users\/1"}],"replies":[{"embeddable":true,"href":"https:\/\/pressactu.com\/index.php?rest_route=%2Fwp%2Fv2%2Fcomments&post=129733"}],"version-history":[{"count":0,"href":"https:\/\/pressactu.com\/index.php?rest_route=\/wp\/v2\/posts\/129733\/revisions"}],"wp:featuredmedia":[{"embeddable":true,"href":"https:\/\/pressactu.com\/index.php?rest_route=\/wp\/v2\/media\/129734"}],"wp:attachment":[{"href":"https:\/\/pressactu.com\/index.php?rest_route=%2Fwp%2Fv2%2Fmedia&parent=129733"}],"wp:term":[{"taxonomy":"category","embeddable":true,"href":"https:\/\/pressactu.com\/index.php?rest_route=%2Fwp%2Fv2%2Fcategories&post=129733"},{"taxonomy":"post_tag","embeddable":true,"href":"https:\/\/pressactu.com\/index.php?rest_route=%2Fwp%2Fv2%2Ftags&post=129733"},{"taxonomy":"author","embeddable":true,"href":"https:\/\/pressactu.com\/index.php?rest_route=%2Fwp%2Fv2%2Fcoauthors&post=129733"}],"curies":[{"name":"wp","href":"https:\/\/api.w.org\/{rel}","templated":true}]}}