{"id":129728,"date":"2026-04-27T02:23:26","date_gmt":"2026-04-27T02:23:26","guid":{"rendered":"https:\/\/pressactu.com\/?p=129728"},"modified":"2026-04-27T02:23:26","modified_gmt":"2026-04-27T02:23:26","slug":"a-albi-lenseigne-chez-lucie-victime-de-vols-deux-jeunes-hommes-interpelles-par-les-forces-de-lordre","status":"publish","type":"post","link":"https:\/\/pressactu.com\/?p=129728","title":{"rendered":"\u00c0 Albi, l\u2019enseigne Chez Lucie victime de vols\u00a0: deux jeunes hommes interpell\u00e9s par les forces de l\u2019ordre"},"content":{"rendered":"<p>\n                                                                    <span class=\"article-full__chapo-label hide-on-small-only\">l&#8217;essentiel<\/span><br \/>\n                                                                En fuite apr\u00e8s un vol dans l\u2019enseigne de plats \u00e0 emporter Chez Lucie, \u00e0 Albi, deux hommes \u00e2g\u00e9s de 22 et 26 ans ont \u00e9t\u00e9 rapidement retrouv\u00e9s par les forces de l\u2019ordre. Une plainte doit \u00eatre d\u00e9pos\u00e9e par un\u00a0responsable de la boutique.\n                            <\/p>\n<div rel=\"js-article-content\" data-state=\"fixed-height\" data-selection=\"disabled\">\n                                                                                                                            <!-- Pub DFP Position [outstream] --><\/p>\n<p>Samedi 25\u00a0avril 2026, vers 18\u00a0h\u00a020, deux individus accompagn\u00e9s d\u2019un chien de type malinois ont \u00e9t\u00e9 interpell\u00e9s par la police nationale apr\u00e8s un vol commis dans l\u2019enseigne de restauration Chez Lucie, situ\u00e9e rue Timbal, \u00e0 Albi.<\/p>\n<p><!-- Pub DFP Position [article] --><\/p>\n<p><iframe width=\"600\" height=\"450\" style=\"border:0;\" allowfullscreen=\"\" loading=\"lazy\" referrerpolicy=\"no-referrer-when-downgrade\" data-src=\"https:\/\/www.google.com\/maps\/embed?pb=!1m18!1m12!1m3!1d2873.535989120129!2d2.1448954764241264!3d43.92757987109056!2m3!1f0!2f0!3f0!3m2!1i1024!2i768!4f13.1!3m3!1m2!1s0x12ade9db67ccf411%3A0x70eb046ce7f44be4!2sLucie%20Ultra%20Frais%20-%20Timbal!5e0!3m2!1sfr!2sfr!4v1777203406777!5m2!1sfr!2sfr\"><\/iframe><\/p>\n<p>Selon les forces de l\u2019ordre, les suspects auraient attendu la sortie d\u2019un client pour profiter de l\u2019ouverture de la porte et s\u2019introduire dans le commerce, avant de d\u00e9rober plusieurs plats \u00e0 emporter.<\/p>\n<p>Apr\u00e8s les faits, les deux hommes, \u00e2g\u00e9s de 26 et 22 ans, ont pris la fuite en direction de la rue Mari\u00e8s. Une tentative rapidement interrompue par les policiers, qui les ont retrouv\u00e9s peu de temps apr\u00e8s, au niveau de la coll\u00e9giale Saint-Salvi, pour un contr\u00f4le sur place. L\u2019un d\u2019eux est d\u2019ailleurs d\u00e9j\u00e0 connu des services de police pour des faits de vol.<\/p>\n<h2 class=\"txt-int\">Convoqu\u00e9s ult\u00e9rieurement<\/h2>\n<p>Les auteurs n\u2019ont pas \u00e9t\u00e9 plac\u00e9s en garde \u00e0 vue. Les deux jeunes hommes feront l\u2019objet d\u2019une convocation ult\u00e9rieure par les forces de l\u2019ordre. Mais le chien qui les accompagnait a \u00e9t\u00e9 confi\u00e9 \u00e0 une connaissance de l\u2019un des mis en cause. Quant aux denr\u00e9es alimentaires d\u00e9rob\u00e9es, elles ont \u00e9t\u00e9 r\u00e9cup\u00e9r\u00e9es et plac\u00e9es sous scell\u00e9s.<\/p>\n<p>La direction de l\u2019enseigne Chez Lucie a \u00e9t\u00e9 inform\u00e9e des faits et un responsable de la boutique doit prochainement se rendre au commissariat afin de d\u00e9poser plainte et de formaliser la proc\u00e9dure.<\/p>\n<\/p><\/div>\n<p><a href=\"https:\/\/www.ladepeche.fr\/2026\/04\/26\/a-albi-lenseigne-chez-lucie-victime-de-vols-deux-jeunes-hommes-interpelles-par-les-forces-de-lordre-13344435.php\">source<\/a><\/p>\n","protected":false},"excerpt":{"rendered":"<p>l&#8217;essentiel En fuite apr\u00e8s un vol dans l\u2019enseigne de plats \u00e0 emporter Chez Lucie, \u00e0 Albi, deux hommes \u00e2g\u00e9s de 22 et 26 ans ont \u00e9t\u00e9 rapidement retrouv\u00e9s par les forces de l\u2019ordre. Une plainte doit \u00eatre d\u00e9pos\u00e9e par un\u00a0responsable de la boutique. Samedi 25\u00a0avril 2026, vers 18\u00a0h\u00a020, deux individus accompagn\u00e9s d\u2019un chien de type [&hellip;]<\/p>\n","protected":false},"author":1,"featured_media":129729,"comment_status":"open","ping_status":"open","sticky":false,"template":"","format":"standard","meta":{"_monsterinsights_skip_tracking":false,"_monsterinsights_sitenote_active":false,"_monsterinsights_sitenote_note":"","_monsterinsights_sitenote_category":0,"footnotes":""},"categories":[74],"tags":[],"coauthors":[77],"class_list":["post-129728","post","type-post","status-publish","format-standard","has-post-thumbnail","hentry","category-economie"],"aioseo_notices":[],"_links":{"self":[{"href":"https:\/\/pressactu.com\/index.php?rest_route=\/wp\/v2\/posts\/129728","targetHints":{"allow":["GET"]}}],"collection":[{"href":"https:\/\/pressactu.com\/index.php?rest_route=\/wp\/v2\/posts"}],"about":[{"href":"https:\/\/pressactu.com\/index.php?rest_route=\/wp\/v2\/types\/post"}],"author":[{"embeddable":true,"href":"https:\/\/pressactu.com\/index.php?rest_route=\/wp\/v2\/users\/1"}],"replies":[{"embeddable":true,"href":"https:\/\/pressactu.com\/index.php?rest_route=%2Fwp%2Fv2%2Fcomments&post=129728"}],"version-history":[{"count":0,"href":"https:\/\/pressactu.com\/index.php?rest_route=\/wp\/v2\/posts\/129728\/revisions"}],"wp:featuredmedia":[{"embeddable":true,"href":"https:\/\/pressactu.com\/index.php?rest_route=\/wp\/v2\/media\/129729"}],"wp:attachment":[{"href":"https:\/\/pressactu.com\/index.php?rest_route=%2Fwp%2Fv2%2Fmedia&parent=129728"}],"wp:term":[{"taxonomy":"category","embeddable":true,"href":"https:\/\/pressactu.com\/index.php?rest_route=%2Fwp%2Fv2%2Fcategories&post=129728"},{"taxonomy":"post_tag","embeddable":true,"href":"https:\/\/pressactu.com\/index.php?rest_route=%2Fwp%2Fv2%2Ftags&post=129728"},{"taxonomy":"author","embeddable":true,"href":"https:\/\/pressactu.com\/index.php?rest_route=%2Fwp%2Fv2%2Fcoauthors&post=129728"}],"curies":[{"name":"wp","href":"https:\/\/api.w.org\/{rel}","templated":true}]}}