{"id":129726,"date":"2026-04-27T01:58:45","date_gmt":"2026-04-27T01:58:45","guid":{"rendered":"https:\/\/pressactu.com\/?p=129726"},"modified":"2026-04-27T01:58:45","modified_gmt":"2026-04-27T01:58:45","slug":"donald-trump-evacue-apres-des-tirs-au-gala-annuel-des-correspondants-de-la-maison-blanche-ce-que-lon-sait","status":"publish","type":"post","link":"https:\/\/pressactu.com\/?p=129726","title":{"rendered":"Donald Trump \u00e9vacu\u00e9 apr\u00e8s des tirs au gala annuel des correspondants de la Maison Blanche\u00a0: ce que l\u2019on sait"},"content":{"rendered":"<div>\n<figure class=\"hook-media--standard \"> <picture class=\"hook-media_picture pb-8\"><source media=\"(max-width: 768px)\" srcset=\"https:\/\/focus.nouvelobs.com\/2026\/04\/26\/0\/2\/4687\/3125\/375\/250\/75\/0\/033c5ce_upload-1-ax9j5vu4dkle-068-aa-26042026-2754919.jpg 1x,https:\/\/focus.nouvelobs.com\/2026\/04\/26\/0\/2\/4687\/3125\/750\/500\/50\/0\/033c5ce_upload-1-ax9j5vu4dkle-068-aa-26042026-2754919.jpg 2x\" width=\"375\" height=\"250\"><img fetchpriority=\"high\" decoding=\"async\" class=\"mx-auto\" src=\"data:image\/svg+xml,%3Csvg%20xmlns%3D%27http%3A%2F%2Fwww.w3.org%2F2000%2Fsvg%27%20fill%3D%22%23e4e4e4%22%20viewBox%3D%270%200%20510%20340%27%20width%3D%22510%22%20height%3D%22340%22%3E%3Cpath%20d%3D%27M0%200h510v340H0z%27%2F%3E%3C%2Fsvg%3E\" srcset=\"https:\/\/focus.nouvelobs.com\/2026\/04\/26\/0\/2\/4687\/3125\/510\/340\/75\/0\/033c5ce_upload-1-ax9j5vu4dkle-068-aa-26042026-2754919.jpg 1x,https:\/\/focus.nouvelobs.com\/2026\/04\/26\/0\/2\/4687\/3125\/1020\/680\/50\/0\/033c5ce_upload-1-ax9j5vu4dkle-068-aa-26042026-2754919.jpg 2x\" loading=\"eager\" width=\"510\" height=\"340\" data-oncrawl-image-size=\"510x340\" alt=\"Le pr\u00e9sident am\u00e9ricain Donald Trump, lors d\u2019une conf\u00e9rence de presse \u00e0 Washington, aux Etats-Unis, le 25\u00a0avril 2026.\"\/>   <\/source><\/picture><figcaption class=\"hook-media_figcaption\">\n<p class=\"latino-100m text-grey-600\">  Le pr\u00e9sident am\u00e9ricain Donald Trump, lors d\u2019une conf\u00e9rence de presse \u00e0 Washington, aux Etats-Unis, le 25\u00a0avril 2026.\u00a0<span class=\"text-grey-600 ms-4\">CELAL GUNES \/ ANADOLU VIA AFP<\/span>  <\/p>\n<\/figcaption><\/figure>\n<div class=\"article__share d-flex align-items-center py-24 border-bottom  mb-32\" style=\"--border-color:#D9D9D9;\">\n<div class=\"d-flex flex-wrap gap-16\">                                <button data-article-key=\"20260426.OBS114473\" aria-label=\"Lire\u00a0plus\u00a0tard\" data-section=\"Monde\" data-piano=\"Page_Article,Sous_date_publi,A_lire_plus_tard,1er_clic,action\" class=\"popover-trigger btn--tertiary btn--icon-only btn btn--small btn--secondary read-later\"> <i class=\"icon  icon-read-after\" aria-hidden=\"true\"\/>  <span class=\"latino-300r mt-2 \"> Lire\u00a0plus\u00a0tard <\/span>  <\/button>        <a aria-label=\"Nous suivre sur Google News\" href=\"https:\/\/news.google.com\/publications\/CAAqBwgKMJe4nQkw3dFs?hl=fr&amp;gl=FR&amp;ceid=FR%3Afr\" target=\"_blank\" data-piano=\"Page_Article,Sous_date_publi,Nous_suivre_sur_google_news,1er_clic,action\" class=\"btn btn--small btn--tertiary btn--icon-only\">    <svg class=\"icon icon--google  \" style=\"--fill:#56668A\">   <use href=\"\/bucket\/resources\/web\/img\/e86dad2a9be111d0faac.svg#google\"\/>  <\/svg>   <span class=\"latino-300r mt-2 \">Google Actualit\u00e9s<\/span>  <\/a>     <button id=\"share\" aria-label=\"Partager\" class=\"popover-trigger btn btn--small btn--tertiary btn--icon-only\" data-piano=\"Page_Article,Sous_date_publi,Partager,1er_clic,action\">    <svg class=\"icon icon--share-alt  \" style=\"--fill:var(--base-foreground-color,#171717)\">   <use href=\"\/bucket\/resources\/web\/img\/e86dad2a9be111d0faac.svg#share-alt\"\/>  <\/svg>  <span class=\"latino-300r mt-2\">Partager<\/span> <\/button> <\/p>\n<div id=\"popover-share\" data-url=\"https:\/\/www.nouvelobs.com\/monde\/20260426.OBS114473\/donald-trump-evacue-apres-des-tirs-au-gala-annuel-des-correspondants-de-la-maison-blanche-ce-que-l-on-sait.html\" data-id=\"20260426.OBS114473\" data-popover-for=\"share\" class=\"popover p-32\" role=\"tooltip\" style=\"width: 375px\">\n<p>  <button onclick=\"setToFacebook();\" class=\"btn btn--large btn--secondary\" aria-label=\"Facebook\" piano-context-origin=\"Page_Article,Sous_date_publi,Partager,Facebook,action\">    <svg class=\"icon icon--facebook  \" style=\"--fill:var(--base-foreground-color,#171717)\">   <use href=\"\/bucket\/resources\/web\/img\/e86dad2a9be111d0faac.svg#facebook\"\/>  <\/svg>  <span class=\"latino-300r\">Facebook<\/span> <\/button> <button onclick=\"setToBsky();\" class=\"btn btn--large btn--secondary\" aria-label=\"Bluesky\" piano-context-origin=\"Page_Article,Sous_date_publi,Partager,Bluesky,action\">    <svg class=\"icon icon--bluesky  \" style=\"--fill:var(--base-foreground-color,#171717)\">   <use href=\"\/bucket\/resources\/web\/img\/e86dad2a9be111d0faac.svg#bluesky\"\/>  <\/svg>  <span class=\"latino-300r\">Bluesky<\/span> <\/button> <button id=\"mail-button\" onclick=\"setToMail(true)\" class=\"btn btn--large btn--secondary\" aria-label=\"Mail\" piano-context-origin=\"Page_Article,Sous_date_publi,Partager,Email,action\">    <svg class=\"icon icon--mail  \" style=\"--fill:var(--base-foreground-color,#171717)\">   <use href=\"\/bucket\/resources\/web\/img\/e86dad2a9be111d0faac.svg#mail\"\/>  <\/svg>  <span class=\"latino-300r\">E-mail<\/span> <\/button> <button onclick=\"setToClipboard();\" class=\"copy-button btn btn--large btn--secondary\" aria-label=\"copier le lien\" piano-context-origin=\"Page_Article,Sous_date_publi,Partager,Copier_lien,action\">    <svg class=\"icon icon--link  \" style=\"--fill:var(--base-foreground-color,#171717)\">   <use href=\"\/bucket\/resources\/web\/img\/e86dad2a9be111d0faac.svg#link\"\/>  <\/svg>  <span class=\"latino-300r\">Copier le lien<\/span> <\/button>  <\/p>\n<p> <button id=\"share-mail-submit\" type=\"submit\" form=\"mail-form\" onclick=\"__forecast.collectShareMail()\" class=\"latino-300r btn btn--large btn--black btn--fit\"> Envoyer <\/button> <\/p>\n<\/p><\/div>\n<p>                    <span data-urlencode=\"L2Fib25uZW1lbnQtYXZyaWwtMjAyNg==\" data-piano=\"Page_Article,Sous_date_publi,S_abonner_Printemps2026,1er_clic,action\" data-batch=\"clic_s_abonner\" class=\"btn btn--small btn--conversion-secondary\" style=\"--btn-color:#FFF;--btn-color-hover:#FFF;--btn-bg:#FC5F2B;--btn-bg-hover:#FC5F2B;--btn-bg-focus:#FC5F2B;--btn-border-color:#522DF7;\"> S\u2019abonner <\/span>       <\/div>\n<\/p><\/div>\n<p class=\"node__paragraphe antonia-750r text-grey-800 pb-24 pb-md-32\"> Smoking et coups de feu\u00a0: samedi 25\u00a0avril, le grand gala annuel de la presse \u00e0 Washington, pour la premi\u00e8re fois <a href=\"https:\/\/www.nouvelobs.com\/monde\/20260216.OBS112426\/l-amerique-commence-t-elle-a-etre-fatiguee-de-donald-trump-certains-signaux-le-montrent.html\">en pr\u00e9sence de Donald Trump<\/a>, a bascul\u00e9 quand un homme arm\u00e9 a tent\u00e9 d\u2019en forcer l\u2019entr\u00e9e. <\/p>\n<p class=\"node__paragraphe antonia-750r text-grey-800 pb-24 pb-md-32\"> Le pr\u00e9sident am\u00e9ricain et les autres participants de ce d\u00eener des correspondants de la Maison Blanche ont \u00e9t\u00e9 \u00e9vacu\u00e9s. Aucune personnalit\u00e9 ni aucun invit\u00e9 du gala n\u2019a \u00e9t\u00e9 bless\u00e9. Un suspect a \u00e9t\u00e9 interpell\u00e9. <\/p>\n<h2 class=\"node__heading latino-800m latino-lg-1400e text-grey-800 pb-8 pb-md-16\"> \u2022 Que s\u2019est-il pass\u00e9 dans la salle de bal\u00a0? <\/h2>\n<p class=\"node__paragraphe antonia-750r text-grey-800 pb-24 pb-md-32\"> Des centaines de journalistes, ministres, diplomates et personnalit\u00e9 du tout-Washington, qui la minute d\u2019avant devisaient poliment autour d\u2019une assiette de salade et de verres de vin, s\u2019accroupissent ou s\u2019allongent \u00e0 terre\u00a0: <em>\u00ab\u00a0A terre\u00a0! A terre\u00a0!\u00a0\u00bb <\/em>Une grande agitation se fait entendre \u00e0 l\u2019ext\u00e9rieur de la gigantesque salle de r\u00e9ception de l\u2019h\u00f4tel Hilton \u00e0 Washington. <\/p>\n<p class=\"node__paragraphe antonia-750r text-grey-800 pb-24 pb-md-32\"> Assis aux c\u00f4t\u00e9s de son \u00e9pouse Melania \u00e0 la table d\u2019honneur, sur une estrade sur\u00e9lev\u00e9e, le pr\u00e9sident am\u00e9ricain reste d\u2019abord sans r\u00e9action. Puis des agents du service de s\u00e9curit\u00e9 lourdement arm\u00e9s \u00e9vacuent le milliardaire de 79\u00a0ans, tout comme les autres hauts responsables pr\u00e9sents\u00a0: <a href=\"https:\/\/www.nouvelobs.com\/monde\/20260118.OBS111607\/j-d-vance-un-vice-president-dans-l-ombre-de-trump-qui-prepare-l-avenir-en-singeant-son-maitre.html\">le vice-pr\u00e9sident J.D. Vance<\/a>, la porte-parole de la Maison Blanche Karoline Leavitt, et plusieurs ministres. <\/p>\n<p class=\"node__paragraphe antonia-750r text-grey-800 pb-24 pb-md-32\"> La musique d\u2019ambiance s\u2019arr\u00eate dans la salle, baign\u00e9e dans une lumi\u00e8re bleut\u00e9e et tamis\u00e9e qui ajoute \u00e0 l\u2019ambiance irr\u00e9elle du moment. Des centaines d\u2019invit\u00e9s en tenue de soir\u00e9e pr\u00e9sents dans la salle de bal se sont abrit\u00e9s sous les tables, puis se sont dirig\u00e9s vers le hall de l\u2019h\u00f4tel avant de sortir, l\u2019\u00e9v\u00e9nement \u00e9tant report\u00e9. <\/p>\n<h2 class=\"node__heading latino-800m latino-lg-1400e text-grey-800 pb-8 pb-md-16\"> \u2022 Comment la fusillade s\u2019est-elle d\u00e9roul\u00e9e\u00a0? <\/h2>\n<p class=\"node__paragraphe antonia-750r text-grey-800 pb-24 pb-md-32\"> Selon les autorit\u00e9s, un <em>\u00ab\u00a0tireur isol\u00e9\u00a0\u00bb<\/em> a forc\u00e9 un point de contr\u00f4le de s\u00e9curit\u00e9 dans le hall de l\u2019h\u00f4tel, juste \u00e0 l\u2019ext\u00e9rieur de la salle de bal o\u00f9 se d\u00e9roulait le d\u00eener, vers 20h36 (2h36 ce dimanche matin en France). <\/p>\n<p class=\"node__paragraphe antonia-750r text-grey-800 pb-24 pb-md-32\"> Donald Trump a diffus\u00e9 sur sa plateforme Truth Social des images semblant montrer le suspect se ruant sur le point de contr\u00f4le avant d\u2019\u00eatre submerg\u00e9 par les policiers. <em>\u00ab\u00a0Il \u00e9tait arm\u00e9 d\u2019un fusil de chasse, d\u2019un pistolet et de plusieurs couteaux\u00a0\u00bb<\/em>, a d\u00e9clar\u00e9 \u00e0 des journalistes le chef par int\u00e9rim du Metropolitan Police Department, Jeffery Carroll. <\/p>\n<p><iframe src=\"https:\/\/truthsocial.com\/@realDonaldTrump\/116468650367386223\/embed\" class=\"truthsocial-embed\" style=\"max-width: 100%; border: 0\" width=\"600\" allowfullscreen=\"allowfullscreen\"><\/iframe>\n       <\/p>\n<p class=\"node__paragraphe antonia-750r text-grey-800 pb-24 pb-md-32\"> Les forces de l\u2019ordre ont \u00e9chang\u00e9 des tirs avec le suspect et <em>\u00ab\u00a0intercept\u00e9 cet individu\u00a0\u00bb<\/em>. Un officier en uniforme des services secrets a \u00e9t\u00e9 <em>\u00ab\u00a0touch\u00e9 au gilet\u00a0\u00bb<\/em> pare-balles et transport\u00e9 \u00e0 l\u2019h\u00f4pital, mais se portait bien, a pr\u00e9cis\u00e9 Jeffery Carroll. Le suspect, lui, n\u2019a pas \u00e9t\u00e9 atteint par les balles, mais a \u00e9t\u00e9 conduit \u00e0 l\u2019h\u00f4pital pour y \u00eatre examin\u00e9. Il \u00e9tait en d\u00e9tention et doit \u00eatre pr\u00e9sent\u00e9 \u00e0 un juge lundi devant un tribunal f\u00e9d\u00e9ral. <\/p>\n<p class=\"node__paragraphe antonia-750r text-grey-800 pb-24 pb-md-32\"> Un fusil et des douilles ont \u00e9t\u00e9 retrouv\u00e9s sur les lieux, a indiqu\u00e9 le directeur du FBI, Kash Patel, ajoutant que le Bureau f\u00e9d\u00e9ral d\u2019enqu\u00eate proc\u00e9dait \u00e0 des auditions de t\u00e9moins dans le cadre de ses investigations. <\/p>\n<h2 class=\"node__heading latino-800m latino-lg-1400e text-grey-800 pb-8 pb-md-16\"> \u2022 Que sait-on sur l\u2019identit\u00e9 du suspect\u00a0? <\/h2>\n<p class=\"node__paragraphe antonia-750r text-grey-800 pb-24 pb-md-32\"> Donald Trump a partag\u00e9 des photos du tireur pr\u00e9sum\u00e9, torse nu et menott\u00e9, visage tourn\u00e9 vers le sol, dans ce qui semble \u00eatre le hall du Hilton. Les autorit\u00e9s n\u2019ont pas encore confirm\u00e9 publiquement son identit\u00e9, mais selon des m\u00e9dias am\u00e9ricains il s\u2019agit d\u2019un homme de 31\u00a0ans nomm\u00e9 Cole Tomas Allen, originaire de Torrance, en Californie. Sur la base d\u2019informations pr\u00e9liminaires, <em>\u00ab\u00a0nous pensons qu\u2019il \u00e9tait l\u2019un des clients de l\u2019h\u00f4tel\u00a0\u00bb<\/em>, a d\u00e9clar\u00e9 Jeffery Carroll \u00e0 des journalistes. L\u2019homme interpell\u00e9 est consid\u00e9r\u00e9 comme le seul suspect dans cette affaire, ont indiqu\u00e9 des responsables. <\/p>\n<p class=\"node__paragraphe antonia-750r text-grey-800 pb-24 pb-md-32\"> Il fait actuellement l\u2019objet de deux chefs d\u2019accusation\u00a0: utilisation d\u2019une arme \u00e0 feu lors d\u2019un crime violent, et agression d\u2019un agent f\u00e9d\u00e9ral \u00e0 l\u2019aide d\u2019une arme dangereuse, a pr\u00e9cis\u00e9 la procureure f\u00e9d\u00e9rale, Jeanine Pirro. D\u2019autres chefs d\u2019accusation pourraient encore \u00eatre retenus au fur et \u00e0 mesure de l\u2019avanc\u00e9e de l\u2019enqu\u00eate. <em>\u00ab\u00a0Mon impression est qu\u2019il s\u2019agissait d\u2019un loup solitaire\u00a0\u00bb<\/em>, a d\u00e9clar\u00e9 le pr\u00e9sident am\u00e9ricain, ajoutant que la motivation du suspect n\u2019avait pas encore \u00e9t\u00e9 \u00e9tablie, mais qu\u2019il pensait que le tireur \u00e9tait <em>\u00ab\u00a0malade\u00a0\u00bb<\/em>. <\/p>\n<p class=\"node__paragraphe antonia-750r text-grey-800 pb-24 pb-md-32\"> Des informations <em>\u00ab\u00a0tr\u00e8s pr\u00e9liminaires\u00a0\u00bb<\/em> font penser aux enqu\u00eateurs que l\u2019homme <em>\u00ab\u00a0ciblait des membres de l\u2019administration\u00a0\u00bb<\/em> de Donald Trump, a d\u00e9clar\u00e9 le ministre am\u00e9ricain de la Justice par int\u00e9rim, \u00e0 la cha\u00eene CBS News. Le tireur <em>\u00ab\u00a0ne coop\u00e8re pas activement\u00a0\u00bb<\/em> mais les enqu\u00eateurs pensent qu\u2019il s\u2019est rendu \u00e0 Washington en train depuis Los Angeles en passant par Chicago, a pr\u00e9cis\u00e9 Todd Blanche, qui \u00e9tait \u00e9galement pr\u00e9sent au d\u00eener. <\/p>\n<h2 class=\"node__heading latino-800m latino-lg-1400e text-grey-800 pb-8 pb-md-16\"> \u2022 Y a-t-il eu des d\u00e9faillances de s\u00e9curit\u00e9\u00a0? <\/h2>\n<p class=\"node__paragraphe antonia-750r text-grey-800 pb-24 pb-md-32\"> Des questions ont \u00e9t\u00e9 soulev\u00e9es sur le dispositif de s\u00e9curit\u00e9 de la r\u00e9ception et sur la mani\u00e8re dont une arme avait pu \u00eatre introduite dans l\u2019h\u00f4tel. Des participants ont indiqu\u00e9 qu\u2019un portique de d\u00e9tection de m\u00e9taux avait \u00e9t\u00e9 install\u00e9 \u00e0 l\u2019ext\u00e9rieur de la salle de bal, mais qu\u2019il n\u2019y avait pas de contr\u00f4le de ce type en amont ni \u00e0 l\u2019entr\u00e9e m\u00eame de l\u2019h\u00f4tel. <\/p>\n<p class=\"node__paragraphe antonia-750r text-grey-800 pb-24 pb-md-32\"> Donald Trump a d\u00e9clar\u00e9 dans un premier temps qu\u2019il ne s\u2019agissait <em>\u00ab\u00a0pas d\u2019un b\u00e2timent particuli\u00e8rement s\u00e9curis\u00e9\u00a0\u00bb<\/em>, mais a ensuite affirm\u00e9 que le tireur n\u2019avait pas franchi la salle de bal o\u00f9 se tenait l\u2019\u00e9v\u00e9nement, celle-ci \u00e9tant <em>\u00ab\u00a0tr\u00e8s, tr\u00e8s s\u00e9curis\u00e9e\u00a0\u00bb<\/em>. <\/p>\n<p class=\"node__paragraphe antonia-750r text-grey-800 pb-24 pb-md-32\"> Le point de contr\u00f4le que le suspect a tent\u00e9 de forcer se trouvait <em>\u00ab\u00a0juste \u00e0 l\u2019ext\u00e9rieur de la salle de bal\u00a0\u00bb<\/em>, ont indiqu\u00e9 les autorit\u00e9s. <em>\u00ab\u00a0Parce que (les agents de) ce point de contr\u00f4le ont fait (leur) travail, personne n\u2019a \u00e9t\u00e9 bless\u00e9\u00a0\u00bb<\/em>, a soulign\u00e9 la procureure f\u00e9d\u00e9rale, Jeanine Pirro. <\/p>\n<p class=\"node__paragraphe antonia-750r text-grey-800 pb-24 pb-md-32\"> <em>\u00ab\u00a0Nous allons analyser les vid\u00e9os dans tout l\u2019h\u00f4tel pour comprendre comment l\u2019arme est entr\u00e9e, comment elle est arriv\u00e9e jusque-l\u00e0\u00a0\u00bb<\/em>, a ajout\u00e9 le policier Jeffery Carroll. Selon Donald Trump, les services de s\u00e9curit\u00e9 ont fait <em>\u00ab\u00a0un bien meilleur travail qu\u2019\u00e0 Butler\u00a0\u00bb<\/em>, o\u00f9 il avait \u00e9t\u00e9 la cible d\u2019une tentative d\u2019assassinat en\u00a02024 lors d\u2019un meeting de campagne dans l\u2019Etat de Pennsylvanie. <\/p>\n<div class=\"article__author pb-32\">\n<p class=\"authors latino-600m text-grey-800\">        <span>Par\u00a0<\/span> Service Actu\u00a0(avec AFP)<\/p>\n<\/p><\/div>\n<\/p><\/div>\n<p><a href=\"https:\/\/www.nouvelobs.com\/monde\/20260426.OBS114473\/donald-trump-evacue-apres-des-tirs-au-gala-annuel-des-correspondants-de-la-maison-blanche-ce-que-l-on-sait.html\">source<\/a><\/p>\n","protected":false},"excerpt":{"rendered":"<p>Le pr\u00e9sident am\u00e9ricain Donald Trump, lors d\u2019une conf\u00e9rence de presse \u00e0 Washington, aux Etats-Unis, le 25\u00a0avril 2026.\u00a0CELAL GUNES \/ ANADOLU VIA AFP Lire\u00a0plus\u00a0tard Google Actualit\u00e9s Partager Facebook Bluesky E-mail Copier le lien Envoyer S\u2019abonner Smoking et coups de feu\u00a0: samedi 25\u00a0avril, le grand gala annuel de la presse \u00e0 Washington, pour la premi\u00e8re fois en [&hellip;]<\/p>\n","protected":false},"author":1,"featured_media":129727,"comment_status":"open","ping_status":"open","sticky":false,"template":"","format":"standard","meta":{"_monsterinsights_skip_tracking":false,"_monsterinsights_sitenote_active":false,"_monsterinsights_sitenote_note":"","_monsterinsights_sitenote_category":0,"footnotes":""},"categories":[75],"tags":[],"coauthors":[77],"class_list":["post-129726","post","type-post","status-publish","format-standard","has-post-thumbnail","hentry","category-monde"],"aioseo_notices":[],"_links":{"self":[{"href":"https:\/\/pressactu.com\/index.php?rest_route=\/wp\/v2\/posts\/129726","targetHints":{"allow":["GET"]}}],"collection":[{"href":"https:\/\/pressactu.com\/index.php?rest_route=\/wp\/v2\/posts"}],"about":[{"href":"https:\/\/pressactu.com\/index.php?rest_route=\/wp\/v2\/types\/post"}],"author":[{"embeddable":true,"href":"https:\/\/pressactu.com\/index.php?rest_route=\/wp\/v2\/users\/1"}],"replies":[{"embeddable":true,"href":"https:\/\/pressactu.com\/index.php?rest_route=%2Fwp%2Fv2%2Fcomments&post=129726"}],"version-history":[{"count":0,"href":"https:\/\/pressactu.com\/index.php?rest_route=\/wp\/v2\/posts\/129726\/revisions"}],"wp:featuredmedia":[{"embeddable":true,"href":"https:\/\/pressactu.com\/index.php?rest_route=\/wp\/v2\/media\/129727"}],"wp:attachment":[{"href":"https:\/\/pressactu.com\/index.php?rest_route=%2Fwp%2Fv2%2Fmedia&parent=129726"}],"wp:term":[{"taxonomy":"category","embeddable":true,"href":"https:\/\/pressactu.com\/index.php?rest_route=%2Fwp%2Fv2%2Fcategories&post=129726"},{"taxonomy":"post_tag","embeddable":true,"href":"https:\/\/pressactu.com\/index.php?rest_route=%2Fwp%2Fv2%2Ftags&post=129726"},{"taxonomy":"author","embeddable":true,"href":"https:\/\/pressactu.com\/index.php?rest_route=%2Fwp%2Fv2%2Fcoauthors&post=129726"}],"curies":[{"name":"wp","href":"https:\/\/api.w.org\/{rel}","templated":true}]}}