{"id":129710,"date":"2026-04-27T00:08:39","date_gmt":"2026-04-27T00:08:39","guid":{"rendered":"https:\/\/pressactu.com\/?p=129710"},"modified":"2026-04-27T00:08:39","modified_gmt":"2026-04-27T00:08:39","slug":"liege-bastogne-liege-a-quelle-heure-et-sur-quelle-chaine-suivre-la-premiere-de-paul-seixas-sur-la-doyenne-des-classiques","status":"publish","type":"post","link":"https:\/\/pressactu.com\/?p=129710","title":{"rendered":"Li\u00e8ge-Bastogne-Li\u00e8ge\u00a0: \u00e0 quelle heure et sur quelle cha\u00eene suivre la premi\u00e8re de Paul Seixas sur la &quot;Doyenne&quot; des classiques\u00a0?"},"content":{"rendered":"<p>\n                                                                    <span class=\"article-full__chapo-label hide-on-small-only\">l&#8217;essentiel<\/span><br \/>\n                                                                La doyenne des classiques, Li\u00e8ge-Bastogne-Li\u00e8ge, s\u2019\u00e9lance ce dimanche 26\u00a0avril. Tout le monde attend avec impatience le d\u00e9nouement de cette course mythique o\u00f9 Tadej Pogacar pourrait \u00eatre bien challeng\u00e9, notamment par le ph\u00e9nom\u00e8ne fran\u00e7ais Paul Seixas (19 ans), sans oublier Remco Evenepoel, double vainqueur de l\u2019\u00e9preuve (2022, 2023).\n                            <\/p>\n<div rel=\"js-article-content\">\n                                                                                                                            <!-- Pub DFP Position [outstream] --><\/p>\n<p>C\u2019est un choc qui se pr\u00e9pare\u00a0! Quatri\u00e8me monument de la saison, la &#8220;Doyenne&#8221; des classiques, disput\u00e9e ce dimanche 26\u00a0avril, promet un plateau de tr\u00e8s haut niveau. Tadej Pogacar, Paul Seixas et Remco Evenepoel seront au c\u0153ur de toutes les attentions.<\/p>\n<p><!-- Pub DFP Position [article] --><\/p>\n<p>La course sera \u00e0 suivre en direct \u00e0 partir de 13\u00a0h\u00a035 sur France\u00a03 et Eurosport\u00a02, pour une arriv\u00e9e pr\u00e9vue vers 16\u00a0h\u00a020. L\u2019\u00e9preuve f\u00e9minine prendra le relais dans la foul\u00e9e, avec une arriv\u00e9e estim\u00e9e autour de 17\u00a0h\u00a055.<\/p>\n<p class=\"std-elt__inline\">\n        <strong>\u00c0 lire aussi :<\/strong><br \/>\n        <a href=\"\/2026\/04\/22\/paul-seixas-vainqueur-de-la-fleche-wallonne-pour-sa-premiere-participation-a-19-ans-le-francais-ecoeure-la-concurrence-13338644.php\">Paul Seixas vainqueur de la Fl\u00e8che Wallonne pour sa premi\u00e8re participation \u00e0 19 ans\u00a0! Le Fran\u00e7ais \u00e9c\u0153ure la concurrence<\/a>\n    <\/p>\n<p>Au total, onze c\u00f4tes jalonneront le parcours, avec des passages cl\u00e9s au sommet de Stockeu (km\u00a0177,7), de la Redoute (km\u00a0225,5) et de la Roche-aux-Faucons (km\u00a0246,1), trois juges de paix traditionnels de la Doyenne.<\/p>\n<h2 class=\"txt-int\">Pogacar en grand favori<\/h2>\n<p>Double tenant du titre et d\u00e9j\u00e0 triple vainqueur (2021, 2024, 2025), Tadej Pogacar aborde l\u2019\u00e9preuve avec le statut d\u2019homme \u00e0 battre. Deuxi\u00e8me de Paris-Roubaix lors de sa derni\u00e8re sortie, le Slov\u00e8ne retrouve un terrain taill\u00e9 pour ses qualit\u00e9s. L\u2019an pass\u00e9, il avait fait la diff\u00e9rence dans la Redoute, s\u2019envolant vers la victoire avec plus d\u2019une minute d\u2019avance.<\/p>\n<h2 class=\"txt-int\" data-section-id=\"iqgqb1\">Seixas et Evenepoel en embuscade<\/h2>\n<p>Face \u00e0 lui, la concurrence s\u2019organise. \u00c0 commencer par Paul Seixas. \u00c0 19\u00a0ans, le Fran\u00e7ais s\u2019appr\u00eate \u00e0 d\u00e9couvrir Li\u00e8ge-Bastogne-Li\u00e8ge, quelques jours seulement apr\u00e8s son succ\u00e8s \u00e9clatant sur la Fl\u00e8che Wallonne. Deuxi\u00e8me des Strade Bianche derri\u00e8re Pogacar en mars, le jeune prodige ne cache pas ses ambitions.<\/p>\n<p class=\"std-elt__inline\">\n        <strong>\u00c0 lire aussi :<\/strong><br \/>\n        <a href=\"\/2026\/04\/14\/paul-seixas-emmanuel-macron-serait-personnellement-intervenu-pour-retenir-le-jeune-prodige-dans-son-equipe-francaise-13324904.php\">Paul Seixas\u00a0: Emmanuel Macron serait personnellement intervenu pour retenir le jeune prodige dans son \u00e9quipe fran\u00e7aise<\/a>\n    <\/p>\n<p>Autre pr\u00e9tendant s\u00e9rieux\u00a0: Remco Evenepoel. D\u00e9j\u00e0 double vainqueur de l\u2019\u00e9preuve (2022, 2023), le Belge arrive en confiance apr\u00e8s son succ\u00e8s sur l\u2019Amstel Gold Race. Il a fait l\u2019impasse sur la Fl\u00e8che Wallonne pour se concentrer pleinement sur ce rendez-vous.<\/p>\n<\/p><\/div>\n<p><a href=\"https:\/\/www.ladepeche.fr\/2026\/04\/26\/liege-bastogne-liege-a-quelle-heure-et-sur-quelle-chaine-suivre-la-premiere-de-paul-seixas-sur-la-doyenne-des-classiques-13343420.php\">source<\/a><\/p>\n","protected":false},"excerpt":{"rendered":"<p>l&#8217;essentiel La doyenne des classiques, Li\u00e8ge-Bastogne-Li\u00e8ge, s\u2019\u00e9lance ce dimanche 26\u00a0avril. Tout le monde attend avec impatience le d\u00e9nouement de cette course mythique o\u00f9 Tadej Pogacar pourrait \u00eatre bien challeng\u00e9, notamment par le ph\u00e9nom\u00e8ne fran\u00e7ais Paul Seixas (19 ans), sans oublier Remco Evenepoel, double vainqueur de l\u2019\u00e9preuve (2022, 2023). C\u2019est un choc qui se pr\u00e9pare\u00a0! Quatri\u00e8me [&hellip;]<\/p>\n","protected":false},"author":1,"featured_media":129711,"comment_status":"open","ping_status":"open","sticky":false,"template":"","format":"standard","meta":{"_monsterinsights_skip_tracking":false,"_monsterinsights_sitenote_active":false,"_monsterinsights_sitenote_note":"","_monsterinsights_sitenote_category":0,"footnotes":""},"categories":[71],"tags":[],"coauthors":[77],"class_list":["post-129710","post","type-post","status-publish","format-standard","has-post-thumbnail","hentry","category-sport"],"aioseo_notices":[],"_links":{"self":[{"href":"https:\/\/pressactu.com\/index.php?rest_route=\/wp\/v2\/posts\/129710","targetHints":{"allow":["GET"]}}],"collection":[{"href":"https:\/\/pressactu.com\/index.php?rest_route=\/wp\/v2\/posts"}],"about":[{"href":"https:\/\/pressactu.com\/index.php?rest_route=\/wp\/v2\/types\/post"}],"author":[{"embeddable":true,"href":"https:\/\/pressactu.com\/index.php?rest_route=\/wp\/v2\/users\/1"}],"replies":[{"embeddable":true,"href":"https:\/\/pressactu.com\/index.php?rest_route=%2Fwp%2Fv2%2Fcomments&post=129710"}],"version-history":[{"count":0,"href":"https:\/\/pressactu.com\/index.php?rest_route=\/wp\/v2\/posts\/129710\/revisions"}],"wp:featuredmedia":[{"embeddable":true,"href":"https:\/\/pressactu.com\/index.php?rest_route=\/wp\/v2\/media\/129711"}],"wp:attachment":[{"href":"https:\/\/pressactu.com\/index.php?rest_route=%2Fwp%2Fv2%2Fmedia&parent=129710"}],"wp:term":[{"taxonomy":"category","embeddable":true,"href":"https:\/\/pressactu.com\/index.php?rest_route=%2Fwp%2Fv2%2Fcategories&post=129710"},{"taxonomy":"post_tag","embeddable":true,"href":"https:\/\/pressactu.com\/index.php?rest_route=%2Fwp%2Fv2%2Ftags&post=129710"},{"taxonomy":"author","embeddable":true,"href":"https:\/\/pressactu.com\/index.php?rest_route=%2Fwp%2Fv2%2Fcoauthors&post=129710"}],"curies":[{"name":"wp","href":"https:\/\/api.w.org\/{rel}","templated":true}]}}