{"id":129706,"date":"2026-04-26T22:38:04","date_gmt":"2026-04-26T22:38:04","guid":{"rendered":"https:\/\/pressactu.com\/?p=129706"},"modified":"2026-04-26T22:38:04","modified_gmt":"2026-04-26T22:38:04","slug":"la-cour-supreme-israelienne-ordonne-de-sanctionner-les-ultraorthodoxes-qui-refusent-le-service-militaire","status":"publish","type":"post","link":"https:\/\/pressactu.com\/?p=129706","title":{"rendered":"La Cour supr\u00eame isra\u00e9lienne ordonne de sanctionner les ultraorthodoxes qui refusent le\u00a0service militaire"},"content":{"rendered":"<div>\n<p class=\"authors latino-300b text-grey-600\">        <span>Par\u00a0<\/span> <span class=\"text-grey-800\" data-oncrawl-author=\"Le Nouvel Obs avec AFP\">Le Nouvel Obs avec AFP<\/span><\/p>\n<div class=\"d-flex flex-column flex-lg-row align-items-lg-center mt-4\">\n<p class=\"latino-300r d-inline-block pe-8 pb-4 pb-lg-0 text-grey-600 pe-8 border-end-lg\">   <time datetime=\"2026-04-26T16:18:31.000+02:00\" data-oncrawl-firstpublished=\"2026-04-26T16:18:31\"> Publi\u00e9 le\u00a026 avril 2026 \u00e0 16h18  <\/time>  <\/p>\n<p>   <time class=\"latino-300r text-grey-600 pt-8 pt-lg-0 ps-lg-8\" datetime=\"PT1M\"> Lecture\u00a0:\u00a01\u00a0min. <\/time>  <\/div>\n<figure class=\"hook-media--standard mt-24 mt-lg-32 \"> <picture class=\"hook-media_picture pb-8\"><source media=\"(max-width: 768px)\" srcset=\"https:\/\/focus.nouvelobs.com\/2026\/04\/26\/0\/0\/7384\/4922\/375\/250\/75\/0\/6ca668f_upload-1-bvzhdq4t4wkh-068-aa-07012026-2591198.jpg 1x,https:\/\/focus.nouvelobs.com\/2026\/04\/26\/0\/0\/7384\/4922\/750\/500\/50\/0\/6ca668f_upload-1-bvzhdq4t4wkh-068-aa-07012026-2591198.jpg 2x\" width=\"375\" height=\"250\"><img fetchpriority=\"high\" decoding=\"async\" class=\"mx-auto\" src=\"data:image\/svg+xml,%3Csvg%20xmlns%3D%27http%3A%2F%2Fwww.w3.org%2F2000%2Fsvg%27%20fill%3D%22%23e4e4e4%22%20viewBox%3D%270%200%20510%20340%27%20width%3D%22510%22%20height%3D%22340%22%3E%3Cpath%20d%3D%27M0%200h510v340H0z%27%2F%3E%3C%2Fsvg%3E\" srcset=\"https:\/\/focus.nouvelobs.com\/2026\/04\/26\/0\/0\/7384\/4922\/510\/340\/75\/0\/6ca668f_upload-1-bvzhdq4t4wkh-068-aa-07012026-2591198.jpg 1x,https:\/\/focus.nouvelobs.com\/2026\/04\/26\/0\/0\/7384\/4922\/1020\/680\/50\/0\/6ca668f_upload-1-bvzhdq4t4wkh-068-aa-07012026-2591198.jpg 2x\" loading=\"eager\" width=\"510\" height=\"340\" data-oncrawl-image-size=\"510x340\" alt=\"Des milliers de manifestants juifs ultraorthodoxes manifestent contre la conscription obligatoire dans l\u2019arm\u00e9e isra\u00e9lienne, \u00e0 J\u00e9rusalem-Ouest, le 6\u00a0janvier 2026.\"\/>   <\/source><\/picture><figcaption class=\"hook-media_figcaption\">\n<p class=\"latino-100m text-grey-600\">  Des milliers de manifestants juifs ultraorthodoxes manifestent contre la conscription obligatoire dans l\u2019arm\u00e9e isra\u00e9lienne, \u00e0 J\u00e9rusalem-Ouest, le 6\u00a0janvier 2026.\u00a0<span class=\"text-grey-600 ms-4\">MOSTAFA ALKHAROUF \/ ANADOLU VIA AFP<\/span>  <\/p>\n<\/figcaption><\/figure>\n<div class=\"article__share d-flex align-items-center py-24 border-bottom  py-16 mb-16 border-bottom\" style=\"--border-color:#D9D9D9;\">\n<div class=\"d-flex flex-wrap gap-16\">                                <button data-article-key=\"20260426.OBS114485\" aria-label=\"Lire\u00a0plus\u00a0tard\" data-section=\"Monde\" data-piano=\"Page_Article,Sous_date_publi,A_lire_plus_tard,1er_clic,action\" class=\"popover-trigger btn--tertiary btn--icon-only btn btn--small btn--secondary read-later\"> <i class=\"icon  icon-read-after\" aria-hidden=\"true\"\/>  <span class=\"latino-300r mt-2 \"> Lire\u00a0plus\u00a0tard <\/span>  <\/button>        <a aria-label=\"Nous suivre sur Google News\" href=\"https:\/\/news.google.com\/publications\/CAAqBwgKMJe4nQkw3dFs?hl=fr&amp;gl=FR&amp;ceid=FR%3Afr\" target=\"_blank\" data-piano=\"Page_Article,Sous_date_publi,Nous_suivre_sur_google_news,1er_clic,action\" class=\"btn btn--small btn--tertiary btn--icon-only\">    <svg class=\"icon icon--google  \" style=\"--fill:#56668A\">   <use href=\"\/bucket\/resources\/web\/img\/e86dad2a9be111d0faac.svg#google\"\/>  <\/svg>   <span class=\"latino-300r mt-2 \">Google Actualit\u00e9s<\/span>  <\/a>     <button id=\"share\" aria-label=\"Partager\" class=\"popover-trigger btn btn--small btn--tertiary btn--icon-only\" data-piano=\"Page_Article,Sous_date_publi,Partager,1er_clic,action\">    <svg class=\"icon icon--share-alt  \" style=\"--fill:var(--base-foreground-color,#171717)\">   <use href=\"\/bucket\/resources\/web\/img\/e86dad2a9be111d0faac.svg#share-alt\"\/>  <\/svg>  <span class=\"latino-300r mt-2\">Partager<\/span> <\/button> <\/p>\n<div id=\"popover-share\" data-url=\"https:\/\/www.nouvelobs.com\/monde\/20260426.OBS114485\/la-cour-supreme-israelienne-ordonne-de-sanctionner-les-ultraorthodoxes-qui-refusent-le-service-militaire.html\" data-id=\"20260426.OBS114485\" data-popover-for=\"share\" class=\"popover p-32\" role=\"tooltip\" style=\"width: 375px\">\n<p>  <button onclick=\"setToFacebook();\" class=\"btn btn--large btn--secondary\" aria-label=\"Facebook\" piano-context-origin=\"Page_Article,Sous_date_publi,Partager,Facebook,action\">    <svg class=\"icon icon--facebook  \" style=\"--fill:var(--base-foreground-color,#171717)\">   <use href=\"\/bucket\/resources\/web\/img\/e86dad2a9be111d0faac.svg#facebook\"\/>  <\/svg>  <span class=\"latino-300r\">Facebook<\/span> <\/button> <button onclick=\"setToBsky();\" class=\"btn btn--large btn--secondary\" aria-label=\"Bluesky\" piano-context-origin=\"Page_Article,Sous_date_publi,Partager,Bluesky,action\">    <svg class=\"icon icon--bluesky  \" style=\"--fill:var(--base-foreground-color,#171717)\">   <use href=\"\/bucket\/resources\/web\/img\/e86dad2a9be111d0faac.svg#bluesky\"\/>  <\/svg>  <span class=\"latino-300r\">Bluesky<\/span> <\/button> <button id=\"mail-button\" onclick=\"setToMail(true)\" class=\"btn btn--large btn--secondary\" aria-label=\"Mail\" piano-context-origin=\"Page_Article,Sous_date_publi,Partager,Email,action\">    <svg class=\"icon icon--mail  \" style=\"--fill:var(--base-foreground-color,#171717)\">   <use href=\"\/bucket\/resources\/web\/img\/e86dad2a9be111d0faac.svg#mail\"\/>  <\/svg>  <span class=\"latino-300r\">E-mail<\/span> <\/button> <button onclick=\"setToClipboard();\" class=\"copy-button btn btn--large btn--secondary\" aria-label=\"copier le lien\" piano-context-origin=\"Page_Article,Sous_date_publi,Partager,Copier_lien,action\">    <svg class=\"icon icon--link  \" style=\"--fill:var(--base-foreground-color,#171717)\">   <use href=\"\/bucket\/resources\/web\/img\/e86dad2a9be111d0faac.svg#link\"\/>  <\/svg>  <span class=\"latino-300r\">Copier le lien<\/span> <\/button>  <\/p>\n<p> <button id=\"share-mail-submit\" type=\"submit\" form=\"mail-form\" onclick=\"__forecast.collectShareMail()\" class=\"latino-300r btn btn--large btn--black btn--fit\"> Envoyer <\/button> <\/p>\n<\/p><\/div>\n<p>                    <span data-urlencode=\"L2Fib25uZW1lbnQtYXZyaWwtMjAyNg==\" data-piano=\"Page_Article,Sous_date_publi,S_abonner_Printemps2026,1er_clic,action\" data-batch=\"clic_s_abonner\" class=\"btn btn--small btn--conversion-secondary\" style=\"--btn-color:#FFF;--btn-color-hover:#FFF;--btn-bg:#FC5F2B;--btn-bg-hover:#FC5F2B;--btn-bg-focus:#FC5F2B;--btn-border-color:#522DF7;\"> S\u2019abonner <\/span>       <\/div>\n<\/p><\/div>\n<p class=\"node__paragraphe antonia-750r text-grey-800 pb-24 pb-md-32\"> La Cour supr\u00eame isra\u00e9lienne a ordonn\u00e9 ce dimanche 26\u00a0avril \u00e0 l\u2019Etat d\u2019imposer des sanctions financi\u00e8res aux <a href=\"https:\/\/www.nouvelobs.com\/monde\/20240627.OBS90325\/pourquoi-la-guerre-a-gaza-pourrait-aussi-bouleverser-le-monde-ultra-orthodoxe-israelien.html\">juifs ultraorthodoxes<\/a> ayant refus\u00e9 la conscription obligatoire, dans un nouvel \u00e9pisode du contentieux entre justice et ex\u00e9cutif sur cette question. <\/p>\n<p class=\"node__paragraphe antonia-750r text-grey-800 pb-24 pb-md-32\"> <em>\u00ab\u00a0En l\u2019absence de mesures concr\u00e8tes indiquant une volont\u00e9 d\u2019agir pour faire respecter l\u2019obligation de conscription (\u2026)il n\u2019y a d\u2019autre choix que d\u2019ordonner des mesures op\u00e9rationnelles, qui ne constituent rien d\u2019autre que la mise en \u0153uvre directe de la loi\u00a0\u00bb<\/em>, indique le texte de l\u2019arr\u00eat\u00e9 de la Cour. <\/p>\n<p class=\"node__paragraphe antonia-750r text-grey-800 pb-24 pb-md-32\"> Le gouvernement de <a href=\"https:\/\/www.nouvelobs.com\/monde\/20241002.OBS94406\/il-est-obsede-par-l-image-qu-il-laissera-dans-l-histoire-benyamin-netanyahou-le-jusqu-au-boutiste.html\">Benyamin Netanyahou<\/a> devait faire voter une loi afin d\u2019enr\u00f4ler les juifs ultraorthodoxes, largement exempt\u00e9s de service militaire. Mais le Premier ministre, tributaire de ses alli\u00e9s ultraorthodoxes pour se maintenir au pouvoir, a jusqu\u2019ici repouss\u00e9 l\u2019adoption d\u2019un tel texte, privil\u00e9giant un projet de loi qui permettrait au contraire aux ultraorthodoxes d\u2019\u00e9chapper au service militaire. <\/p>\n<p class=\"node__paragraphe antonia-750r text-grey-800 pb-24 pb-md-32\"> Ce projet de <em>\u00ab\u00a0loi de d\u00e9sertion\u00a0\u00bb<\/em>, comme l\u2019appellent ses opposants, heurte la base \u00e9lectorale de Benyamin Netanyahou et une large majorit\u00e9 d\u2019Isra\u00e9liens, \u00e0 l\u2019heure o\u00f9 <a href=\"https:\/\/www.nouvelobs.com\/monde\/20250607.OBS104696\/un-veritable-besoin-operationnel-pour-poursuivre-son-offensive-a-gaza-l-armee-israelienne-dit-manquer-de-10-000-soldats.html\">des dizaines de milliers d\u2019appel\u00e9s et r\u00e9servistes<\/a> restent mobilis\u00e9s, notamment \u00e0 Gaza et contre le Hezbollah libanais. <\/p>\n<h2 class=\"node__heading latino-800m latino-lg-1400e text-grey-800 pb-8 pb-md-16\"> Des \u00ab\u00a0avantages\u00a0\u00bb financiers \u00e0 supprimer <\/h2>\n<p class=\"node__paragraphe antonia-750r text-grey-800 pb-24 pb-md-32\"> Entre-temps, les \u00e9l\u00e8ves des yeshivot (instituts talmudiques) qui b\u00e9n\u00e9ficiaient d\u2019une exemption, sont appel\u00e9s automatiquement au service mais refusent en majorit\u00e9 de s\u2019y rendre, sans subir de sanctions comme la loi l\u2019exige en th\u00e9orie. <\/p>\n<p class=\"node__paragraphe antonia-750r text-grey-800 pb-24 pb-md-32\"> La Cour exige essentiellement la suppression d\u2019avantages financiers dont b\u00e9n\u00e9ficient les ultraorthodoxes, notamment en mati\u00e8re d\u2019imp\u00f4ts locaux et pour les transports publics, ainsi que des subventions pour les cr\u00e8ches. <\/p>\n<p class=\"node__paragraphe antonia-750r text-grey-800 pb-24 pb-md-32\"> Le juge Noam Solberg, qui a r\u00e9dig\u00e9 l\u2019arr\u00eat, a pr\u00e9cis\u00e9 qu\u2019il ne s\u2019agissait pas de <em>\u00ab\u00a0sanctions\u00a0\u00bb<\/em> mais de <em>\u00ab\u00a0pertes d\u2019avantages\u00a0\u00bb<\/em>, soulignant que <em>\u00ab\u00a0la promotion du service militaire constitue un objectif g\u00e9n\u00e9ral l\u00e9gitime\u00a0\u00bb<\/em> \u00e0 prendre en consid\u00e9ration pour <em>\u00ab\u00a0les conditions d\u2019\u00e9ligibilit\u00e9 \u00e0 un avantage donn\u00e9\u00a0\u00bb<\/em>. <\/p>\n<h2 class=\"node__heading latino-800m latino-lg-1400e text-grey-800 pb-8 pb-md-16\"> \u00ab\u00a0Une injustice impardonnable\u00a0\u00bb <\/h2>\n<p class=\"node__paragraphe antonia-750r text-grey-800 pb-24 pb-md-32\"> Ari\u00e9 Dery, le chef du plus grand parti ultraorthodoxe, Shass, a d\u00e9nonc\u00e9 <em>\u00ab\u00a0une atteinte grave (\u2026) aux fondements m\u00eames de l\u2019existence du peuple juif en Isra\u00ebl\u00a0\u00bb<\/em>. <em>\u00ab\u00a0La tentative d\u2019imposer des sanctions \u00e9conomiques et des d\u00e9crets contre les \u00e9tudiants en Torah (textes religieux, NDLR) constitue une injustice impardonnable\u00a0\u00bb<\/em>, a-t-il ajout\u00e9 dans un communiqu\u00e9. <\/p>\n<p class=\"node__paragraphe antonia-750r text-grey-800 pb-24 pb-md-32\"> Depuis la cr\u00e9ation d\u2019Isra\u00ebl en\u00a01948, les juifs ultraorthodoxes b\u00e9n\u00e9ficient d\u2019une exemption militaire de facto, \u00e0 condition qu\u2019ils se consacrent \u00e0 l\u2019\u00e9tude \u00e0 plein temps en yeshiva. Cette exception a \u00e9t\u00e9 remise en cause par la Cour supr\u00eame au d\u00e9but du si\u00e8cle, ce \u00e0 quoi les ex\u00e9cutifs successifs ont r\u00e9pondu avec des arrangements l\u00e9gislatifs temporaires pour contenter les ultraorthodoxes, faiseurs et tombeurs de gouvernements. <\/p>\n<p class=\"node__paragraphe antonia-750r text-grey-800 pb-24 pb-md-32\"> Ils repr\u00e9sentent 14\u00a0% de la population juive d\u2019Isra\u00ebl, et un r\u00e9servoir d\u2019environ 66\u00a0000 hommes en \u00e2ge de servir dans l\u2019arm\u00e9e. <\/p>\n<div class=\"article__author pb-32\">\n<p class=\"authors latino-600m text-grey-800\">        <span>Par\u00a0<\/span> Le Nouvel Obs avec AFP<\/p>\n<\/p><\/div>\n<\/p><\/div>\n<p><a href=\"https:\/\/www.nouvelobs.com\/monde\/20260426.OBS114485\/la-cour-supreme-israelienne-ordonne-de-sanctionner-les-ultraorthodoxes-qui-refusent-le-service-militaire.html\">source<\/a><\/p>\n","protected":false},"excerpt":{"rendered":"<p>Par\u00a0 Le Nouvel Obs avec AFP Publi\u00e9 le\u00a026 avril 2026 \u00e0 16h18 Lecture\u00a0:\u00a01\u00a0min. Des milliers de manifestants juifs ultraorthodoxes manifestent contre la conscription obligatoire dans l\u2019arm\u00e9e isra\u00e9lienne, \u00e0 J\u00e9rusalem-Ouest, le 6\u00a0janvier 2026.\u00a0MOSTAFA ALKHAROUF \/ ANADOLU VIA AFP Lire\u00a0plus\u00a0tard Google Actualit\u00e9s Partager Facebook Bluesky E-mail Copier le lien Envoyer S\u2019abonner La Cour supr\u00eame isra\u00e9lienne a ordonn\u00e9 [&hellip;]<\/p>\n","protected":false},"author":1,"featured_media":129707,"comment_status":"open","ping_status":"open","sticky":false,"template":"","format":"standard","meta":{"_monsterinsights_skip_tracking":false,"_monsterinsights_sitenote_active":false,"_monsterinsights_sitenote_note":"","_monsterinsights_sitenote_category":0,"footnotes":""},"categories":[75],"tags":[],"coauthors":[77],"class_list":["post-129706","post","type-post","status-publish","format-standard","has-post-thumbnail","hentry","category-monde"],"aioseo_notices":[],"_links":{"self":[{"href":"https:\/\/pressactu.com\/index.php?rest_route=\/wp\/v2\/posts\/129706","targetHints":{"allow":["GET"]}}],"collection":[{"href":"https:\/\/pressactu.com\/index.php?rest_route=\/wp\/v2\/posts"}],"about":[{"href":"https:\/\/pressactu.com\/index.php?rest_route=\/wp\/v2\/types\/post"}],"author":[{"embeddable":true,"href":"https:\/\/pressactu.com\/index.php?rest_route=\/wp\/v2\/users\/1"}],"replies":[{"embeddable":true,"href":"https:\/\/pressactu.com\/index.php?rest_route=%2Fwp%2Fv2%2Fcomments&post=129706"}],"version-history":[{"count":0,"href":"https:\/\/pressactu.com\/index.php?rest_route=\/wp\/v2\/posts\/129706\/revisions"}],"wp:featuredmedia":[{"embeddable":true,"href":"https:\/\/pressactu.com\/index.php?rest_route=\/wp\/v2\/media\/129707"}],"wp:attachment":[{"href":"https:\/\/pressactu.com\/index.php?rest_route=%2Fwp%2Fv2%2Fmedia&parent=129706"}],"wp:term":[{"taxonomy":"category","embeddable":true,"href":"https:\/\/pressactu.com\/index.php?rest_route=%2Fwp%2Fv2%2Fcategories&post=129706"},{"taxonomy":"post_tag","embeddable":true,"href":"https:\/\/pressactu.com\/index.php?rest_route=%2Fwp%2Fv2%2Ftags&post=129706"},{"taxonomy":"author","embeddable":true,"href":"https:\/\/pressactu.com\/index.php?rest_route=%2Fwp%2Fv2%2Fcoauthors&post=129706"}],"curies":[{"name":"wp","href":"https:\/\/api.w.org\/{rel}","templated":true}]}}