{"id":129694,"date":"2026-04-26T20:47:52","date_gmt":"2026-04-26T20:47:52","guid":{"rendered":"https:\/\/pressactu.com\/?p=129694"},"modified":"2026-04-26T20:47:52","modified_gmt":"2026-04-26T20:47:52","slug":"le-pere-de-famille-etrangle-et-donne-un-coup-de-tete-a-sa-fille-de-17-ans-un-celebre-combattant-de-lufc-arrete-pour-maltraitance-sur-mineur","status":"publish","type":"post","link":"https:\/\/pressactu.com\/?p=129694","title":{"rendered":"Le p\u00e8re de famille \u00e9trangle et donne un coup de t\u00eate \u00e0 sa fille de 17 ans\u00a0: un c\u00e9l\u00e8bre combattant de l\u2019UFC arr\u00eat\u00e9 pour maltraitance sur mineur"},"content":{"rendered":"<p>\n                                                                    <span class=\"article-full__chapo-label hide-on-small-only\">l&#8217;essentiel<\/span><br \/>\n                                                                Le v\u00e9t\u00e9ran des poids welters de l\u2019UFC, Tim Means, a \u00e9t\u00e9 arr\u00eat\u00e9 mercredi 22\u00a0avril dans son \u00c9tat natal du Nouveau-Mexique, \u00e0 la suite d\u2019accusations de maltraitance sur mineur apr\u00e8s une altercation avec sa fille de 17 ans.\n                            <\/p>\n<div rel=\"js-article-content\">\n                                                                                                                            <!-- Pub DFP Position [outstream] --><\/p>\n<p>Une nouvelle fois, le monde du MMA est entach\u00e9\u00a0par une affaire de violence extra-sportive. Et pour cause, la figure exp\u00e9riment\u00e9e aux 31 combats de l\u2019UFC, Tim Means, a \u00e9t\u00e9 arr\u00eat\u00e9e mercredi 22\u00a0avril \u00e0 Tijeras, au Nouveau-Mexique, apr\u00e8s des accusations de maltraitance sur sa fille de 17 ans.<\/p>\n<p><!-- Pub DFP Position [article] --><\/p>\n<p class=\"std-elt__inline\">\n        <strong>\u00c0 lire aussi :<\/strong><br \/>\n        <a href=\"\/2026\/04\/25\/un-ancien-joueur-du-stade-toulousain-accuse-de-violences-conjugales-et-tentative-de-feminicide-lex-femme-de-patricio-albacete-devoile-une-video-choc-13343242.php\">Un ancien joueur du Stade Toulousain accus\u00e9 de violences conjugales et tentative de f\u00e9minicide\u00a0: l\u2019ex-femme de Patricio Albacete d\u00e9voile une vid\u00e9o choc<\/a>\n    <\/p>\n<p>Selon les premiers \u00e9l\u00e9ments rapport\u00e9s d\u2019apr\u00e8s <a href=\"https:\/\/www.thesun.co.uk\/sport\/38928664\/ufc-news-tim-means-child-abuse-charge\/\" target=\"_self\">The Sun<\/a>, les faits se seraient d\u00e9roul\u00e9s \u00e0 son domicile. L\u2019intervention de la police a fait suite \u00e0 un appel pass\u00e9 par l\u2019adolescente elle-m\u00eame. Il a \u00e9t\u00e9 lib\u00e9r\u00e9 sous caution vendredi 24\u00a0avril apr\u00e8s avoir \u00e9t\u00e9 inculp\u00e9.<\/p>\n<h2 class=\"txt-int\">Une altercation violente<\/h2>\n<p>Selon la plainte d\u00e9pos\u00e9e aupr\u00e8s du bureau du sh\u00e9rif du comt\u00e9 de Bernalillo, la dispute aurait \u00e9clat\u00e9 au sujet de t\u00e2ches m\u00e9nag\u00e8res. Rapidement, la situation se serait envenim\u00e9e. Le combattant de 42 ans aurait d\u2019abord lanc\u00e9 un objet au visage de sa fille avant de la frapper avec le poing.<\/p>\n<p class=\"std-elt__inline\">\n        <strong>\u00c0 lire aussi :<\/strong><br \/>\n        <a href=\"\/2025\/11\/11\/un-drap-autour-de-son-cou-un-grand-sportif-retrouve-mort-en-prison-il-etait-en-detention-pour-violences-conjugales-13045527.php\">&#8220;Un drap autour de son cou&#8221;\u00a0: un grand sportif retrouv\u00e9 mort en prison, il \u00e9tait en d\u00e9tention pour violences conjugales<\/a>\n    <\/p>\n<p>Il est \u00e9galement soup\u00e7onn\u00e9 de lui avoir ass\u00e9n\u00e9 un coup de t\u00eate, puis d\u2019avoir tent\u00e9 de l\u2019\u00e9trangler en lui serrant la gorge. Le document officiel pr\u00e9cise\u00a0: &#8220;Il est \u00e0 noter que des marques de mains et des traces rouges \u00e9taient visibles sur le cou de l\u2019adolescente, indiquant qu\u2019elle avait \u00e9t\u00e9 \u00e9trangl\u00e9e. Du sang \u00e9tait pr\u00e9sent sur et dans son nez, l\u00e0 o\u00f9 elle avait re\u00e7u un coup de t\u00eate, et plusieurs marques rouges indiquaient qu\u2019elle avait \u00e9t\u00e9 frapp\u00e9e au visage et \u00e0 la joue.&#8221;<\/p>\n<h2 class=\"txt-int\">Une version contest\u00e9e<\/h2>\n<p>De son c\u00f4t\u00e9, Tim Means reconna\u00eet une dispute particuli\u00e8rement tendue, mais conteste en partie les faits.\u00a0Selon la cha\u00eene d\u2019information locale d\u2019Albuquerque &#8220;KOAT&#8221;, Means a admis avoir eu une vive dispute avec sa fille. Mais il affirme n\u2019avoir eu recours \u00e0 la violence physique que pour tenter de l\u2019emp\u00eacher de le frapper. Arr\u00eat\u00e9 mercredi, il a \u00e9t\u00e9 remis en libert\u00e9 vendredi, dans l\u2019attente de la suite de la proc\u00e9dure judiciaire.<\/p>\n<p class=\"std-elt__inline\">\n        <strong>\u00c0 lire aussi :<\/strong><br \/>\n        <a href=\"\/2026\/01\/22\/le-champion-de-mma-mord-et-frappe-sa-compagne-lors-dune-dispute-lhomme-de-37-ans-emprisonne-pour-violences-et-sequestration-13179314.php\">Le champion de MMA mord et frappe sa compagne lors d\u2019une dispute\u00a0: l\u2019homme de 37 ans emprisonn\u00e9 pour violences et s\u00e9questration<\/a>\n    <\/p>\n<p>Surnomm\u00e9 &#8220;The Dirty Bird&#8221;, le v\u00e9t\u00e9ran de l\u2019UFC n\u2019\u00e9tait d\u00e9j\u00e0 pas dans la meilleure dynamique sportive. \u00c0 42 ans, il reste sur cinq d\u00e9faites lors de ses six derniers combats et\u00a0n\u2019a pas remis les pieds dans la cage depuis sa d\u00e9faite par soumission face \u00e0 Court McGee lors de l\u2019UFC 307 en octobre\u00a02024.<\/p>\n<p>Avec un bilan de 37 victoires pour 14 d\u00e9faites, il demeure n\u00e9anmoins un nom connu de l\u2019organisation. Pour l\u2019heure, l\u2019UFC n\u2019a pas r\u00e9agi officiellement \u00e0 cette affaire, tout comme le principal int\u00e9ress\u00e9, rest\u00e9 discret depuis sa remise en libert\u00e9.\u00a0L\u2019enqu\u00eate suit son cours.<\/p>\n<\/p><\/div>\n<p><a href=\"https:\/\/www.ladepeche.fr\/2026\/04\/26\/le-pere-de-famille-etrangle-et-donne-un-coup-de-tete-a-sa-fille-de-17-ans-un-celebre-combattant-de-lufc-arrete-pour-maltraitance-sur-mineur-13344379.php\">source<\/a><\/p>\n","protected":false},"excerpt":{"rendered":"<p>l&#8217;essentiel Le v\u00e9t\u00e9ran des poids welters de l\u2019UFC, Tim Means, a \u00e9t\u00e9 arr\u00eat\u00e9 mercredi 22\u00a0avril dans son \u00c9tat natal du Nouveau-Mexique, \u00e0 la suite d\u2019accusations de maltraitance sur mineur apr\u00e8s une altercation avec sa fille de 17 ans. Une nouvelle fois, le monde du MMA est entach\u00e9\u00a0par une affaire de violence extra-sportive. Et pour cause, [&hellip;]<\/p>\n","protected":false},"author":1,"featured_media":129695,"comment_status":"open","ping_status":"open","sticky":false,"template":"","format":"standard","meta":{"_monsterinsights_skip_tracking":false,"_monsterinsights_sitenote_active":false,"_monsterinsights_sitenote_note":"","_monsterinsights_sitenote_category":0,"footnotes":""},"categories":[71],"tags":[],"coauthors":[77],"class_list":["post-129694","post","type-post","status-publish","format-standard","has-post-thumbnail","hentry","category-sport"],"aioseo_notices":[],"_links":{"self":[{"href":"https:\/\/pressactu.com\/index.php?rest_route=\/wp\/v2\/posts\/129694","targetHints":{"allow":["GET"]}}],"collection":[{"href":"https:\/\/pressactu.com\/index.php?rest_route=\/wp\/v2\/posts"}],"about":[{"href":"https:\/\/pressactu.com\/index.php?rest_route=\/wp\/v2\/types\/post"}],"author":[{"embeddable":true,"href":"https:\/\/pressactu.com\/index.php?rest_route=\/wp\/v2\/users\/1"}],"replies":[{"embeddable":true,"href":"https:\/\/pressactu.com\/index.php?rest_route=%2Fwp%2Fv2%2Fcomments&post=129694"}],"version-history":[{"count":0,"href":"https:\/\/pressactu.com\/index.php?rest_route=\/wp\/v2\/posts\/129694\/revisions"}],"wp:featuredmedia":[{"embeddable":true,"href":"https:\/\/pressactu.com\/index.php?rest_route=\/wp\/v2\/media\/129695"}],"wp:attachment":[{"href":"https:\/\/pressactu.com\/index.php?rest_route=%2Fwp%2Fv2%2Fmedia&parent=129694"}],"wp:term":[{"taxonomy":"category","embeddable":true,"href":"https:\/\/pressactu.com\/index.php?rest_route=%2Fwp%2Fv2%2Fcategories&post=129694"},{"taxonomy":"post_tag","embeddable":true,"href":"https:\/\/pressactu.com\/index.php?rest_route=%2Fwp%2Fv2%2Ftags&post=129694"},{"taxonomy":"author","embeddable":true,"href":"https:\/\/pressactu.com\/index.php?rest_route=%2Fwp%2Fv2%2Fcoauthors&post=129694"}],"curies":[{"name":"wp","href":"https:\/\/api.w.org\/{rel}","templated":true}]}}