{"id":129692,"date":"2026-04-26T19:40:39","date_gmt":"2026-04-26T19:40:39","guid":{"rendered":"https:\/\/pressactu.com\/?p=129692"},"modified":"2026-04-26T19:40:39","modified_gmt":"2026-04-26T19:40:39","slug":"hausse-du-prix-du-carburant-les-yeux-rives-sur-la-jauge-les-gersois-adaptent-leurs-deplacements","status":"publish","type":"post","link":"https:\/\/pressactu.com\/?p=129692","title":{"rendered":"Hausse du prix du carburant\u00a0: les yeux riv\u00e9s sur la jauge, les Gersois adaptent leurs d\u00e9placements"},"content":{"rendered":"<p>\n                                                                    <span class=\"article-full__chapo-label hide-on-small-only\">l&#8217;essentiel<\/span><br \/>\n                                                                Face \u00e0 la flamb\u00e9e des prix de l\u2019essence et du diesel, les Gersois adaptent leurs habitudes\u00a0: pleins partiels, covoiturage, v\u00e9lo ou mutualisation des trajets deviennent indispensables pour ne pas vider le porte-monnaie.\n                            <\/p>\n<div rel=\"js-article-content\" data-state=\"fixed-height\" data-selection=\"disabled\">\n                                                                                                                            <!-- Pub DFP Position [outstream] --><\/p>\n<p>&#8220;Si j\u2019avais fait le plein entier, j\u2019en aurais eu pour plus de 130\u00a0\u20ac\u00a0! &#8221; Cela faisait d\u00e9j\u00e0 quelques jours qu\u2019Agathe devait aller \u00e0 la pompe. Mais avec un prix proche de 2,30\u00a0\u20ac le litre\u00a0de diesel, l\u2019infirmi\u00e8re a attendu le plus longtemps possible, dans l\u2019espoir de voir diminuer, m\u00eame de quelques centimes, le montant affich\u00e9 sur la borne. &#8220;Mais, l\u00e0, je n\u2019avais plus le choix&#8221;, soupire la jeune femme, qui n\u2019a\u00a0pas rempli son r\u00e9servoir en entier. &#8220;C\u2019est la fin du mois, je suis un peu juste\u2026&#8221;<\/p>\n<p><!-- Pub DFP Position [article] --><\/p>\n<p>Comme Agathe, les Gersois sont nombreux \u00e0 essayer de trouver des solutions contre la hausse du co\u00fbt des carburants. Depuis le d\u00e9but du <a href=\"https:\/\/www.ladepeche.fr\/actu\/international\/iran\/\" target=\"_blank\">conflit au Moyen-Orient<\/a>, le prix de l\u2019essence a augment\u00e9 d\u2019une trentaine de centimes\u00a0; celui du gazole jusqu\u2019\u00e0 une soixantaine. Malgr\u00e9 les aides et les baisses annonc\u00e9es, \u00e0 la pompe, la situation reste compliqu\u00e9e pour les usagers, qui se tiennent inform\u00e9s via les r\u00e9seaux sociaux, sur internet ou par le bouche \u00e0 oreille.<\/p>\n<p>L\u00e9onie, de Maravat, n\u2019a, elle, pas d\u2019autre choix que de prendre sa voiture, tous les jours, pour aller au travail, dans le Tarn-et-Garonne\u00a0: &#8220;C\u2019est 45 minutes de route environ\u2026&#8221; Alors, lorsqu\u2019elle passe devant une station, elle regarde attentivement les prix et essaye de s\u2019arr\u00eater \u00e0 la moins ch\u00e8re. &#8220;Sinon, je ne fais pas le plein complet.&#8221; Et en dehors de ces trajets obligatoires, la jeune femme fait attention \u00e0 ces d\u00e9placements\u00a0: &#8220;Quand c\u2019est possible, je regroupe. Et sinon je limite mes loisirs.&#8221;<\/p>\n<h2 class=\"txt-int\">Mutualiser et covoiturer<\/h2>\n<p>Autre solution adopt\u00e9e par les Gersois\u00a0: mutualiser certains d\u00e9placements. C\u2019est le cas de Chlo\u00e9*, maman de deux enfants de 6 et 9 ans. &#8220;L\u00e0, ce sont les vacances, donc on peut moins bouger. Mais sinon, pour les diff\u00e9rentes activit\u00e9s, le foot et le dessin, on essaie de se regrouper avec d\u2019autres parents, l\u2019un qui fait l\u2019aller et l\u2019autre le retour, par exemple&#8221;.<\/p>\n<p>D\u2019autres se tournent aussi vers le covoiturage, parfois difficile au sein d\u2019une m\u00eame entreprise, lorsque les salari\u00e9s n\u2019ont pas les m\u00eames horaires. Du coup, Thierry, qui travaille dans une entreprise de la banlieue toulousaine, utilise le train, &#8220;mais le probl\u00e8me, c\u2019est que certains voyages sont annul\u00e9s. Quand je trouve, je prends aussi des covoiturages mais j\u2019ai l\u2019impression qu\u2019ils se remplissent plus vite que d\u2019habitude.&#8221;<\/p>\n<p class=\"std-elt__inline\">\n        <strong>\u00c0 lire aussi :<\/strong><br \/>\n        <a href=\"\/2026\/04\/22\/reportage-hausse-des-carburants-15-fois-plus-dappels-des-prix-bondissant-de-15-a-25-en-un-jour-comment-les-transporteurs-font-face-a-la-crise-13336670.php\">REPORTAGE. Hausse des carburants\u00a0: 15 fois plus d\u2019appels, des prix bondissant de 15 \u00e0 25\u00a0% en un jour\u2026 Comment les transporteurs font face \u00e0 la crise<\/a>\n    <\/p>\n<p>En effet, depuis le d\u00e9but du conflit, BlaBlaCar a constat\u00e9 une augmentation importante des usagers sur les longues mais aussi les courtes distances, appel\u00e9es domicile-travail. Cit\u00e9e par <a href=\"https:\/\/www.franceinfo.fr\/replay-jt\/france-2\/13-heures\/prix-des-carburants-le-covoiturage-fait-le-plein-a-l-heure-de-la-flambee-du-cout-a-la-pompe-a-essence_7911197.html\" target=\"_blank\">France Info<\/a>, la soci\u00e9t\u00e9 constatait, &#8220;d\u00e8s la semaine du 9\u00a0mars, 40\u00a0% d\u2019inscription en plus. La semaine du 23\u00a0mars, c\u2019\u00e9tait 70\u00a0% d\u2019inscriptions en plus par rapport \u00e0 avant la crise.&#8221;<\/p>\n<p>Enfin, certains Gersois se tournent davantage vers les mobilit\u00e9s douces. V\u00e9lo, marche\u2026 &#8220;On a de la chance, il fait plut\u00f4t beau ces derniers temps, sourit Lucie, Auscitaine retrait\u00e9e. J\u2019essaie de prendre le moins possible la voiture et de faire le maximum de choses \u00e0 pied.&#8221; Camille* a elle\u00a0fait r\u00e9parer son v\u00e9lo dans un magasin d\u2019\u00e9quipement sportif, afin de privil\u00e9gier le deux-roues, plut\u00f4t que la voiture. La question\u00a0ne se pose pas pour Henriette\u00a0: &#8220;Je n\u2019ai pas de voiture, je suis tranquille\u00a0!&#8221;<\/p>\n<footer class=\"txt-note\">*Le pr\u00e9nom a \u00e9t\u00e9 modifi\u00e9.<\/footer>\n<\/p><\/div>\n<p><a href=\"https:\/\/www.ladepeche.fr\/2026\/04\/26\/hausse-du-prix-du-carburant-les-yeux-rives-sur-la-jauge-les-gersois-adaptent-leurs-deplacements-13339775.php\">source<\/a><\/p>\n","protected":false},"excerpt":{"rendered":"<p>l&#8217;essentiel Face \u00e0 la flamb\u00e9e des prix de l\u2019essence et du diesel, les Gersois adaptent leurs habitudes\u00a0: pleins partiels, covoiturage, v\u00e9lo ou mutualisation des trajets deviennent indispensables pour ne pas vider le porte-monnaie. &#8220;Si j\u2019avais fait le plein entier, j\u2019en aurais eu pour plus de 130\u00a0\u20ac\u00a0! &#8221; Cela faisait d\u00e9j\u00e0 quelques jours qu\u2019Agathe devait aller [&hellip;]<\/p>\n","protected":false},"author":1,"featured_media":129693,"comment_status":"open","ping_status":"open","sticky":false,"template":"","format":"standard","meta":{"_monsterinsights_skip_tracking":false,"_monsterinsights_sitenote_active":false,"_monsterinsights_sitenote_note":"","_monsterinsights_sitenote_category":0,"footnotes":""},"categories":[74],"tags":[],"coauthors":[77],"class_list":["post-129692","post","type-post","status-publish","format-standard","has-post-thumbnail","hentry","category-economie"],"aioseo_notices":[],"_links":{"self":[{"href":"https:\/\/pressactu.com\/index.php?rest_route=\/wp\/v2\/posts\/129692","targetHints":{"allow":["GET"]}}],"collection":[{"href":"https:\/\/pressactu.com\/index.php?rest_route=\/wp\/v2\/posts"}],"about":[{"href":"https:\/\/pressactu.com\/index.php?rest_route=\/wp\/v2\/types\/post"}],"author":[{"embeddable":true,"href":"https:\/\/pressactu.com\/index.php?rest_route=\/wp\/v2\/users\/1"}],"replies":[{"embeddable":true,"href":"https:\/\/pressactu.com\/index.php?rest_route=%2Fwp%2Fv2%2Fcomments&post=129692"}],"version-history":[{"count":0,"href":"https:\/\/pressactu.com\/index.php?rest_route=\/wp\/v2\/posts\/129692\/revisions"}],"wp:featuredmedia":[{"embeddable":true,"href":"https:\/\/pressactu.com\/index.php?rest_route=\/wp\/v2\/media\/129693"}],"wp:attachment":[{"href":"https:\/\/pressactu.com\/index.php?rest_route=%2Fwp%2Fv2%2Fmedia&parent=129692"}],"wp:term":[{"taxonomy":"category","embeddable":true,"href":"https:\/\/pressactu.com\/index.php?rest_route=%2Fwp%2Fv2%2Fcategories&post=129692"},{"taxonomy":"post_tag","embeddable":true,"href":"https:\/\/pressactu.com\/index.php?rest_route=%2Fwp%2Fv2%2Ftags&post=129692"},{"taxonomy":"author","embeddable":true,"href":"https:\/\/pressactu.com\/index.php?rest_route=%2Fwp%2Fv2%2Fcoauthors&post=129692"}],"curies":[{"name":"wp","href":"https:\/\/api.w.org\/{rel}","templated":true}]}}