{"id":129690,"date":"2026-04-26T19:15:35","date_gmt":"2026-04-26T19:15:35","guid":{"rendered":"https:\/\/pressactu.com\/?p=129690"},"modified":"2026-04-26T19:15:35","modified_gmt":"2026-04-26T19:15:35","slug":"tirs-a-un-gala-avec-trump-attaques-djihadistes-au-mali-les-5-infos-a-retenir-du-week-end","status":"publish","type":"post","link":"https:\/\/pressactu.com\/?p=129690","title":{"rendered":"Tirs \u00e0 un gala avec Trump, attaques djihadistes au Mali\u2026 Les 5 infos \u00e0 retenir du week-end"},"content":{"rendered":"<div>\n<figure class=\"hook-media--standard \"> <picture class=\"hook-media_picture pb-8\"><source media=\"(max-width: 768px)\" srcset=\"https:\/\/focus.nouvelobs.com\/2026\/04\/26\/1\/0\/3546\/2364\/375\/250\/75\/0\/bf447a9_upload-1-nq30n2knhwtc-063-2273153912.jpg 1x,https:\/\/focus.nouvelobs.com\/2026\/04\/26\/1\/0\/3546\/2364\/750\/500\/50\/0\/bf447a9_upload-1-nq30n2knhwtc-063-2273153912.jpg 2x\" width=\"375\" height=\"250\"><img fetchpriority=\"high\" decoding=\"async\" class=\"mx-auto\" src=\"data:image\/svg+xml,%3Csvg%20xmlns%3D%27http%3A%2F%2Fwww.w3.org%2F2000%2Fsvg%27%20fill%3D%22%23e4e4e4%22%20viewBox%3D%270%200%20510%20340%27%20width%3D%22510%22%20height%3D%22340%22%3E%3Cpath%20d%3D%27M0%200h510v340H0z%27%2F%3E%3C%2Fsvg%3E\" srcset=\"https:\/\/focus.nouvelobs.com\/2026\/04\/26\/1\/0\/3546\/2364\/510\/340\/75\/0\/bf447a9_upload-1-nq30n2knhwtc-063-2273153912.jpg 1x,https:\/\/focus.nouvelobs.com\/2026\/04\/26\/1\/0\/3546\/2364\/1020\/680\/50\/0\/bf447a9_upload-1-nq30n2knhwtc-063-2273153912.jpg 2x\" loading=\"eager\" width=\"510\" height=\"340\" data-oncrawl-image-size=\"510x340\" alt=\"Le photographe Andrew Harnik de Getty Images prend des photos tandis qu\u2019un agent pointe son arme apr\u00e8s des tirs survenus lors du d\u00eener annuel de l\u2019Association des correspondants de la Maison-Blanche, le 25\u00a0avril 2026\u00a0\u00e0 Washington, auquel assistait Donald Trump et une partie du gouvernement. \"\/>   <\/source><\/picture><figcaption class=\"hook-media_figcaption\">\n<p class=\"latino-100m text-grey-600\">  Le photographe Andrew Harnik de Getty Images prend des photos tandis qu\u2019un agent pointe son arme apr\u00e8s des tirs survenus lors du d\u00eener annuel de l\u2019Association des correspondants de la Maison-Blanche, le 25\u00a0avril 2026\u00a0\u00e0 Washington, auquel assistait Donald Trump et une partie du gouvernement. \u00a0<span class=\"text-grey-600 ms-4\">CHIP SOMODEVILLA \/ GETTY IMAGES VIA AFP<\/span>  <\/p>\n<\/figcaption><\/figure>\n<div class=\"article__share d-flex align-items-center py-24 border-bottom  mb-32\" style=\"--border-color:#D9D9D9;\">\n<div class=\"d-flex flex-wrap gap-16\">                                <button data-article-key=\"20260426.OBS114492\" aria-label=\"Lire\u00a0plus\u00a0tard\" data-section=\"Monde\" data-piano=\"Page_Article,Sous_date_publi,A_lire_plus_tard,1er_clic,action\" class=\"popover-trigger btn--tertiary btn--icon-only btn btn--small btn--secondary read-later\"> <i class=\"icon  icon-read-after\" aria-hidden=\"true\"\/>  <span class=\"latino-300r mt-2 \"> Lire\u00a0plus\u00a0tard <\/span>  <\/button>        <a aria-label=\"Nous suivre sur Google News\" href=\"https:\/\/news.google.com\/publications\/CAAqBwgKMJe4nQkw3dFs?hl=fr&amp;gl=FR&amp;ceid=FR%3Afr\" target=\"_blank\" data-piano=\"Page_Article,Sous_date_publi,Nous_suivre_sur_google_news,1er_clic,action\" class=\"btn btn--small btn--tertiary btn--icon-only\">    <svg class=\"icon icon--google  \" style=\"--fill:#56668A\">   <use href=\"\/bucket\/resources\/web\/img\/e86dad2a9be111d0faac.svg#google\"\/>  <\/svg>   <span class=\"latino-300r mt-2 \">Google Actualit\u00e9s<\/span>  <\/a>     <button id=\"share\" aria-label=\"Partager\" class=\"popover-trigger btn btn--small btn--tertiary btn--icon-only\" data-piano=\"Page_Article,Sous_date_publi,Partager,1er_clic,action\">    <svg class=\"icon icon--share-alt  \" style=\"--fill:var(--base-foreground-color,#171717)\">   <use href=\"\/bucket\/resources\/web\/img\/e86dad2a9be111d0faac.svg#share-alt\"\/>  <\/svg>  <span class=\"latino-300r mt-2\">Partager<\/span> <\/button> <\/p>\n<div id=\"popover-share\" data-url=\"https:\/\/www.nouvelobs.com\/monde\/20260426.OBS114492\/tirs-a-un-gala-avec-trump-attaques-djihadistes-au-mali-les-5-infos-a-retenir-du-week-end.html\" data-id=\"20260426.OBS114492\" data-popover-for=\"share\" class=\"popover p-32\" role=\"tooltip\" style=\"width: 375px\">\n<p>  <button onclick=\"setToFacebook();\" class=\"btn btn--large btn--secondary\" aria-label=\"Facebook\" piano-context-origin=\"Page_Article,Sous_date_publi,Partager,Facebook,action\">    <svg class=\"icon icon--facebook  \" style=\"--fill:var(--base-foreground-color,#171717)\">   <use href=\"\/bucket\/resources\/web\/img\/e86dad2a9be111d0faac.svg#facebook\"\/>  <\/svg>  <span class=\"latino-300r\">Facebook<\/span> <\/button> <button onclick=\"setToBsky();\" class=\"btn btn--large btn--secondary\" aria-label=\"Bluesky\" piano-context-origin=\"Page_Article,Sous_date_publi,Partager,Bluesky,action\">    <svg class=\"icon icon--bluesky  \" style=\"--fill:var(--base-foreground-color,#171717)\">   <use href=\"\/bucket\/resources\/web\/img\/e86dad2a9be111d0faac.svg#bluesky\"\/>  <\/svg>  <span class=\"latino-300r\">Bluesky<\/span> <\/button> <button id=\"mail-button\" onclick=\"setToMail(true)\" class=\"btn btn--large btn--secondary\" aria-label=\"Mail\" piano-context-origin=\"Page_Article,Sous_date_publi,Partager,Email,action\">    <svg class=\"icon icon--mail  \" style=\"--fill:var(--base-foreground-color,#171717)\">   <use href=\"\/bucket\/resources\/web\/img\/e86dad2a9be111d0faac.svg#mail\"\/>  <\/svg>  <span class=\"latino-300r\">E-mail<\/span> <\/button> <button onclick=\"setToClipboard();\" class=\"copy-button btn btn--large btn--secondary\" aria-label=\"copier le lien\" piano-context-origin=\"Page_Article,Sous_date_publi,Partager,Copier_lien,action\">    <svg class=\"icon icon--link  \" style=\"--fill:var(--base-foreground-color,#171717)\">   <use href=\"\/bucket\/resources\/web\/img\/e86dad2a9be111d0faac.svg#link\"\/>  <\/svg>  <span class=\"latino-300r\">Copier le lien<\/span> <\/button>  <\/p>\n<p> <button id=\"share-mail-submit\" type=\"submit\" form=\"mail-form\" onclick=\"__forecast.collectShareMail()\" class=\"latino-300r btn btn--large btn--black btn--fit\"> Envoyer <\/button> <\/p>\n<\/p><\/div>\n<p>                    <span data-urlencode=\"L2Fib25uZW1lbnQtYXZyaWwtMjAyNg==\" data-piano=\"Page_Article,Sous_date_publi,S_abonner_Printemps2026,1er_clic,action\" data-batch=\"clic_s_abonner\" class=\"btn btn--small btn--conversion-secondary\" style=\"--btn-color:#FFF;--btn-color-hover:#FFF;--btn-bg:#FC5F2B;--btn-bg-hover:#FC5F2B;--btn-bg-focus:#FC5F2B;--btn-border-color:#522DF7;\"> S\u2019abonner <\/span>       <\/div>\n<\/p><\/div>\n<p class=\"node__paragraphe antonia-750r text-grey-800 pb-24 pb-md-32\"> Si vous avez d\u00e9croch\u00e9 de l\u2019actualit\u00e9\u00a0ce week-end, voici les principales informations \u00e0 retenir de ces samedi 25\u00a0et dimanche 26\u00a0avril. <\/p>\n<h2 class=\"node__heading latino-800m latino-lg-1400e text-grey-800 pb-8 pb-md-16\"> \u00b7 Tirs au gala de la presse auquel assistait Trump <\/h2>\n<p class=\"node__paragraphe antonia-750r text-grey-800 pb-24 pb-md-32\"> Donald Trump a \u00e9t\u00e9 \u00e9vacu\u00e9 samedi soir par le Secret Service <a href=\"https:\/\/www.nouvelobs.com\/monde\/20260426.OBS114473\/donald-trump-evacue-apres-des-tirs-au-gala-annuel-des-correspondants-de-la-maison-blanche-ce-que-l-on-sait.html\">apr\u00e8s des tirs survenus lors d\u2019un gala \u00e0 Washington<\/a>, o\u00f9 se tenait le d\u00eener annuel des correspondants de la Maison Blanche, pour la premi\u00e8re fois en pr\u00e9sence du pr\u00e9sident am\u00e9ricain. Un homme arm\u00e9, pr\u00e9sent\u00e9 par Trump comme un <em>\u00ab loup solitaire \u00bb<\/em> et un <em>\u00ab\u00a0cingl\u00e9\u00a0\u00bb<\/em> a \u00e9t\u00e9 arr\u00eat\u00e9 avant de p\u00e9n\u00e9trer dans la salle. Selon la police, il portait plusieurs armes \u00e0 feu et des couteaux. Des coups de feu ont \u00e9t\u00e9 \u00e9chang\u00e9s, et un agent a \u00e9t\u00e9 touch\u00e9 sans \u00eatre bless\u00e9 prot\u00e9g\u00e9 par son gilet pare-balles. <\/p>\n<p class=\"node__paragraphe antonia-750r text-grey-800 pb-24 pb-md-32\"> Le pr\u00e9sident am\u00e9ricain a d\u00e9nonc\u00e9 une tentative d\u2019assassinat se comparant \u00e0 Abraham Lincoln, 16e pr\u00e9sident des Etats-Unis, tu\u00e9 en 1865\u00a0dans sa loge de th\u00e9\u00e2tre \u00e0 Washington par un acteur ardent partisan des \u00ab\u00a0Sudistes\u00a0\u00bb. Les premiers \u00e9l\u00e9ments de l\u2019enqu\u00eate indique toutefois que le tireur semblait viser de hauts responsables de l\u2019administration am\u00e9ricaine. <a href=\"https:\/\/www.nouvelobs.com\/monde\/20260426.OBS114481\/qui-est-le-tireur-qui-a-vise-donald-trump-au-diner-des-correspondants-de-la-maison-blanche.html\">L\u2019assaillant, identifi\u00e9 par les m\u00e9dias comme Cole Tomas Allen<\/a>, un Californien de 31\u00a0ans, doit compara\u00eetre lundi et \u00eatre inculp\u00e9, notamment pour agression d\u2019un agent f\u00e9d\u00e9ral. <\/p>\n<h2 class=\"node__heading latino-800m latino-lg-1400e text-grey-800 pb-8 pb-md-16\"> \u00b7 Attaques de la r\u00e9bellion touareg et des djihadistes au Mali <\/h2>\n<p class=\"node__paragraphe antonia-750r text-grey-800 pb-24 pb-md-32\"> Samedi \u00e0 l\u2019aube, <a href=\"https:\/\/www.nouvelobs.com\/monde\/20260426.OBS114476\/attaques-au-mali-bamako-et-d-autres-villes-ciblees-par-les-djihadistes-du-jnim-et-la-rebellion-touareg.html\">des attaques coordonn\u00e9es ont frapp\u00e9 le Mali.<\/a> La r\u00e9bellion touareg du Front de lib\u00e9ration de l\u2019Azawad (FLA) et les djihadistes du Groupe de soutien \u00e0 l\u2019islam et aux musulmans (GSIM), li\u00e9s \u00e0 Al-Qa\u00efda, ont vis\u00e9 des positions militaires et des sites strat\u00e9giques, de Bamako \u00e0 Gao. Les combats ont fait 16\u00a0bless\u00e9s, selon les autorit\u00e9s maliennes. Le ministre de la D\u00e9fense, Sadio Camara, a \u00e9t\u00e9 tu\u00e9 dans l\u2019explosion de sa r\u00e9sidence \u00e0 Kati, pr\u00e8s de Bamako et fief de la junte au pouvoir. Dans la foul\u00e9e, le FLA a affirm\u00e9 contr\u00f4ler Kidal, bastion repris par l\u2019arm\u00e9e en 2023\u00a0avec l\u2019appui du groupe de mercenaires russes Wagner, devenu Africa Corps. <\/p>\n<p class=\"node__paragraphe antonia-750r text-grey-800 pb-24 pb-md-32\"> Dimanche matin, les combats ont repris \u00e0 Kidal entre rebelles, arm\u00e9e malienne et combattants russes retranch\u00e9s. Tandis que Bamako \u00e9tait rest\u00e9e sous haute tension, les insurg\u00e9s ont assur\u00e9 vouloir \u00e9liminer les derni\u00e8res poches de r\u00e9sistance. Cette offensive in\u00e9dite marque une nette escalade dans un conflit qui ravage le pays depuis plus d\u2019une d\u00e9cennie. <\/p>\n<h2 class=\"node__heading latino-800m latino-lg-1400e text-grey-800 pb-8 pb-md-16\"> \u00b7 Macron \u00e9carte le sc\u00e9nario d\u2019une p\u00e9nurie de carburants <\/h2>\n<p class=\"node__paragraphe antonia-750r text-grey-800 pb-24 pb-md-32\"> En visite \u00e0 Ath\u00e8nes samedi, Emmanuel Macron a voulu rassurer sur <a href=\"https:\/\/www.nouvelobs.com\/economie\/20260407.OBS113961\/carburants-18-de-stations-en-rupture-temporaire-de-nouvelles-aides-pour-les-professionnels.html\">les risques de p\u00e9nurie \u00e9nerg\u00e9tique en France<\/a>, malgr\u00e9 les tensions li\u00e9es <a href=\"https:\/\/www.nouvelobs.com\/monde\/20260311.OBS113089\/bernard-hourcade-geographe-la-republique-islamique-d-iran-telle-que-nous-l-avons-connue-pendant-pres-d-un-demi-siecle-ne-survivra-pas.html\">\u00e0 la guerre au Moyen-Orient.<\/a> La veille, le PDG de TotalEnergies, Patrick Pouyann\u00e9, avait pourtant \u00e9voqu\u00e9 un sc\u00e9nario <em>\u00ab\u00a0de p\u00e9nurie \u00e9nerg\u00e9tique\u00a0\u00bb<\/em> en cas de <a href=\"https:\/\/www.nouvelobs.com\/monde\/20260313.OBS113168\/la-strategie-de-l-iran-ne-vise-pas-a-gagner-la-guerre-mais-a-la-faire-perdre-en-empechant-les-etats-unis-d-atteindre-leurs-objectifs.html\">blocage prolong\u00e9 du d\u00e9troit d\u2019Ormuz<\/a>. Le chef de l\u2019\u00c9tat a jug\u00e9 cette hypoth\u00e8se peu probable et mis en garde contre les <em>\u00ab comportements de panique \u00bb<\/em>, susceptibles selon lui de provoquer eux-m\u00eames des p\u00e9nuries. <\/p>\n<p class=\"node__paragraphe antonia-750r text-grey-800 pb-24 pb-md-32\"> Depuis fin f\u00e9vrier, le conflit a fortement perturb\u00e9 le trafic dans le d\u00e9troit strat\u00e9gique, o\u00f9 transite une part majeure du p\u00e9trole mondial, sous l\u2019effet des tensions avec l\u2019Iran et des mesures prises par Donald Trump. Cette situation a d\u00e9j\u00e0 entra\u00een\u00e9 une <a href=\"https:\/\/www.nouvelobs.com\/politique\/20260421.OBS114373\/dispositif-pour-les-grands-rouleurs-aides-pour-les-pecheurs-et-agriculteurs-le-point-sur-les-annonces-sur-les-carburants.html\">hausse des prix de l\u2019\u00e9nergie <\/a>et raviv\u00e9 l\u2019inflation en zone euro, atteignant 2,6\u00a0% en mars. <\/p>\n<h2 class=\"node__heading latino-800m latino-lg-1400e text-grey-800 pb-8 pb-md-16\"> \u00b7 Les n\u00e9gociations am\u00e9ricano-iraniennes dans l\u2019impasse <\/h2>\n<p class=\"node__paragraphe antonia-750r text-grey-800 pb-24 pb-md-32\"> Les discussions am\u00e9ricano-iraniennes, <a href=\"https:\/\/www.nouvelobs.com\/monde\/20260421.OBS114357\/en-iran-les-decisions-n-incombent-qu-au-bureau-du-guide-supreme.html\">relanc\u00e9es il y a deux semaines sous m\u00e9diation pakistanaise<\/a> \u00e0 Islamabad apr\u00e8s la mise en place d\u2019un cessez-le-feu, ont \u00e9t\u00e9 brutalement remises en question apr\u00e8s l\u2019annulation samedi par Donald Trump du d\u00e9placement des \u00e9missaires am\u00e9ricains, son gendre Jared Kushner et l\u2019envoy\u00e9 sp\u00e9cial Steve Witkoff. Le pr\u00e9sident am\u00e9ricain a justifi\u00e9 sa d\u00e9cision par la longueur du voyage et privil\u00e9gi\u00e9 des \u00e9changes \u00e0 distance, tout en affirmant que les n\u00e9gociations restaient <em>\u00ab possibles \u00bb<\/em>. <em>\u00ab\u00a0Trop de temps perdu en d\u00e9placements, trop de travail\u00a0! (&#8230;) Personne ne sait qui est aux commandes (en Iran, ndlr), y compris eux-m\u00eames\u00a0\u00bb<\/em>, a-t-il \u00e9crit sur son r\u00e9seau Truth Social. <\/p>\n<p class=\"node__paragraphe antonia-750r text-grey-800 pb-24 pb-md-32\"> Dans le m\u00eame temps, le chef de la diplomatie iranienne Abbas Araghchi s\u2019est rendu \u00e0 Islamabad pour transmettre les positions de T\u00e9h\u00e9ran, apr\u00e8s des \u00e9changes diplomatiques multipli\u00e9s avec Oman et la Turquie. Il devrait \u00e9galement rencontrer Vladimir Poutine \u00e0 Moscou lundi, lors d\u2019une visite o\u00f9 il fera le point sur les tractations de paix en cours. <\/p>\n<p class=\"node__paragraphe antonia-750r text-grey-800 pb-24 pb-md-32\"> Depuis le d\u00e9clenchement du conflit fin f\u00e9vrier, marqu\u00e9 par une offensive am\u00e9ricano-isra\u00e9lienne contre l\u2019Iran, les tentatives de reprise du dialogue se succ\u00e8dent sans aboutir. <\/p>\n<h2 class=\"node__heading latino-800m latino-lg-1400e text-grey-800 pb-8 pb-md-16\"> \u00b7 Un marathon sous les deux heures, une premi\u00e8re historique <\/h2>\n<p class=\"node__paragraphe antonia-750r text-grey-800 pb-24 pb-md-32\"> Le K\u00e9nyan Sabastian Sawe, 31\u00a0ans, a franchi la ligne d\u2019arriv\u00e9e du marathon de Londres devant Buckingham Palace apr\u00e8s 1\u00a0heure, 59\u00a0minutes et 30\u00a0secondes et pulv\u00e9ris\u00e9 l\u2019ancien record du monde \u00e9tabli par Kelvin Kiptum en 2\u00a0heures, 1\u00a0minute et 35\u00a0secondes en avril 2023, moins d\u2019un an avant son d\u00e9c\u00e8s dans un accident de voiture. <\/p>\n<p class=\"node__paragraphe antonia-750r text-grey-800 pb-24 pb-md-32\"> Dans cette course, r\u00e9alis\u00e9e dans des conditions optimales, &#8211; grand soleil, 18\u00a0degr\u00e9s, pas de vent &#8211; l\u2019Ethiopien Yomif Kejelcha, sp\u00e9cialiste du semi-marathon, qui s\u2019alignait pour la premi\u00e8re fois sur cette distance, est, lui, arriv\u00e9 onze secondes plus tard, battant lui aussi l\u2019ancien record. Un autre homme, le K\u00e9nyan Eliud Kipchoge avait d\u00e9j\u00e0 couru les 42\u00a0195\u00a0km en moins de deux heures, en 2019\u00a0\u00e0 Vienne (1h 59h 41\u00a0sec), dans une exhibition o\u00f9 il avait \u00e9t\u00e9 aid\u00e9 par 41\u00a0li\u00e8vres, ce qui interdisait l\u2019homologation d\u2019un record. <\/p>\n<p class=\"node__paragraphe antonia-750r text-grey-800 pb-24 pb-md-32\"> <em>\u00ab\u00a0Vous avez non seulement remport\u00e9 une victoire historique, mais vous avez aussi repouss\u00e9 les limites de l\u2019endurance humaine, pulv\u00e9risant le record du monde et franchissant la barre des deux heures avec une d\u00e9termination extraordinaire\u00a0\u00bb<\/em>, a \u00e9crit sur X le pr\u00e9sident k\u00e9nyan William Ruto. <\/p>\n<p class=\"node__paragraphe antonia-750r text-grey-800 pb-24 pb-md-32\"> Les K\u00e9nyannes Hellen Obiri et Joyciline Jepkosgei ont, elles, pris respectivement la deuxi\u00e8me et troisi\u00e8me place au marathon f\u00e9minin. <\/p>\n<\/p><\/div>\n<p><a href=\"https:\/\/www.nouvelobs.com\/monde\/20260426.OBS114492\/tirs-a-un-gala-avec-trump-attaques-djihadistes-au-mali-les-5-infos-a-retenir-du-week-end.html\">source<\/a><\/p>\n","protected":false},"excerpt":{"rendered":"<p>Le photographe Andrew Harnik de Getty Images prend des photos tandis qu\u2019un agent pointe son arme apr\u00e8s des tirs survenus lors du d\u00eener annuel de l\u2019Association des correspondants de la Maison-Blanche, le 25\u00a0avril 2026\u00a0\u00e0 Washington, auquel assistait Donald Trump et une partie du gouvernement. \u00a0CHIP SOMODEVILLA \/ GETTY IMAGES VIA AFP Lire\u00a0plus\u00a0tard Google Actualit\u00e9s Partager [&hellip;]<\/p>\n","protected":false},"author":1,"featured_media":129691,"comment_status":"open","ping_status":"open","sticky":false,"template":"","format":"standard","meta":{"_monsterinsights_skip_tracking":false,"_monsterinsights_sitenote_active":false,"_monsterinsights_sitenote_note":"","_monsterinsights_sitenote_category":0,"footnotes":""},"categories":[75],"tags":[],"coauthors":[77],"class_list":["post-129690","post","type-post","status-publish","format-standard","has-post-thumbnail","hentry","category-monde"],"aioseo_notices":[],"_links":{"self":[{"href":"https:\/\/pressactu.com\/index.php?rest_route=\/wp\/v2\/posts\/129690","targetHints":{"allow":["GET"]}}],"collection":[{"href":"https:\/\/pressactu.com\/index.php?rest_route=\/wp\/v2\/posts"}],"about":[{"href":"https:\/\/pressactu.com\/index.php?rest_route=\/wp\/v2\/types\/post"}],"author":[{"embeddable":true,"href":"https:\/\/pressactu.com\/index.php?rest_route=\/wp\/v2\/users\/1"}],"replies":[{"embeddable":true,"href":"https:\/\/pressactu.com\/index.php?rest_route=%2Fwp%2Fv2%2Fcomments&post=129690"}],"version-history":[{"count":0,"href":"https:\/\/pressactu.com\/index.php?rest_route=\/wp\/v2\/posts\/129690\/revisions"}],"wp:featuredmedia":[{"embeddable":true,"href":"https:\/\/pressactu.com\/index.php?rest_route=\/wp\/v2\/media\/129691"}],"wp:attachment":[{"href":"https:\/\/pressactu.com\/index.php?rest_route=%2Fwp%2Fv2%2Fmedia&parent=129690"}],"wp:term":[{"taxonomy":"category","embeddable":true,"href":"https:\/\/pressactu.com\/index.php?rest_route=%2Fwp%2Fv2%2Fcategories&post=129690"},{"taxonomy":"post_tag","embeddable":true,"href":"https:\/\/pressactu.com\/index.php?rest_route=%2Fwp%2Fv2%2Ftags&post=129690"},{"taxonomy":"author","embeddable":true,"href":"https:\/\/pressactu.com\/index.php?rest_route=%2Fwp%2Fv2%2Fcoauthors&post=129690"}],"curies":[{"name":"wp","href":"https:\/\/api.w.org\/{rel}","templated":true}]}}