{"id":129684,"date":"2026-04-26T18:00:32","date_gmt":"2026-04-26T18:00:32","guid":{"rendered":"https:\/\/pressactu.com\/?p=129684"},"modified":"2026-04-26T18:00:32","modified_gmt":"2026-04-26T18:00:32","slug":"candie-a-ouvert-ses-portes-ce-dimanche-ce-domaine-agricole-nest-pas-assez-connu-des-toulousains","status":"publish","type":"post","link":"https:\/\/pressactu.com\/?p=129684","title":{"rendered":"Candie a ouvert ses portes ce dimanche\u00a0: &quot;Ce domaine agricole n\u2019est pas assez connu des Toulousains&quot;"},"content":{"rendered":"<p>\n                                                                    <span class=\"article-full__chapo-label hide-on-small-only\">l&#8217;essentiel<\/span><br \/>\n                                                                Au sud de Toulouse, le Domaine de Candie a ouvert ses portes ce dimanche dans le cadre de l\u2019op\u00e9ration \u00ab\u00a0De Ferme en Ferme\u00a0\u00bb. Entre fanfares et ateliers p\u00e9dagogiques, cette r\u00e9gie municipale de 300 hectares a d\u00e9voil\u00e9 les coulisses de sa production agricole.\n                            <\/p>\n<div rel=\"js-article-content\" data-state=\"fixed-height\" data-selection=\"disabled\">\n                                                                                                                            <!-- Pub DFP Position [outstream] --><\/p>\n<p data-path-to-node=\"28\">Ce dimanche apr\u00e8s-midi, les notes cuivr\u00e9es de la fanfare festive Los Soupaeros de Supaero\u00a0accueillent les visiteurs au Domaine de Candie, au sud de Toulouse. \u00c0 l\u2019instar d\u2019une quarantaine d\u2019exploitations de la Haute-Garonne et de l\u2019Ari\u00e8ge, cette ferme urbaine de pr\u00e8s de 300 hectares, g\u00e9r\u00e9e par la R\u00e9gie agricole municipale, participe activement \u00e0 l\u2019op\u00e9ration &#8220;De Ferme en Ferme&#8221;.<\/p>\n<p><!-- Pub DFP Position [article] --><\/p>\n<div class=\"center-align\" rel=\"js-article-inline-img\" data-protec-aida=\"image\">\n<figure class=\"std-img\" data-src=\"https:\/\/images.ladepeche.fr\/api\/v1\/images\/view\/69ee2196b3d7c5ddac07073e\/original\/image.png?v=1\">\n        <img decoding=\"async\" class=\"std-img__img responsive-img\" src=\"http:\/\/pressactu.com\/wp-content\/uploads\/2026\/04\/1777226430_405_image.png?v=1\" alt=\"Treize stands d\u2019informations et d\u2019animations \u00e9taient pr\u00e9sents sur le domaine de Candie.\"\/><figcaption class=\"article-full__media-infos\">\n                <span class=\"article-full__media-legend\">Treize stands d\u2019informations et d\u2019animations \u00e9taient pr\u00e9sents sur le domaine de Candie.<\/span><br \/>\n                                    <span class=\"article-full__media-author\">DDM, &#8211; S.V.<\/span><br \/>\n                            <\/figcaption><\/figure>\n<\/div>\n<p data-path-to-node=\"29\">Pour cette journ\u00e9e portes ouvertes, treize stands th\u00e9matiques (smoothies anti-gaspi, animations sur les l\u00e9gumineuses ou d\u00e9couverte des abeilles\u2026) ont investi le domaine afin de sensibiliser le public. \u00ab\u00a0Des visites sont \u00e9galement organis\u00e9es pour d\u00e9couvrir nos vignes, la fabrication du vin et le parc, incluant le ch\u00e2teau qui abrite les chais\u00a0\u00bb, pr\u00e9cise Charlotte Buisine, responsable de l\u2019accueil \u00e0 Candie.<\/p>\n<p><iframe width=\"600\" height=\"450\" style=\"border:0;\" allowfullscreen=\"\" loading=\"lazy\" referrerpolicy=\"no-referrer-when-downgrade\" data-src=\"https:\/\/www.google.com\/maps\/embed?pb=!1m18!1m12!1m3!1d2907.202502331596!2d1.3867599117504243!3d43.54113857098711!2m3!1f0!2f0!3f0!3m2!1i1024!2i768!4f13.1!3m3!1m2!1s0x12aeb900682d9b93%3A0xb2fe480493328af6!2sCh%C3%A2teau%20du%20Domaine%20de%20Candie!5e1!3m2!1sfr!2sfr!4v1777213205418!5m2!1sfr!2sfr\"><\/iframe><\/p>\n<h2 class=\"txt-int\" data-path-to-node=\"29\">&#8221; Pas assez connu des Toulousains&#8221;<\/h2>\n<p data-path-to-node=\"30\">Ces parcours p\u00e9dagogiques permettent de saisir l\u2019importance du domaine dans l\u2019alimentation locale puisqu\u2019une part majeure de la production (bl\u00e9 pour le pain et les p\u00e2tes, l\u00e9gumes secs, vin) approvisionne directement la cuisine centrale de la Mairie. Ces produits de qualit\u00e9 entrent ainsi dans la confection des menus des \u00e9coles maternelles et \u00e9l\u00e9mentaires, ainsi que dans ceux des seniors. \u00ab\u00a0Ce domaine n\u2019est pas assez connu des Toulousains. C\u2019est pour cela que nous organisons ces portes ouvertes. Nous avons lanc\u00e9 la Maison du Bien-Manger pour attirer les scolaires et les clubs du troisi\u00e8me \u00e2ge, mais aussi les professionnels en qu\u00eate de lieux de r\u00e9union\u00a0\u00bb, souligne Jean-Jacques Bolzan, pr\u00e9sident de la r\u00e9gie.<\/p>\n<h2 class=\"txt-int\" data-path-to-node=\"31\">Un domaine vivant tous les jours<\/h2>\n<p data-path-to-node=\"32\">Pour ceux qui auraient manqu\u00e9 cet \u00e9v\u00e9nement, le Domaine de Candie reste accessible en semaine. Du lundi au vendredi (8h30-12h30 et 13h30-16h), les visiteurs peuvent se rendre \u00e0 la boutique pour s\u2019approvisionner en produits directs\u00a0: vins, jus de raisins, l\u00e9gumineuses, farine, huile de tournesol et p\u00e2tes. Par ailleurs, l\u2019office du tourisme propose des visites mensuelles.<\/p>\n<p data-path-to-node=\"33\">Enfin, comme chaque ann\u00e9e, la guinguette du domaine ouvrira ses portes la derni\u00e8re semaine de mai, accueillant les convives du mardi au samedi, midi et soir.<\/p>\n<footer class=\"txt-note\" data-path-to-node=\"33\">Domaine agricole de Candie, chemin de la Saudrune \u00e0 Toulouse. T\u00e9l. 05.36.25.26.15.<\/footer>\n<\/p><\/div>\n<p><a href=\"https:\/\/www.ladepeche.fr\/2026\/04\/26\/candie-a-ouvert-ses-portes-ce-dimanche-ce-domaine-agricole-nest-pas-assez-connu-des-toulousains-13343160.php\">source<\/a><\/p>\n","protected":false},"excerpt":{"rendered":"<p>l&#8217;essentiel Au sud de Toulouse, le Domaine de Candie a ouvert ses portes ce dimanche dans le cadre de l\u2019op\u00e9ration \u00ab\u00a0De Ferme en Ferme\u00a0\u00bb. Entre fanfares et ateliers p\u00e9dagogiques, cette r\u00e9gie municipale de 300 hectares a d\u00e9voil\u00e9 les coulisses de sa production agricole. Ce dimanche apr\u00e8s-midi, les notes cuivr\u00e9es de la fanfare festive Los Soupaeros [&hellip;]<\/p>\n","protected":false},"author":1,"featured_media":129685,"comment_status":"open","ping_status":"open","sticky":false,"template":"","format":"standard","meta":{"_monsterinsights_skip_tracking":false,"_monsterinsights_sitenote_active":false,"_monsterinsights_sitenote_note":"","_monsterinsights_sitenote_category":0,"footnotes":""},"categories":[74],"tags":[],"coauthors":[77],"class_list":["post-129684","post","type-post","status-publish","format-standard","has-post-thumbnail","hentry","category-economie"],"aioseo_notices":[],"_links":{"self":[{"href":"https:\/\/pressactu.com\/index.php?rest_route=\/wp\/v2\/posts\/129684","targetHints":{"allow":["GET"]}}],"collection":[{"href":"https:\/\/pressactu.com\/index.php?rest_route=\/wp\/v2\/posts"}],"about":[{"href":"https:\/\/pressactu.com\/index.php?rest_route=\/wp\/v2\/types\/post"}],"author":[{"embeddable":true,"href":"https:\/\/pressactu.com\/index.php?rest_route=\/wp\/v2\/users\/1"}],"replies":[{"embeddable":true,"href":"https:\/\/pressactu.com\/index.php?rest_route=%2Fwp%2Fv2%2Fcomments&post=129684"}],"version-history":[{"count":0,"href":"https:\/\/pressactu.com\/index.php?rest_route=\/wp\/v2\/posts\/129684\/revisions"}],"wp:featuredmedia":[{"embeddable":true,"href":"https:\/\/pressactu.com\/index.php?rest_route=\/wp\/v2\/media\/129685"}],"wp:attachment":[{"href":"https:\/\/pressactu.com\/index.php?rest_route=%2Fwp%2Fv2%2Fmedia&parent=129684"}],"wp:term":[{"taxonomy":"category","embeddable":true,"href":"https:\/\/pressactu.com\/index.php?rest_route=%2Fwp%2Fv2%2Fcategories&post=129684"},{"taxonomy":"post_tag","embeddable":true,"href":"https:\/\/pressactu.com\/index.php?rest_route=%2Fwp%2Fv2%2Ftags&post=129684"},{"taxonomy":"author","embeddable":true,"href":"https:\/\/pressactu.com\/index.php?rest_route=%2Fwp%2Fv2%2Fcoauthors&post=129684"}],"curies":[{"name":"wp","href":"https:\/\/api.w.org\/{rel}","templated":true}]}}