{"id":129681,"date":"2026-04-26T17:25:30","date_gmt":"2026-04-26T17:25:30","guid":{"rendered":"https:\/\/pressactu.com\/?p=129681"},"modified":"2026-04-26T17:25:30","modified_gmt":"2026-04-26T17:25:30","slug":"je-ne-suis-pas-effraye-darriver-en-ariege-qui-est-pierre-bressolles-le-nouveau-secretaire-general-de-la-prefecture","status":"publish","type":"post","link":"https:\/\/pressactu.com\/?p=129681","title":{"rendered":"&quot;Je ne suis pas effray\u00e9 d\u2019arriver en Ari\u00e8ge&quot;\u00a0: qui est Pierre Bressolles, le nouveau secr\u00e9taire g\u00e9n\u00e9ral de la pr\u00e9fecture"},"content":{"rendered":"<p>\n                                                                    <span class=\"article-full__chapo-label hide-on-small-only\">l&#8217;essentiel<\/span><br \/>\n                                                                Nomm\u00e9\u00a0secr\u00e9taire g\u00e9n\u00e9ral de la pr\u00e9fecture de l\u2019Ari\u00e8ge et sous-pr\u00e9fet de l\u2019arrondissement de Foix, Pierre Bressolles, 42 ans, d\u00e9couvre un nouveau d\u00e9partement apr\u00e8s plusieurs exp\u00e9riences dans le Sud-Ouest.\n                            <\/p>\n<div rel=\"js-article-content\" data-state=\"fixed-height\" data-selection=\"disabled\">\n                                                                                                                            <!-- Pub DFP Position [outstream] --><\/p>\n<p>Pierre Bressolles prend ses marques. Le nouveau secr\u00e9taire g\u00e9n\u00e9ral de la pr\u00e9fecture de l\u2019Ari\u00e8ge et sous-pr\u00e9fet de l\u2019arrondissement de Foix s\u2019est empar\u00e9 de sa nouvelle fonction ce lundi 20\u00a0avril. Ce natif de L\u2019Union, pr\u00e8s de Toulouse, arrive en provenance du Tarn-et-Garonne, o\u00f9 il occupait la fonction de\u00a0sous-pr\u00e9fet de l\u2019arrondissement de Castelsarrasin pendant plus de deux ans et demi.<\/p>\n<p><!-- Pub DFP Position [article] --><\/p>\n<p>C\u2019est donc la casquette de secr\u00e9taire g\u00e9n\u00e9ral qu\u2019il d\u00e9couvre en Ari\u00e8ge, dans la continuit\u00e9 d\u2019un parcours 100\u00a0% sud-ouest apr\u00e8s des\u00a0exp\u00e9riences en Haute-Garonne, en Aveyron ou encore en Dordogne avant de d\u00e9barquer en Ari\u00e8ge. Un d\u00e9partement qu\u2019il ne connaissait pas particuli\u00e8rement. &#8220;Je l\u2019ai souvent travers\u00e9. Il m\u2019est arriv\u00e9 d\u2019y venir en classe verte quand j\u2019\u00e9tais tr\u00e8s jeune, s\u2019est amus\u00e9 Pierre Bressolles lors d\u2019une pr\u00e9sentation ouverte \u00e0 la presse ce jeudi 23\u00a0avril. Je commence \u00e0 apprendre les diff\u00e9rentes zones de ce d\u00e9partement tr\u00e8s vari\u00e9 en termes de paysage, d\u2019\u00e9conomie, de territoire.&#8221;<\/p>\n<h2 class=\"txt-int\">&#8220;Je vois une certaine fragilit\u00e9 sociale&#8221;<\/h2>\n<p>Le nouveau secr\u00e9taire g\u00e9n\u00e9ral de la pr\u00e9fecture de l\u2019Ari\u00e8ge\u00a0en a profit\u00e9 pour saluer le travail des fonctionnaires de la pr\u00e9fecture, notamment cette ann\u00e9e au sein d\u2019une actualit\u00e9 particuli\u00e8rement riche, loin d\u2019\u00eatre \u00e9vidente pour r\u00e9aliser ses premiers pas. &#8220;Je ne suis pas effray\u00e9 d\u2019arriver en Ari\u00e8ge.\u00a0Il n\u2019y a rien de facile dans nos missions. Je suis un sous-pr\u00e9fet de conviction. Ma conviction est la R\u00e9publique. Quand on a \u00e7a comme corset, rien n\u2019effraie&#8221;, soutient Pierre Bressolles, 42 ans.<\/p>\n<p class=\"std-elt__inline\">\n        <strong>\u00c0 lire aussi :<\/strong><br \/>\n        <a href=\"\/2026\/04\/11\/un-passage-riche-un-peu-mouvemente-le-sous-prefet-pierre-bressolles-quitte-le-tarn-et-garonne-pour-rejoindre-lariege-13320061.php\">&#8220;Un passage riche, un peu mouvement\u00e9&#8221;\u00a0: le sous-pr\u00e9fet Pierre Bressolles quitte le Tarn-et-Garonne pour rejoindre l\u2019Ari\u00e8ge<\/a>\n    <\/p>\n<p>Ce dernier ne sera pas d\u00e9pays\u00e9 concernant les sujets agricoles et de ruralit\u00e9, qu\u2019il a d\u00e9j\u00e0 pu traiter lors de ses pr\u00e9c\u00e9dentes missions.\u00a0&#8220;Je me rends compte que le d\u00e9partement de l\u2019Ari\u00e8ge a des atouts\u00a0: le patrimoine, l\u2019agriculture, des projets structurants, des probl\u00e9matiques comme autour de la RN20 sur lesquelles il faudra travailler. Je vois aussi une certaine fragilit\u00e9 sociale&#8221;, constate le repr\u00e9sentant de l\u2019\u00c9tat. Ces prochaines semaines, Pierre Bressolles a pr\u00e9vu de rencontrer les &#8220;pr\u00e9sidents des intercommunalit\u00e9s et les maires des communes&#8221;. Pour s\u2019acclimater encore un petit peu plus \u00e0 son nouvel environnement.<\/p>\n<\/p><\/div>\n<p><a href=\"https:\/\/www.ladepeche.fr\/2026\/04\/26\/je-ne-suis-pas-effraye-darriver-en-ariege-qui-est-pierre-bressolles-le-nouveau-secretaire-general-de-la-prefecture-13341651.php\">source<\/a><\/p>\n","protected":false},"excerpt":{"rendered":"<p>l&#8217;essentiel Nomm\u00e9\u00a0secr\u00e9taire g\u00e9n\u00e9ral de la pr\u00e9fecture de l\u2019Ari\u00e8ge et sous-pr\u00e9fet de l\u2019arrondissement de Foix, Pierre Bressolles, 42 ans, d\u00e9couvre un nouveau d\u00e9partement apr\u00e8s plusieurs exp\u00e9riences dans le Sud-Ouest. Pierre Bressolles prend ses marques. Le nouveau secr\u00e9taire g\u00e9n\u00e9ral de la pr\u00e9fecture de l\u2019Ari\u00e8ge et sous-pr\u00e9fet de l\u2019arrondissement de Foix s\u2019est empar\u00e9 de sa nouvelle fonction ce [&hellip;]<\/p>\n","protected":false},"author":1,"featured_media":129682,"comment_status":"open","ping_status":"open","sticky":false,"template":"","format":"standard","meta":{"_monsterinsights_skip_tracking":false,"_monsterinsights_sitenote_active":false,"_monsterinsights_sitenote_note":"","_monsterinsights_sitenote_category":0,"footnotes":""},"categories":[1],"tags":[],"coauthors":[77],"class_list":["post-129681","post","type-post","status-publish","format-standard","has-post-thumbnail","hentry","category-a-la-une"],"aioseo_notices":[],"_links":{"self":[{"href":"https:\/\/pressactu.com\/index.php?rest_route=\/wp\/v2\/posts\/129681","targetHints":{"allow":["GET"]}}],"collection":[{"href":"https:\/\/pressactu.com\/index.php?rest_route=\/wp\/v2\/posts"}],"about":[{"href":"https:\/\/pressactu.com\/index.php?rest_route=\/wp\/v2\/types\/post"}],"author":[{"embeddable":true,"href":"https:\/\/pressactu.com\/index.php?rest_route=\/wp\/v2\/users\/1"}],"replies":[{"embeddable":true,"href":"https:\/\/pressactu.com\/index.php?rest_route=%2Fwp%2Fv2%2Fcomments&post=129681"}],"version-history":[{"count":0,"href":"https:\/\/pressactu.com\/index.php?rest_route=\/wp\/v2\/posts\/129681\/revisions"}],"wp:featuredmedia":[{"embeddable":true,"href":"https:\/\/pressactu.com\/index.php?rest_route=\/wp\/v2\/media\/129682"}],"wp:attachment":[{"href":"https:\/\/pressactu.com\/index.php?rest_route=%2Fwp%2Fv2%2Fmedia&parent=129681"}],"wp:term":[{"taxonomy":"category","embeddable":true,"href":"https:\/\/pressactu.com\/index.php?rest_route=%2Fwp%2Fv2%2Fcategories&post=129681"},{"taxonomy":"post_tag","embeddable":true,"href":"https:\/\/pressactu.com\/index.php?rest_route=%2Fwp%2Fv2%2Ftags&post=129681"},{"taxonomy":"author","embeddable":true,"href":"https:\/\/pressactu.com\/index.php?rest_route=%2Fwp%2Fv2%2Fcoauthors&post=129681"}],"curies":[{"name":"wp","href":"https:\/\/api.w.org\/{rel}","templated":true}]}}