{"id":129679,"date":"2026-04-26T17:25:28","date_gmt":"2026-04-26T17:25:28","guid":{"rendered":"https:\/\/pressactu.com\/?p=129679"},"modified":"2026-04-26T17:25:28","modified_gmt":"2026-04-26T17:25:28","slug":"il-est-tombe-malade-marion-rousse-donne-des-nouvelles-de-julian-alaphilippe-absent-depuis-plusieurs-semaines-et-forfait-pour-liege-bastogne-liege","status":"publish","type":"post","link":"https:\/\/pressactu.com\/?p=129679","title":{"rendered":"&quot;Il est tomb\u00e9 malade\u2026&quot; Marion Rousse donne des nouvelles de Julian Alaphilippe, absent depuis plusieurs semaines et forfait pour Li\u00e8ge-Bastogne-Li\u00e8ge"},"content":{"rendered":"<p>\n                                                                    <span class=\"article-full__chapo-label hide-on-small-only\">l&#8217;essentiel<\/span><br \/>\n                                                                Apr\u00e8s avoir d\u00e9clar\u00e9 forfait sur l\u2019Amstel Gold Race et sur la Fl\u00e8che Wallonne, Julian Alaphilippe n\u2019a pas pris le d\u00e9part de Li\u00e8ge-Bastogne-Li\u00e8ge ce dimanche 26\u00a0avril. Sa compagne Marion Rousse, directrice du Tour de France f\u00e9minin, a \u00e9voqu\u00e9 l\u2019\u00e9tat de sant\u00e9 du coureur fran\u00e7ais.\n                            <\/p>\n<div rel=\"js-article-content\">\n                                                                                                                            <!-- Pub DFP Position [outstream] --><\/p>\n<p>L\u2019annonce est survenue samedi 25\u00a0avril, \u00e0 la veille du grand d\u00e9part de Li\u00e8ge-Bastogne-Li\u00e8ge. &#8220;Julian Alaphilippe ne pourra malheureusement pas participer ni \u00e0 Li\u00e8ge-Bastogne-Li\u00e8ge ni \u00e0 Eschborn-Francfort pour des raisons m\u00e9dicales&#8221; a indiqu\u00e9 la formation Tudor \u00e0 propos du coureur fran\u00e7ais de 33 ans.<\/p>\n<p><!-- Pub DFP Position [article] --><\/p>\n<p class=\"std-elt__inline\">\n        <strong>\u00c0 lire aussi :<\/strong><br \/>\n        <a href=\"\/2026\/04\/26\/liege-bastogne-liege-a-quelle-heure-et-sur-quelle-chaine-suivre-la-premiere-de-paul-seixas-sur-la-doyenne-des-classiques-13343420.php\">Li\u00e8ge-Bastogne-Li\u00e8ge\u00a0: \u00e0 quelle heure et sur quelle cha\u00eene suivre la premi\u00e8re de Paul Seixas sur la &#8220;Doyenne&#8221; des classiques\u00a0?<\/a>\n    <\/p>\n<p>&#8220;Il ne prendra donc pas le d\u00e9part de ces prochaines \u00e9preuves afin de privil\u00e9gier sa sant\u00e9 et de garantir un retour complet \u00e0 la comp\u00e9tition&#8221; a prolong\u00e9 l\u2019\u00e9quipe suisse.\u00a0Ces derni\u00e8res semaines, d\u00e9j\u00e0, le double champion du monde sur route (2020 et 2021) avait renonc\u00e9 \u00e0 prendre le d\u00e9part de l\u2019Amstel Gold Race et de la\u00a0<a href=\"https:\/\/rmcsport.bfmtv.com\/cyclisme\/video-seixas-en-mission-face-a-pogacar-et-evenepoel-preview-de-liege-bastogne-liege_VN-202604230645.html\" title=\"Seixas EN MISSION face \u00e0 Pogacar et Evenepoel ? Preview de Li\u00e8ge - Bastogne - Li\u00e8ge\">Fl\u00e8che Wallonne<\/a>.<\/p>\n<p class=\"std-elt__inline\">\n        <strong>\u00c0 lire aussi :<\/strong><br \/>\n        <a href=\"\/2025\/09\/28\/video-julian-alaphilippe-je-ne-vais-pas-faire-260-km-comme-ca-pourquoi-le-coureur-star-a-ete-contraint-dabandonner-aux-mondiaux-de-cyclisme-12958463.php\">VIDEO. Julian Alaphilippe\u00a0: &#8220;Je ne vais pas faire 260\u00a0km comme \u00e7a\u00a0!&#8221; Pourquoi le coureur star a \u00e9t\u00e9 contraint d\u2019abandonner aux Mondiaux de cyclisme<\/a>\n    <\/p>\n<h2 class=\"txt-int\">&#8220;Il vieillit, aussi\u2026&#8221;<\/h2>\n<p>Le Fran\u00e7ais, sextuple vainqueur d\u2019\u00e9tape sur le Tour de France, est tomb\u00e9 malade dans la nuit du 10 au 11\u00a0avril, juste avant le d\u00e9part de la\u00a0sixi\u00e8me \u00e9tape du Tour du Pays Basque, comme le rapportait\u00a0<a href=\"https:\/\/www.directvelo.com\/actualite\/128067\/julian-alaphilippe-malade-avant-les-ardennaises-tudor-joue-la-prudence\" target=\"_self\">DirectV\u00e9lo<\/a>. Sa compagne Marion Rousse, <a href=\"https:\/\/www.hln.be\/wielrennen\/ik-vond-dat-remco-evenepoel-enorm-intelligent-reed-in-de-amstel-tour-directrice-marion-rousse-over-de-koers-haar-fietsende-man-en-haar-functies~ad89487a\/\" target=\"_self\">interrog\u00e9e par le m\u00e9dia HLN<\/a>, a confirm\u00e9 que le coureur n\u2019\u00e9tait &#8220;pas encore remis \u00e0 100\u00a0%&#8221;.<\/p>\n<p class=\"std-elt__inline\">\n        <strong>\u00c0 lire aussi :<\/strong><br \/>\n        <a href=\"\/2025\/10\/08\/cyclisme-je-me-suis-senti-vieux-imaginez-alaphilippe-les-propos-grincants-du-quadruple-vainqueur-du-tour-de-france-sur-le-champion-francais-12979491.php\">Cyclisme\u00a0: &#8220;Je me suis senti vieux, imaginez Alaphilippe\u00a0!&#8221; Les propos grin\u00e7ants du quadruple vainqueur du Tour de France sur le champion fran\u00e7ais<\/a>\n    <\/p>\n<p>&#8220;Il a du mal, il n\u2019est pas en forme. Il a besoin d\u2019une pause pour retrouver de bonnes sensations et construire une base pour la suite de la saison&#8221; a confi\u00e9 la directrice du Tour de France f\u00e9minin. &#8220;Il n\u2019y a pas de miracle dans le cyclisme. Il vieillit aussi. Dans la g\u00e9n\u00e9ration actuelle, on le paie cash face aux Pogacar, Seixas, Evenepoel ou Van der Poel&#8221; a \u00e9galement indiqu\u00e9 la consultante de France T\u00e9l\u00e9visions.<\/p>\n<p class=\"std-elt__inline\">\n        <strong>\u00c0 lire aussi :<\/strong><br \/>\n        <a href=\"\/2026\/04\/26\/liege-bastogne-liege-si-paul-seixas-gagne-je-ne-comprends-plus-rien-au-velo-un-ex-vainqueur-de-la-doyenne-lance-le-choc-entre-le-francais-et-tadej-13343351.php\">Li\u00e8ge-Bastogne-Li\u00e8ge\u00a0: &#8220;Si Paul Seixas gagne, je ne comprends plus rien au v\u00e9lo\u00a0!&#8221; Un ex-vainqueur de &#8220;la &#8220;Doyenne&#8221; lance le choc entre le Fran\u00e7ais et Tadej Pogacar<\/a>\n    <\/p>\n<p>Avant d\u2019\u00e9voquer la suite pour celui qui avait remport\u00e9 la\u00a0Classic de l\u2019Ard\u00e8che en 2023\u00a0: &#8220;Il\u00a0est trop t\u00f4t pour enterrer Julian. Il aime toujours ce qu\u2019il fait. Et je pense qu\u2019il peut encore faire de belles choses\u00a0: pas sur toute une saison, mais par \u00e9clairs, des coups d\u2019\u00e9clat.&#8221; <a href=\"https:\/\/www.ladepeche.fr\/2026\/04\/26\/liege-bastogne-liege-si-paul-seixas-gagne-je-ne-comprends-plus-rien-au-velo-un-ex-vainqueur-de-la-doyenne-lance-le-choc-entre-le-francais-et-tadej-13343351.php\" target=\"_self\">Ce dimanche, c\u2019est un combat entre Paul Seixas, nouveau prodige du cyclisme fran\u00e7ais, et Tadej Pogacar, qui sera suivi avec attention par les amateurs de v\u00e9lo.<\/a><\/p>\n<\/p><\/div>\n<p><a href=\"https:\/\/www.ladepeche.fr\/2026\/04\/26\/il-est-tombe-malade-marion-rousse-donne-des-nouvelles-de-julian-alaphilippe-absent-depuis-plusieurs-semaines-et-forfait-pour-liege-bastogne-liege-13344411.php\">source<\/a><\/p>\n","protected":false},"excerpt":{"rendered":"<p>l&#8217;essentiel Apr\u00e8s avoir d\u00e9clar\u00e9 forfait sur l\u2019Amstel Gold Race et sur la Fl\u00e8che Wallonne, Julian Alaphilippe n\u2019a pas pris le d\u00e9part de Li\u00e8ge-Bastogne-Li\u00e8ge ce dimanche 26\u00a0avril. Sa compagne Marion Rousse, directrice du Tour de France f\u00e9minin, a \u00e9voqu\u00e9 l\u2019\u00e9tat de sant\u00e9 du coureur fran\u00e7ais. L\u2019annonce est survenue samedi 25\u00a0avril, \u00e0 la veille du grand d\u00e9part [&hellip;]<\/p>\n","protected":false},"author":1,"featured_media":129680,"comment_status":"open","ping_status":"open","sticky":false,"template":"","format":"standard","meta":{"_monsterinsights_skip_tracking":false,"_monsterinsights_sitenote_active":false,"_monsterinsights_sitenote_note":"","_monsterinsights_sitenote_category":0,"footnotes":""},"categories":[71],"tags":[],"coauthors":[77],"class_list":["post-129679","post","type-post","status-publish","format-standard","has-post-thumbnail","hentry","category-sport"],"aioseo_notices":[],"_links":{"self":[{"href":"https:\/\/pressactu.com\/index.php?rest_route=\/wp\/v2\/posts\/129679","targetHints":{"allow":["GET"]}}],"collection":[{"href":"https:\/\/pressactu.com\/index.php?rest_route=\/wp\/v2\/posts"}],"about":[{"href":"https:\/\/pressactu.com\/index.php?rest_route=\/wp\/v2\/types\/post"}],"author":[{"embeddable":true,"href":"https:\/\/pressactu.com\/index.php?rest_route=\/wp\/v2\/users\/1"}],"replies":[{"embeddable":true,"href":"https:\/\/pressactu.com\/index.php?rest_route=%2Fwp%2Fv2%2Fcomments&post=129679"}],"version-history":[{"count":0,"href":"https:\/\/pressactu.com\/index.php?rest_route=\/wp\/v2\/posts\/129679\/revisions"}],"wp:featuredmedia":[{"embeddable":true,"href":"https:\/\/pressactu.com\/index.php?rest_route=\/wp\/v2\/media\/129680"}],"wp:attachment":[{"href":"https:\/\/pressactu.com\/index.php?rest_route=%2Fwp%2Fv2%2Fmedia&parent=129679"}],"wp:term":[{"taxonomy":"category","embeddable":true,"href":"https:\/\/pressactu.com\/index.php?rest_route=%2Fwp%2Fv2%2Fcategories&post=129679"},{"taxonomy":"post_tag","embeddable":true,"href":"https:\/\/pressactu.com\/index.php?rest_route=%2Fwp%2Fv2%2Ftags&post=129679"},{"taxonomy":"author","embeddable":true,"href":"https:\/\/pressactu.com\/index.php?rest_route=%2Fwp%2Fv2%2Fcoauthors&post=129679"}],"curies":[{"name":"wp","href":"https:\/\/api.w.org\/{rel}","templated":true}]}}