{"id":129677,"date":"2026-04-26T16:19:48","date_gmt":"2026-04-26T16:19:48","guid":{"rendered":"https:\/\/pressactu.com\/?p=129677"},"modified":"2026-04-26T16:19:48","modified_gmt":"2026-04-26T16:19:48","slug":"bouchons-des-perturbations-a-prevoir-des-ce-lundi-autour-de-la-gare-matabiau-a-toulouse-en-raison-dimportants-travaux","status":"publish","type":"post","link":"https:\/\/pressactu.com\/?p=129677","title":{"rendered":"Bouchons\u00a0: des perturbations \u00e0 pr\u00e9voir d\u00e8s ce lundi, autour de la gare Matabiau, \u00e0 Toulouse, en raison d\u2019importants travaux"},"content":{"rendered":"<p>\n                                                                    <span class=\"article-full__chapo-label hide-on-small-only\">l&#8217;essentiel<\/span><br \/>\n                                                                Pour accompagner les travaux du futur r\u00e9seau de chaleur urbain, le secteur de la gare Matabiau s\u2019appr\u00eate \u00e0 conna\u00eetre d\u2019importantes modifications de circulation, d\u00e8s ce\u00a0lundi.\n                            <\/p>\n<div rel=\"js-article-content\">\n                                                                                                                            <!-- Pub DFP Position [outstream] --><\/p>\n<p>La construction du r\u00e9seau de chauffage urbain entre dans une phase active autour de la gare Matabiau, \u00e0 Toulouse. D\u00e8s ce lundi 27\u00a0avril, plusieurs chantiers de voirie vont modifier durablement la circulation dans les secteurs\u00a0du bd Bonrepos, des rues P\u00e9riole\/Monserby et du chemin Michoun.<\/p>\n<p><!-- Pub DFP Position [article] --><\/p>\n<p>Le changement le plus notable concerne la rue de Bayard\u00a0: pour fluidifier les reports de trafic, elle sera exceptionnellement accessible dans les deux sens de circulation, depuis le boulevard de Strasbourg comme depuis le boulevard Bonrepos.<\/p>\n<p><iframe width=\"600\" height=\"450\" style=\"border:0;\" allowfullscreen=\"\" loading=\"lazy\" referrerpolicy=\"no-referrer-when-downgrade\" data-src=\"https:\/\/www.google.com\/maps\/embed?pb=!1m18!1m12!1m3!1d2903.815392298905!2d1.4489886515688974!3d43.61133619682597!2m3!1f0!2f0!3f0!3m2!1i1024!2i768!4f13.1!3m3!1m2!1s0x12aebd002ad4599b%3A0x9270feb2ce25a145!2sGare%20Matabiau!5e1!3m2!1sfr!2sfr!4v1777217820320!5m2!1sfr!2sfr\"><\/iframe><\/p>\n<p><strong>Boulevard Bonrepos\u00a0: deux phases distinctes<\/strong><br \/>Sur cet axe strat\u00e9gique, les op\u00e9rations se diviseront en deux temps. Du 27\u00a0avril au 10\u00a0mai, la circulation sera maintenue sur une seule voie, entra\u00eenant des ralentissements et l\u2019interdiction de stationner. Le passage pi\u00e9ton vers l\u2019avenue Olivier-Guichard (ex-avenue de Lyon) sera ferm\u00e9.<br \/>\u00c0 partir du 11\u00a0mai et jusqu\u2019au 19\u00a0juin, le boulevard sera totalement interdit aux v\u00e9hicules motoris\u00e9s. Une d\u00e9viation sera mise en place via les all\u00e9es Jean-Jaur\u00e8s, tandis que le passage pi\u00e9ton rouvrira pour faciliter les acc\u00e8s \u00e0 pied.<\/p>\n<p><strong>Secteurs P\u00e9riole et Michoun<\/strong><br \/>Dans le quartier P\u00e9riole\/Monserby, la zone de travaux sera ferm\u00e9e aux v\u00e9hicules du 27\u00a0avril au 29\u00a0mai, avant un retour partiel \u00e0 la normale (une voie maintenue) jusqu\u2019au 19\u00a0juin.<\/p>\n<p><strong>Enfin, au chemin Michoun<\/strong>, l\u2019intersection avec la rue de Lavaur sera condamn\u00e9e d\u00e8s le 27\u00a0avril pour une dur\u00e9e pr\u00e9visionnelle de neuf semaines, soit jusqu\u2019\u00e0 la fin du mois de juin. Le stationnement y sera interdit.<br \/>Les acc\u00e8s pour les riverains seront pr\u00e9serv\u00e9s et l\u2019ensemble des commerces restera ouvert et accessible durant toute la dur\u00e9e de cette intervention indispensable au confort thermique futur de la Ville rose.<\/p>\n<\/p><\/div>\n<p><a href=\"https:\/\/www.ladepeche.fr\/2026\/04\/26\/bouchons-des-perturbations-a-prevoir-des-ce-lundi-autour-de-la-gare-matabiau-a-toulouse-en-raison-dimportants-travaux-13344612.php\">source<\/a><\/p>\n","protected":false},"excerpt":{"rendered":"<p>l&#8217;essentiel Pour accompagner les travaux du futur r\u00e9seau de chaleur urbain, le secteur de la gare Matabiau s\u2019appr\u00eate \u00e0 conna\u00eetre d\u2019importantes modifications de circulation, d\u00e8s ce\u00a0lundi. La construction du r\u00e9seau de chauffage urbain entre dans une phase active autour de la gare Matabiau, \u00e0 Toulouse. D\u00e8s ce lundi 27\u00a0avril, plusieurs chantiers de voirie vont modifier [&hellip;]<\/p>\n","protected":false},"author":1,"featured_media":129678,"comment_status":"open","ping_status":"open","sticky":false,"template":"","format":"standard","meta":{"_monsterinsights_skip_tracking":false,"_monsterinsights_sitenote_active":false,"_monsterinsights_sitenote_note":"","_monsterinsights_sitenote_category":0,"footnotes":""},"categories":[74],"tags":[],"coauthors":[77],"class_list":["post-129677","post","type-post","status-publish","format-standard","has-post-thumbnail","hentry","category-economie"],"aioseo_notices":[],"_links":{"self":[{"href":"https:\/\/pressactu.com\/index.php?rest_route=\/wp\/v2\/posts\/129677","targetHints":{"allow":["GET"]}}],"collection":[{"href":"https:\/\/pressactu.com\/index.php?rest_route=\/wp\/v2\/posts"}],"about":[{"href":"https:\/\/pressactu.com\/index.php?rest_route=\/wp\/v2\/types\/post"}],"author":[{"embeddable":true,"href":"https:\/\/pressactu.com\/index.php?rest_route=\/wp\/v2\/users\/1"}],"replies":[{"embeddable":true,"href":"https:\/\/pressactu.com\/index.php?rest_route=%2Fwp%2Fv2%2Fcomments&post=129677"}],"version-history":[{"count":0,"href":"https:\/\/pressactu.com\/index.php?rest_route=\/wp\/v2\/posts\/129677\/revisions"}],"wp:featuredmedia":[{"embeddable":true,"href":"https:\/\/pressactu.com\/index.php?rest_route=\/wp\/v2\/media\/129678"}],"wp:attachment":[{"href":"https:\/\/pressactu.com\/index.php?rest_route=%2Fwp%2Fv2%2Fmedia&parent=129677"}],"wp:term":[{"taxonomy":"category","embeddable":true,"href":"https:\/\/pressactu.com\/index.php?rest_route=%2Fwp%2Fv2%2Fcategories&post=129677"},{"taxonomy":"post_tag","embeddable":true,"href":"https:\/\/pressactu.com\/index.php?rest_route=%2Fwp%2Fv2%2Ftags&post=129677"},{"taxonomy":"author","embeddable":true,"href":"https:\/\/pressactu.com\/index.php?rest_route=%2Fwp%2Fv2%2Fcoauthors&post=129677"}],"curies":[{"name":"wp","href":"https:\/\/api.w.org\/{rel}","templated":true}]}}