{"id":129675,"date":"2026-04-26T15:45:29","date_gmt":"2026-04-26T15:45:29","guid":{"rendered":"https:\/\/pressactu.com\/?p=129675"},"modified":"2026-04-26T15:45:29","modified_gmt":"2026-04-26T15:45:29","slug":"donald-trump-evacue-tireur-arrete-policier-blesse-ce-que-lon-sait-des-tirs-au-diner-des-correspondants-de-la-maison-blanche","status":"publish","type":"post","link":"https:\/\/pressactu.com\/?p=129675","title":{"rendered":"Donald Trump \u00e9vacu\u00e9, tireur arr\u00eat\u00e9, policier bless\u00e9\u2026 ce que l\u2019on sait des tirs au d\u00eener des correspondants de la Maison-Blanche"},"content":{"rendered":"<p>\n                                                                    <span class=\"article-full__chapo-label hide-on-small-only\">l&#8217;essentiel<\/span><br \/>\n                                                                Une centaine de convives \u00e9taient r\u00e9unis samedi 25\u00a0avril dans la salle du d\u00eener des correspondants de la Maison-Blanche \u00e0 Washington, en pr\u00e9sence de Donald Trump, lorsqu\u2019un homme a p\u00e9n\u00e9tr\u00e9 dans les lieux et a tir\u00e9 plusieurs coups de feu.\u00a0Le locataire de la Maison-Blanche et sa femme ont \u00e9t\u00e9 \u00e9vacu\u00e9s et le suspect a \u00e9t\u00e9 arr\u00eat\u00e9.\n                            <\/p>\n<div rel=\"js-article-content\">\n                                                                                                                            <!-- Pub DFP Position [outstream] --><\/p>\n<p>Donald Trump a \u00e9t\u00e9 \u00e9vacu\u00e9 de la salle par le Secret Service lors du d\u00eener des correspondants de la Maison-Blanche, un repas annuel qui r\u00e9unit la presse am\u00e9ricaine et l\u2019administration au pouvoir \u00e0 Washington, apr\u00e8s l\u2019irruption d\u2019un homme arm\u00e9. C\u2019est la premi\u00e8re fois que le pr\u00e9sident am\u00e9ricain assistait \u00e0 ce d\u00eener. Le tireur pr\u00e9sum\u00e9 a \u00e9t\u00e9 arr\u00eat\u00e9. On fait le point.<\/p>\n<p><!-- Pub DFP Position [article] --><\/p>\n<h2 class=\"txt-chapitre\">Que s\u2019est-il pass\u00e9 \u00e0 l\u2019h\u00f4tel Hilton de Washington\u00a0?<\/h2>\n<p>Vers 21\u00a0heures, un homme a fait irruption dans le hall de l\u2019h\u00f4tel. Il a tent\u00e9 de forcer les contr\u00f4les de s\u00e9curit\u00e9 situ\u00e9s \u00e0 l\u2019entr\u00e9e de la salle de bal o\u00f9 avait lieu le d\u00eener des correspondants de la Maison-Blanche, en pr\u00e9sence de Donald Trump, mais aussi du vice-pr\u00e9sident J. D. Vance. Cinq coups de feu ont \u00e9t\u00e9 entendus.\u00a0Un agent du Secret Service a \u00e9t\u00e9 touch\u00e9, &#8220;mais son gilet pare-balles a parfaitement fait le boulot&#8221;, a d\u00e9clar\u00e9 Donald Trump, dans la soir\u00e9e, lors d\u2019une conf\u00e9rence de presse. Le tireur pr\u00e9sum\u00e9 a \u00e9t\u00e9 arr\u00eat\u00e9 quelques instants apr\u00e8s.<\/p>\n<h2 class=\"txt-chapitre\">Qui est le suspect\u00a0?<\/h2>\n<p>Il s\u2019agit d\u2019un homme de 31 ans, vivant en Californie, qui s\u00e9journait dans l\u2019h\u00f4tel o\u00f9 il avait r\u00e9serv\u00e9 une chambre, selon des informations parues dans la presse am\u00e9ricaine.\u00a0Selon plusieurs m\u00e9dias, l\u2019homme en question s\u2019appellerait Cole Tomas Allen. Il serait originaire de Torrance, en Californie, et serait dipl\u00f4m\u00e9 du California Institute of Technology (en 2017), une universit\u00e9 prestigieuse de la banlieue de Los Angeles.<\/p>\n<div class=\"extemb-container\">\n<blockquote data-class=\"twitter-tweet\">\n<p lang=\"en\" dir=\"ltr\">Photos posted just now by President Donald J. Trump on TruthSocial, showing Cole Thomas Allen, 31, the suspect in tonight\u2019s shooting at the White House Correspondents\u2019 Dinner, on the ground surrounded by law enforcement officers at the Washington Hilton. <a href=\"https:\/\/t.co\/ZJ0y2pATMd\">pic.twitter.com\/ZJ0y2pATMd<\/a><\/p>\n<p>\u2014 OSINTdefender (@sentdefender) <a href=\"https:\/\/twitter.com\/sentdefender\/status\/2048229182719631632?ref_src=twsrc%5Etfw\">April 26, 2026<\/a><\/p><\/blockquote><\/div>\n<p>Donald Trump a lui parl\u00e9 d\u2019un homme &#8220;d\u00e9rang\u00e9&#8221; et d\u2019un &#8220;assassin en puissance qui cherchait \u00e0 tuer&#8221; lors de ce d\u00eener. Le pr\u00e9sident am\u00e9ricain a \u00e9galement indiqu\u00e9 que le suspect avait &#8220;de nombreuses armes sur lui&#8221;. Selon la police, l\u2019homme \u00e9tait en possession d\u2019un fusil et d\u2019un pistolet.\u00a0Il compara\u00eetra lundi devant la justice et sera inculp\u00e9 de deux chefs d\u2019accusation\u00a0: le premier pour usage d\u2019une arme \u00e0 feu lors d\u2019un crime violent et le second pour l\u2019agression d\u2019un agent f\u00e9d\u00e9ral \u00e0 l\u2019aide d\u2019une arme dangereuse.<\/p>\n<h2 class=\"txt-chapitre\">Une faille dans la s\u00e9curit\u00e9 des lieux\u00a0?<\/h2>\n<p>Plusieurs\u00a0participants au d\u00eener ont d\u00e9clar\u00e9 que le niveau de s\u00e9curit\u00e9 \u00e9tait tr\u00e8s faible, ce qu\u2019a confirm\u00e9 Donald Trump lors de sa conf\u00e9rence de presse dans la soir\u00e9e. Le pr\u00e9sident Donald Trump a lui d\u00e9clar\u00e9 que &#8220;ce n\u2019est pas un b\u00e2timent particuli\u00e8rement s\u00fbr&#8221;. Le suspect avait r\u00e9serv\u00e9 une chambre dans cet h\u00f4tel o\u00f9 se d\u00e9roulait le d\u00eener, il avait r\u00e9ussi \u00e0 introduire des armes sans que ce soit rep\u00e9r\u00e9.<\/p>\n<p>Au moment des tirs, l&#8217;h\u00f4tel continuait\u00a0d\u2019accueillir des clients et louait\u00a0plusieurs espaces priv\u00e9s, ce qui explique que le suspect ait pu s\u2019approcher de la salle de bal. C\u2019est devant ce m\u00eame h\u00f4tel que le pr\u00e9sident Ronald Reagan avait \u00e9t\u00e9 bless\u00e9 par balle en 1981 lors d\u2019une tentative d\u2019assassinat.<\/p>\n<\/p><\/div>\n<p><script async src=\"\/\/platform.twitter.com\/widgets.js\" charset=\"utf-8\"><\/script><br \/><a href=\"https:\/\/www.ladepeche.fr\/2026\/04\/26\/donald-trump-evacue-tireur-lourdement-arme-arrete-policier-blesse-ce-que-lon-sait-des-tirs-au-diner-des-correspondants-de-la-maison-blanche-13344277.php\">source<\/a><\/p>\n","protected":false},"excerpt":{"rendered":"<p>l&#8217;essentiel Une centaine de convives \u00e9taient r\u00e9unis samedi 25\u00a0avril dans la salle du d\u00eener des correspondants de la Maison-Blanche \u00e0 Washington, en pr\u00e9sence de Donald Trump, lorsqu\u2019un homme a p\u00e9n\u00e9tr\u00e9 dans les lieux et a tir\u00e9 plusieurs coups de feu.\u00a0Le locataire de la Maison-Blanche et sa femme ont \u00e9t\u00e9 \u00e9vacu\u00e9s et le suspect a \u00e9t\u00e9 [&hellip;]<\/p>\n","protected":false},"author":1,"featured_media":129676,"comment_status":"open","ping_status":"open","sticky":false,"template":"","format":"standard","meta":{"_monsterinsights_skip_tracking":false,"_monsterinsights_sitenote_active":false,"_monsterinsights_sitenote_note":"","_monsterinsights_sitenote_category":0,"footnotes":""},"categories":[1],"tags":[],"coauthors":[77],"class_list":["post-129675","post","type-post","status-publish","format-standard","has-post-thumbnail","hentry","category-a-la-une"],"aioseo_notices":[],"_links":{"self":[{"href":"https:\/\/pressactu.com\/index.php?rest_route=\/wp\/v2\/posts\/129675","targetHints":{"allow":["GET"]}}],"collection":[{"href":"https:\/\/pressactu.com\/index.php?rest_route=\/wp\/v2\/posts"}],"about":[{"href":"https:\/\/pressactu.com\/index.php?rest_route=\/wp\/v2\/types\/post"}],"author":[{"embeddable":true,"href":"https:\/\/pressactu.com\/index.php?rest_route=\/wp\/v2\/users\/1"}],"replies":[{"embeddable":true,"href":"https:\/\/pressactu.com\/index.php?rest_route=%2Fwp%2Fv2%2Fcomments&post=129675"}],"version-history":[{"count":0,"href":"https:\/\/pressactu.com\/index.php?rest_route=\/wp\/v2\/posts\/129675\/revisions"}],"wp:featuredmedia":[{"embeddable":true,"href":"https:\/\/pressactu.com\/index.php?rest_route=\/wp\/v2\/media\/129676"}],"wp:attachment":[{"href":"https:\/\/pressactu.com\/index.php?rest_route=%2Fwp%2Fv2%2Fmedia&parent=129675"}],"wp:term":[{"taxonomy":"category","embeddable":true,"href":"https:\/\/pressactu.com\/index.php?rest_route=%2Fwp%2Fv2%2Fcategories&post=129675"},{"taxonomy":"post_tag","embeddable":true,"href":"https:\/\/pressactu.com\/index.php?rest_route=%2Fwp%2Fv2%2Ftags&post=129675"},{"taxonomy":"author","embeddable":true,"href":"https:\/\/pressactu.com\/index.php?rest_route=%2Fwp%2Fv2%2Fcoauthors&post=129675"}],"curies":[{"name":"wp","href":"https:\/\/api.w.org\/{rel}","templated":true}]}}