{"id":129673,"date":"2026-04-26T15:45:27","date_gmt":"2026-04-26T15:45:27","guid":{"rendered":"https:\/\/pressactu.com\/?p=129673"},"modified":"2026-04-26T15:45:27","modified_gmt":"2026-04-26T15:45:27","slug":"des-restes-humains-retrouves-au-sommet-de-leverest-apres-la-fonte-dun-glacier-il-pourrait-sagir-dun-guide-de-haute-montagne-disparu-en-2014","status":"publish","type":"post","link":"https:\/\/pressactu.com\/?p=129673","title":{"rendered":"Des &quot;restes humains&quot; retrouv\u00e9s au sommet de l\u2019Everest apr\u00e8s la fonte d\u2019un glacier\u00a0: il pourrait s\u2019agir d\u2019un guide de haute montagne disparu en 2014"},"content":{"rendered":"<p>\n                                                                    <span class=\"article-full__chapo-label hide-on-small-only\">l&#8217;essentiel<\/span><br \/>\n                                                                Jeudi 23\u00a0avril 2026, un guide de haute montagne a retrouv\u00e9 &#8220;des restes humains&#8221; sur l\u2019Everest, non loin de la cascade de glace de l\u2019Everest, endroit situ\u00e9 \u00e0 environ 5\u00a0300 m\u00e8tres d\u2019altitude.\n                            <\/p>\n<div rel=\"js-article-content\">\n                                                                                                                            <!-- Pub DFP Position [outstream] --><\/p>\n<p>Une d\u00e9couverte macabre. Alors que le r\u00e9chauffement climatique transforme l\u2019Everest, des restes humains ont \u00e9t\u00e9 d\u00e9couverts \u00e0 environ 5\u00a0300 m\u00e8tres d\u2019altitude, \u00e0 proximit\u00e9 de la cascade de glace du Khumbu, au\u00a0sommet du monde. Abiral Rai, guide de haute montagne, a constat\u00e9 la pr\u00e9sence d\u2019un torse, de dents et de fragments d\u2019os \u00e9parpill\u00e9s \u00e0 la surface. Selon <a href=\"https:\/\/everestchronicle.com\/human-remains-found-near-everest-icefall-as-melting-glaciers-expose-bodies\" target=\"_self\">Everest Chronicle<\/a>, l\u2019identit\u00e9 de la victime demeure inconnue, bien que les observateurs \u00e9voquent l\u2019un des trois guides disparus lors d\u2019une avalanche meurtri\u00e8re en 2014.<\/p>\n<p><!-- Pub DFP Position [article] --><\/p>\n<p class=\"std-elt__inline\">\n        <strong>\u00c0 lire aussi :<\/strong><br \/>\n        <a href=\"\/2026\/03\/30\/il-est-toujours-porte-disparu-pourquoi-une-alpiniste-se-lance-sans-oxygene-dans-un-defi-fou-au-coeur-de-lhimalaya-13300121.php\">&#8220;Il est toujours port\u00e9 disparu\u2026&#8221; Pourquoi une alpiniste se lance, sans oxyg\u00e8ne, dans un d\u00e9fi fou au c\u0153ur de l\u2019Himalaya<\/a>\n    <\/p>\n<p>&#8220;Quand je suis arriv\u00e9 sur place, j\u2019ai d\u00e9couvert qu\u2019on venait de trouver des restes humains.\u00a0Il y a des dents et des fragments d\u2019os \u00e9parpill\u00e9s partout.\u00a0Ce sont des restes humains\u00a0; seul le torse est visible \u00e0 la surface&#8221;, a d\u00e9clar\u00e9 Abiral Rai.\u00a0Selon les alpinistes et les donn\u00e9es de la Himalayan Database, la hausse des temp\u00e9ratures acc\u00e9l\u00e8re la fonte des glaces, exposant des d\u00e9pouilles longtemps ensevelies.<\/p>\n<p class=\"std-elt__inline\">\n        <strong>\u00c0 lire aussi :<\/strong><br \/>\n        <a href=\"\/2025\/12\/17\/jai-fait-une-crise-cardiaque-a-5-000-metres-un-celebre-alpiniste-frole-la-mort-lors-dune-ascension-dans-la-region-de-leverest-13116577.php\">&#8220;J\u2019ai fait une crise cardiaque \u00e0 5\u00a0000 m\u00e8tres&#8221;\u00a0: un c\u00e9l\u00e8bre alpiniste fr\u00f4le la mort lors d\u2019une ascension dans la r\u00e9gion de l\u2019Everest<\/a>\n    <\/p>\n<p>En 2017, une main et un corps avaient d\u00e9j\u00e0 \u00e9merg\u00e9 dans des secteurs similaires. <a href=\"https:\/\/www.ladepeche.fr\/2026\/04\/22\/il-enleve-son-gant-au-sommet-de-leverest-par-35-degc-pour-ajuster-sa-camera-un-celebre-alpiniste-perd-son-doigt-et-doit-se-faire-amputer-13338924.php\" target=\"_self\">Plus r\u00e9cemment, un c\u00e9l\u00e8bre alpiniste a perdu son doigt apr\u00e8s avoir enlev\u00e9 son gant au sommet de l\u2019Everest par \u2013 35\u00a0\u00b0C pour ajuster sa cam\u00e9ra.<\/a>\u00a0Un rapport du Centre international pour le d\u00e9veloppement int\u00e9gr\u00e9 des r\u00e9gions de montagne (ICIMOD) souligne que les glaciers de l\u2019Himalaya pourraient perdre 80\u00a0% de leur volume d\u2019ici la fin du si\u00e8cle. Sur les quelque 300 d\u00e9c\u00e8s recens\u00e9s sur l\u2019Everest, au moins deux tiers des corps resteraient prisonniers des neiges.<\/p>\n<\/p><\/div>\n<p><a href=\"https:\/\/www.ladepeche.fr\/2026\/04\/25\/des-restes-humains-retrouves-au-sommet-de-leverest-apres-la-fonte-dun-glacier-il-pourrait-sagir-dun-guide-de-haute-montagne-disparu-en-2014-13343382.php\">source<\/a><\/p>\n","protected":false},"excerpt":{"rendered":"<p>l&#8217;essentiel Jeudi 23\u00a0avril 2026, un guide de haute montagne a retrouv\u00e9 &#8220;des restes humains&#8221; sur l\u2019Everest, non loin de la cascade de glace de l\u2019Everest, endroit situ\u00e9 \u00e0 environ 5\u00a0300 m\u00e8tres d\u2019altitude. Une d\u00e9couverte macabre. Alors que le r\u00e9chauffement climatique transforme l\u2019Everest, des restes humains ont \u00e9t\u00e9 d\u00e9couverts \u00e0 environ 5\u00a0300 m\u00e8tres d\u2019altitude, \u00e0 proximit\u00e9 [&hellip;]<\/p>\n","protected":false},"author":1,"featured_media":129674,"comment_status":"open","ping_status":"open","sticky":false,"template":"","format":"standard","meta":{"_monsterinsights_skip_tracking":false,"_monsterinsights_sitenote_active":false,"_monsterinsights_sitenote_note":"","_monsterinsights_sitenote_category":0,"footnotes":""},"categories":[71],"tags":[],"coauthors":[77],"class_list":["post-129673","post","type-post","status-publish","format-standard","has-post-thumbnail","hentry","category-sport"],"aioseo_notices":[],"_links":{"self":[{"href":"https:\/\/pressactu.com\/index.php?rest_route=\/wp\/v2\/posts\/129673","targetHints":{"allow":["GET"]}}],"collection":[{"href":"https:\/\/pressactu.com\/index.php?rest_route=\/wp\/v2\/posts"}],"about":[{"href":"https:\/\/pressactu.com\/index.php?rest_route=\/wp\/v2\/types\/post"}],"author":[{"embeddable":true,"href":"https:\/\/pressactu.com\/index.php?rest_route=\/wp\/v2\/users\/1"}],"replies":[{"embeddable":true,"href":"https:\/\/pressactu.com\/index.php?rest_route=%2Fwp%2Fv2%2Fcomments&post=129673"}],"version-history":[{"count":0,"href":"https:\/\/pressactu.com\/index.php?rest_route=\/wp\/v2\/posts\/129673\/revisions"}],"wp:featuredmedia":[{"embeddable":true,"href":"https:\/\/pressactu.com\/index.php?rest_route=\/wp\/v2\/media\/129674"}],"wp:attachment":[{"href":"https:\/\/pressactu.com\/index.php?rest_route=%2Fwp%2Fv2%2Fmedia&parent=129673"}],"wp:term":[{"taxonomy":"category","embeddable":true,"href":"https:\/\/pressactu.com\/index.php?rest_route=%2Fwp%2Fv2%2Fcategories&post=129673"},{"taxonomy":"post_tag","embeddable":true,"href":"https:\/\/pressactu.com\/index.php?rest_route=%2Fwp%2Fv2%2Ftags&post=129673"},{"taxonomy":"author","embeddable":true,"href":"https:\/\/pressactu.com\/index.php?rest_route=%2Fwp%2Fv2%2Fcoauthors&post=129673"}],"curies":[{"name":"wp","href":"https:\/\/api.w.org\/{rel}","templated":true}]}}