{"id":129671,"date":"2026-04-26T14:38:35","date_gmt":"2026-04-26T14:38:35","guid":{"rendered":"https:\/\/pressactu.com\/?p=129671"},"modified":"2026-04-26T14:38:35","modified_gmt":"2026-04-26T14:38:35","slug":"je-voulais-parler-de-leur-role-cache-elle-raconte-le-quotidien-des-femmes-dagriculteurs-et-seduit-des-milliers-dabonnes-sur-tiktok","status":"publish","type":"post","link":"https:\/\/pressactu.com\/?p=129671","title":{"rendered":"&quot;Je voulais parler de leur r\u00f4le cach\u00e9&quot;\u00a0: elle raconte le quotidien des femmes d\u2019agriculteurs et s\u00e9duit des milliers d\u2019abonn\u00e9s sur TikTok"},"content":{"rendered":"<p>\n                                                                    <span class=\"article-full__chapo-label hide-on-small-only\">l&#8217;essentiel<\/span><br \/>\n                                                                L\u2019influence agricole gagne sur le r\u00e9seau social TikTok. En trois mois, les vid\u00e9os humoristiques de Zo\u00e9 sur la vie avec un agriculteur ont s\u00e9duit plus de 15\u00a0000 abonn\u00e9s. Rencontr\u00e9e ce jeudi 23\u00a0avril, la jeune m\u00e8re de famille assure porter, derri\u00e8re les rires, un plaidoyer sinc\u00e8re pour la reconnaissance du monde agricole.\n                            <\/p>\n<div rel=\"js-article-content\" data-state=\"fixed-height\" data-selection=\"disabled\">\n                                                                                                                            <!-- Pub DFP Position [outstream] --><\/p>\n<p>&#8220;Trois raisons de se mettre en couple avec un agriculteur.&#8221; &#8220;Les choses que tu dis quand tu as des vaches que tu ne pourrais jamais dire ailleurs.&#8221; &#8220;Tu sais que \u00e7a fait longtemps que tu es avec un agri quand tu compares tout en prix de veau.&#8221;\u00a0Depuis trois mois, Zo\u00e9 s\u2019est lanc\u00e9e dans la cr\u00e9ation de contenus <a href=\"https:\/\/www.ladepeche.fr\/2024\/09\/16\/numerique-inforoute32-tiktok-le-departement-du-gers-nomine-aux-hashtags-2024-12201059.php\" target=\"_blank\">sur la plateforme TikTok.<\/a> En quelques semaines, plus de quinze mille personnes se sont abonn\u00e9es \u00e0 son compte et des centaines de milliers d\u2019utilisateurs visionnent d\u00e9sormais ses vid\u00e9os.<\/p>\n<p><!-- Pub DFP Position [article] --><\/p>\n<p>Dans chacune d\u2019elles, la jeune femme s\u2019inspire avec humour du quotidien de son compagnon, agriculteur \u00e0 Simorre, une commune du sud-est Gers qui compte 688 habitants. Celui-ci g\u00e8re une exploitation de 250 bovins, des blondes d\u2019Aquitaine, ainsi qu\u2019environ 240 hectares de cultures c\u00e9r\u00e9ali\u00e8res. Mais malgr\u00e9 cet aspect l\u00e9ger quasi\u00a0omnipr\u00e9sent dans ses vid\u00e9os, Zo\u00e9 porte un projet plus profond.<\/p>\n<p>&#8220;Je suis femme d\u2019agriculteur et je voyais tr\u00e8s peu de contenus sur ces femmes qui ont un r\u00f4le un peu cach\u00e9. Je voulais aussi parler du couple\u00a0: qu\u2019est-ce que c\u2019est d\u2019\u00eatre avec un agriculteur\u00a0? Les points positifs, les contraintes\u2026 Mais toujours avec humour, parce que c\u2019est comme \u00e7a que je suis dans la vie.&#8221;<\/p>\n<h2 class=\"txt-int\">Mettre en lumi\u00e8re les femmes de l\u2019ombre<\/h2>\n<p>Tr\u00e8s vite, ses vid\u00e9os trouvent un \u00e9cho particulier aupr\u00e8s des compagnes d\u2019agriculteurs, parfois isol\u00e9es. &#8220;Je re\u00e7ois \u00e9norm\u00e9ment de messages de femmes qui <a href=\"https:\/\/www.ladepeche.fr\/2024\/05\/24\/jaime-mon-territoire-et-la-culture-du-sud-ouest-qui-sont-ces-influenceurs-qui-mettent-en-avant-le-gers-sur-les-reseaux-sociaux-11968714.php\" target=\"_blank\">se reconnaissent dans mes vid\u00e9os.<\/a> Elles me disent que \u00e7a leur fait du bien.&#8221; La jeune m\u00e8re de famille trouve alors dans ce concept un moyen de tendre la main \u00e0 ces femmes.<\/p>\n<div class=\"center-align\" rel=\"js-article-inline-img\" data-protec-aida=\"image\">\n<figure class=\"std-img\" data-src=\"https:\/\/images.ladepeche.fr\/api\/v1\/images\/view\/69ecb7ba26226e2b140b2a21\/original\/image.jpg?v=1\">\n        <img decoding=\"async\" class=\"std-img__img responsive-img\" src=\"http:\/\/pressactu.com\/wp-content\/uploads\/2026\/04\/1777214315_554_image.jpg?v=1\" alt=\"Zo\u00e9 Hoche filme le quotidien de son compagnon, qui est agriculteur en polyculture \u00e9levage.\"\/><figcaption class=\"article-full__media-infos\">\n                <span class=\"article-full__media-legend\">Zo\u00e9 Hoche filme le quotidien de son compagnon, qui est agriculteur en polyculture \u00e9levage.<\/span><br \/>\n                                    <span class=\"article-full__media-author\">DDM &#8211; S\u00e9bastien Lapeyr\u00e8re<\/span><br \/>\n                            <\/figcaption><\/figure>\n<\/div>\n<p>Et si elle ne nie pas les difficult\u00e9s du m\u00e9tier, Zo\u00e9 souhaite surtout r\u00e9\u00e9quilibrer le discours. Un autre objectif qu\u2019elle porte \u00e0 travers son contenu. &#8220;On parle beaucoup des probl\u00e8mes de l\u2019agriculture, mais tr\u00e8s peu de ses aspects positifs. Pourtant, c\u2019est un m\u00e9tier essentiel. Sans agriculture, on ne vit pas. Il m\u00e9rite beaucoup plus de reconnaissance.&#8221;<\/p>\n<p class=\"std-elt__inline\">\n        <strong>\u00c0 lire aussi :<\/strong><br \/>\n        <a href=\"\/2024\/05\/24\/jaime-mon-territoire-et-la-culture-du-sud-ouest-qui-sont-ces-influenceurs-qui-mettent-en-avant-le-gers-sur-les-reseaux-sociaux-11968714.php\">&#8220;J\u2019aime mon territoire et la culture du Sud-ouest&#8221;: qui sont ces influenceurs qui mettent en avant le Gers sur les r\u00e9seaux sociaux\u00a0?<\/a>\n    <\/p>\n<p>Elle insiste sur une r\u00e9alit\u00e9 souvent oubli\u00e9e\u00a0: comme tous les m\u00e9tiers, celui d\u2019agriculteur comporte des contraintes. &#8220;L\u2019\u00e9t\u00e9, par exemple, je me retrouve souvent seule avec les enfants. Et le fait de savoir qu\u2019on ne pourra pas d\u00e9m\u00e9nager, c\u2019est un vrai \u00e9l\u00e9ment \u00e0 prendre en compte. Mais il y a aussi \u00e9norm\u00e9ment de points positifs.&#8221;<\/p>\n<p>\u00c0 travers ses contenus, Zo\u00e9 cherche aussi \u00e0 d\u00e9construire les id\u00e9es re\u00e7ues. &#8220;Je veux montrer une autre image des agriculteurs. Ce sont des gens intelligents, entreprenants, passionn\u00e9s. Ce ne sont pas les clich\u00e9s qu\u2019on voit parfois \u00e0 la t\u00e9l\u00e9vision.\u00a0Ce ne sont pas juste des personnes dans leurs champs. Ce sont aussi des chefs d\u2019entreprise. Je veux apporter une vision plus moderne et casser les st\u00e9r\u00e9otypes.&#8221;<\/p>\n<h2 class=\"txt-int\">Un plaidoyer discret mais engag\u00e9<\/h2>\n<p>Originaire de Champagne, Zo\u00e9 s\u2019installe dans le Gers \u00e0 l\u2019\u00e2ge de 9 ans. Apr\u00e8s des \u00e9tudes de graphisme et un master en direction artistique \u00e0 Bordeaux, elle rencontre son compagnon \u00e0 17 ans.\u00a0Apr\u00e8s un passage en freelance, puis une exp\u00e9rience salari\u00e9e \u00e0 Toulouse, elle exerce aujourd\u2019hui son m\u00e9tier de graphiste majoritairement en t\u00e9l\u00e9travail.<\/p>\n<p>Et avec le temps, son regard sur le m\u00e9tier d\u2019agriculteur \u00e9volue profond\u00e9ment. &#8220;Plus je m\u2019y int\u00e9resse, plus je trouve ce m\u00e9tier essentiel. Le mien ne l\u2019est pas autant. Leur m\u00e9tier est vital.&#8221;<\/p>\n<p>Sans se revendiquer militante, Zo\u00e9 souhaite contribuer \u00e0 sa mani\u00e8re. &#8220;Je pense que les agriculteurs ont besoin de voir du positif. C\u2019est un m\u00e9tier magnifique, mais difficile et pas assez r\u00e9mun\u00e9r\u00e9. J\u2019aimerais qu\u2019ils soient mieux reconnus pour tout ce qu\u2019ils font.&#8221;<\/p>\n<\/p><\/div>\n<p><a href=\"https:\/\/www.ladepeche.fr\/2026\/04\/25\/je-voulais-parler-de-leur-role-cache-elle-raconte-le-quotidien-des-femmes-dagriculteurs-et-seduit-des-milliers-dabonnes-sur-tiktok-13341494.php\">source<\/a><\/p>\n","protected":false},"excerpt":{"rendered":"<p>l&#8217;essentiel L\u2019influence agricole gagne sur le r\u00e9seau social TikTok. En trois mois, les vid\u00e9os humoristiques de Zo\u00e9 sur la vie avec un agriculteur ont s\u00e9duit plus de 15\u00a0000 abonn\u00e9s. Rencontr\u00e9e ce jeudi 23\u00a0avril, la jeune m\u00e8re de famille assure porter, derri\u00e8re les rires, un plaidoyer sinc\u00e8re pour la reconnaissance du monde agricole. &#8220;Trois raisons de [&hellip;]<\/p>\n","protected":false},"author":1,"featured_media":129672,"comment_status":"open","ping_status":"open","sticky":false,"template":"","format":"standard","meta":{"_monsterinsights_skip_tracking":false,"_monsterinsights_sitenote_active":false,"_monsterinsights_sitenote_note":"","_monsterinsights_sitenote_category":0,"footnotes":""},"categories":[74],"tags":[],"coauthors":[77],"class_list":["post-129671","post","type-post","status-publish","format-standard","has-post-thumbnail","hentry","category-economie"],"aioseo_notices":[],"_links":{"self":[{"href":"https:\/\/pressactu.com\/index.php?rest_route=\/wp\/v2\/posts\/129671","targetHints":{"allow":["GET"]}}],"collection":[{"href":"https:\/\/pressactu.com\/index.php?rest_route=\/wp\/v2\/posts"}],"about":[{"href":"https:\/\/pressactu.com\/index.php?rest_route=\/wp\/v2\/types\/post"}],"author":[{"embeddable":true,"href":"https:\/\/pressactu.com\/index.php?rest_route=\/wp\/v2\/users\/1"}],"replies":[{"embeddable":true,"href":"https:\/\/pressactu.com\/index.php?rest_route=%2Fwp%2Fv2%2Fcomments&post=129671"}],"version-history":[{"count":0,"href":"https:\/\/pressactu.com\/index.php?rest_route=\/wp\/v2\/posts\/129671\/revisions"}],"wp:featuredmedia":[{"embeddable":true,"href":"https:\/\/pressactu.com\/index.php?rest_route=\/wp\/v2\/media\/129672"}],"wp:attachment":[{"href":"https:\/\/pressactu.com\/index.php?rest_route=%2Fwp%2Fv2%2Fmedia&parent=129671"}],"wp:term":[{"taxonomy":"category","embeddable":true,"href":"https:\/\/pressactu.com\/index.php?rest_route=%2Fwp%2Fv2%2Fcategories&post=129671"},{"taxonomy":"post_tag","embeddable":true,"href":"https:\/\/pressactu.com\/index.php?rest_route=%2Fwp%2Fv2%2Ftags&post=129671"},{"taxonomy":"author","embeddable":true,"href":"https:\/\/pressactu.com\/index.php?rest_route=%2Fwp%2Fv2%2Fcoauthors&post=129671"}],"curies":[{"name":"wp","href":"https:\/\/api.w.org\/{rel}","templated":true}]}}