{"id":129655,"date":"2026-04-26T11:15:43","date_gmt":"2026-04-26T11:15:43","guid":{"rendered":"https:\/\/pressactu.com\/?p=129655"},"modified":"2026-04-26T11:15:43","modified_gmt":"2026-04-26T11:15:43","slug":"les-reseaux-sociaux-ne-sont-pas-des-zones-de-non-droit-insultes-et-menaces-de-mort-envers-des-veterinaires-et-le-prefet-des-enquetes-ouvertes-par-le-procureur-de-lariege","status":"publish","type":"post","link":"https:\/\/pressactu.com\/?p=129655","title":{"rendered":"&quot;Les r\u00e9seaux sociaux ne sont pas des zones de non-droit&quot;\u00a0: insultes et menaces de mort envers des v\u00e9t\u00e9rinaires et le pr\u00e9fet, des enqu\u00eates ouvertes par le procureur de l\u2019Ari\u00e8ge"},"content":{"rendered":"<p>\n                                                                    <span class=\"article-full__chapo-label hide-on-small-only\">l&#8217;essentiel<\/span><br \/>\n                                                                Le procureur de la r\u00e9publique de l\u2019Ari\u00e8ge annonce que des enqu\u00eates p\u00e9nales ont \u00e9t\u00e9 ouvertes suite \u00e0 des menaces et insultes prof\u00e9r\u00e9es sur les r\u00e9seaux sociaux \u00e0 l\u2019encontre des forces de l\u2019ordre et des v\u00e9t\u00e9rinaires employ\u00e9s dans la vaccination forc\u00e9e des cheptels en Ari\u00e8ge.\n                            <\/p>\n<div rel=\"js-article-content\" data-state=\"fixed-height\" data-selection=\"disabled\">\n                                                                                                                            <!-- Pub DFP Position [outstream] --><\/p>\n<p>&#8220;Contrairement \u00e0 ce que d\u2019aucuns pensent, les r\u00e9seaux sociaux ne sont pas des zones de non-droit&#8221;, rappelle Olivier Mouysset, procureur de la r\u00e9publique de l\u2019Ari\u00e8ge, dans un communiqu\u00e9 publi\u00e9 samedi 25\u00a0avril. Depuis la vaccination forc\u00e9e d\u2019un cheptel op\u00e9r\u00e9e par les services de l\u2019\u00c9tat sur l\u2019exploitation de Christelle Record, des &#8220;menaces de mort&#8221;, &#8220;insultes, propos mena\u00e7ants et intimidations&#8221;\u00a0se multiplient d\u00e9sormais, notamment sur les r\u00e9seaux sociaux. Cette situation doit d\u00e8s lors imm\u00e9diatement cesser&#8221;, appelle le parquet.<\/p>\n<p><!-- Pub DFP Position [article] --><\/p>\n<p>D\u00e9j\u00e0, des enqu\u00eates p\u00e9nales ont d\u00fb \u00eatre ouvertes. Les motifs sont nombreux\u00a0: &#8220;menaces de mort r\u00e9it\u00e9r\u00e9es&#8221;, &#8220;menaces de crimes ou de d\u00e9lit contre une personne d\u00e9positaire de l\u2019autorit\u00e9 publique s\u2019agissant de menaces visant le Pr\u00e9fet de l\u2019Ari\u00e8ge&#8221;, &#8220;divulgation d\u2019informations personnelles pour exposer une personne ou son entourage \u00e0 un risque d\u2019atteinte aux personnes ou aux biens avec cette circonstance que les faits ont \u00e9t\u00e9 commis au pr\u00e9judice, soit d\u2019une personne d\u00e9positaire de l\u2019autorit\u00e9 publique (le Pr\u00e9fet de l\u2019Ari\u00e8ge), soit d\u2019une personne charg\u00e9e d\u2019une mission de service public (des v\u00e9t\u00e9rinaires)&#8221;\u2026<\/p>\n<h2 class=\"txt-int\">Une personne d\u00e9j\u00e0 condamn\u00e9e<\/h2>\n<p>Il y a aussi eu des cas &#8220;d\u2019obstacle ou d\u2019entrave aux fonctions des agents charg\u00e9s de la s\u00e9curit\u00e9 sanitaire et de la sant\u00e9 publique v\u00e9t\u00e9rinaire et de participation \u00e0 un groupement form\u00e9 en vue de la pr\u00e9paration de violences contre les personnes ou de destructions ou d\u00e9gradations de biens&#8221;.<\/p>\n<p>&#8220;Dans le cadre de cette affaire, une personne a d\u00e9j\u00e0 \u00e9t\u00e9 interpell\u00e9e, plac\u00e9e en garde \u00e0 vue et d\u00e9f\u00e9r\u00e9e au palais de justice en fin de semaine. Elle a \u00e9t\u00e9 condamn\u00e9e \u00e0 une peine d\u2019emprisonnement avec sursis, au paiement d\u2019une amende, \u00e0 une interdiction de porter ou de d\u00e9tenir une arme et \u00e0 l\u2019interdiction de para\u00eetre sur le lieu de commission des faits pendant 1 an, avec ex\u00e9cution provisoire&#8221;, indique Olivier Mouysset.<\/p>\n<p>&#8220;Depuis maintenant plusieurs mois, le d\u00e9partement de l\u2019Ari\u00e8ge est marqu\u00e9 par d\u2019importantes tensions cons\u00e9cutives au d\u00e9veloppement de la dermatose nodulaire contagieuse, maladie infectieuse virale qui affecte les bovins. En effet, de nombreux d\u00e9bordements ont \u00e9t\u00e9 recens\u00e9s depuis le d\u00e9but de la campagne de vaccination obligatoire dans notre ressort et les forces de l\u2019ordre d\u00e9partementales ont \u00e9t\u00e9 requises pour s\u00e9curiser les op\u00e9rations de vaccination&#8221;, contextualise le communiqu\u00e9 du procureur.<\/p>\n<\/p><\/div>\n<p><a href=\"https:\/\/www.ladepeche.fr\/2026\/04\/25\/les-reseaux-sociaux-ne-sont-pas-des-zones-de-non-droit-insultes-et-menaces-de-mort-envers-des-veterinaires-et-le-prefet-des-enquetes-ouvertes-par-le-13343499.php\">source<\/a><\/p>\n","protected":false},"excerpt":{"rendered":"<p>l&#8217;essentiel Le procureur de la r\u00e9publique de l\u2019Ari\u00e8ge annonce que des enqu\u00eates p\u00e9nales ont \u00e9t\u00e9 ouvertes suite \u00e0 des menaces et insultes prof\u00e9r\u00e9es sur les r\u00e9seaux sociaux \u00e0 l\u2019encontre des forces de l\u2019ordre et des v\u00e9t\u00e9rinaires employ\u00e9s dans la vaccination forc\u00e9e des cheptels en Ari\u00e8ge. &#8220;Contrairement \u00e0 ce que d\u2019aucuns pensent, les r\u00e9seaux sociaux ne [&hellip;]<\/p>\n","protected":false},"author":1,"featured_media":129656,"comment_status":"open","ping_status":"open","sticky":false,"template":"","format":"standard","meta":{"_monsterinsights_skip_tracking":false,"_monsterinsights_sitenote_active":false,"_monsterinsights_sitenote_note":"","_monsterinsights_sitenote_category":0,"footnotes":""},"categories":[74],"tags":[],"coauthors":[77],"class_list":["post-129655","post","type-post","status-publish","format-standard","has-post-thumbnail","hentry","category-economie"],"aioseo_notices":[],"_links":{"self":[{"href":"https:\/\/pressactu.com\/index.php?rest_route=\/wp\/v2\/posts\/129655","targetHints":{"allow":["GET"]}}],"collection":[{"href":"https:\/\/pressactu.com\/index.php?rest_route=\/wp\/v2\/posts"}],"about":[{"href":"https:\/\/pressactu.com\/index.php?rest_route=\/wp\/v2\/types\/post"}],"author":[{"embeddable":true,"href":"https:\/\/pressactu.com\/index.php?rest_route=\/wp\/v2\/users\/1"}],"replies":[{"embeddable":true,"href":"https:\/\/pressactu.com\/index.php?rest_route=%2Fwp%2Fv2%2Fcomments&post=129655"}],"version-history":[{"count":0,"href":"https:\/\/pressactu.com\/index.php?rest_route=\/wp\/v2\/posts\/129655\/revisions"}],"wp:featuredmedia":[{"embeddable":true,"href":"https:\/\/pressactu.com\/index.php?rest_route=\/wp\/v2\/media\/129656"}],"wp:attachment":[{"href":"https:\/\/pressactu.com\/index.php?rest_route=%2Fwp%2Fv2%2Fmedia&parent=129655"}],"wp:term":[{"taxonomy":"category","embeddable":true,"href":"https:\/\/pressactu.com\/index.php?rest_route=%2Fwp%2Fv2%2Fcategories&post=129655"},{"taxonomy":"post_tag","embeddable":true,"href":"https:\/\/pressactu.com\/index.php?rest_route=%2Fwp%2Fv2%2Ftags&post=129655"},{"taxonomy":"author","embeddable":true,"href":"https:\/\/pressactu.com\/index.php?rest_route=%2Fwp%2Fv2%2Fcoauthors&post=129655"}],"curies":[{"name":"wp","href":"https:\/\/api.w.org\/{rel}","templated":true}]}}