{"id":129653,"date":"2026-04-26T10:44:08","date_gmt":"2026-04-26T10:44:08","guid":{"rendered":"https:\/\/pressactu.com\/?p=129653"},"modified":"2026-04-26T10:44:08","modified_gmt":"2026-04-26T10:44:08","slug":"disparition-inquietante-une-femme-de-86-ans-recherchee-alors-quelle-quittait-son-ehpad-dans-laveyron-un-appel-a-temoins-est-lance","status":"publish","type":"post","link":"https:\/\/pressactu.com\/?p=129653","title":{"rendered":"Disparition inqui\u00e9tante\u00a0: une femme de 86 ans recherch\u00e9e alors qu\u2019elle quittait son Ehpad dans l\u2019Aveyron, un appel \u00e0 t\u00e9moins est lanc\u00e9"},"content":{"rendered":"<p>\n                                                                    <span class=\"article-full__chapo-label hide-on-small-only\">l&#8217;essentiel<\/span><br \/>\n                                                                Les gendarmes de l\u2019Aveyron lancent un appel \u00e0 t\u00e9moins apr\u00e8s la disparition inqui\u00e9tante d\u2019une femme de 86 ans, vue pour la derni\u00e8re fois \u00e0 Sauveterre-de-Rouergue, en Aveyron.\n                            <\/p>\n<div rel=\"js-article-content\">\n                                                                                                                            <!-- Pub DFP Position [outstream] --><\/p>\n<p>Une disparition dans l\u2019Ouest de l\u2019Aveyron mobilise les forces de l\u2019ordre depuis ce vendredi 24\u00a0avril 2026. Les gendarmes de la communaut\u00e9 de brigades\u00a0de Rieupeyroux sont \u00e0 la recherche de Pierrette Brechoteau, n\u00e9e le 17\u00a0ao\u00fbt 1939 \u00e0 Tonneins (Lot-et-Garonne).<br \/>Selon les premiers \u00e9l\u00e9ments diffus\u00e9s par les forces de l\u2019ordre sur les r\u00e9seaux sociaux, cette femme de 86 ans a \u00e9t\u00e9 aper\u00e7ue pour la derni\u00e8re fois vers 15\u00a0h\u00a030, alors qu\u2019elle quittait l\u2019Ehpad de Sauveterre-de-Rouergue.<\/p>\n<p><!-- Pub DFP Position [article] --><\/p>\n<p><iframe width=\"600\" height=\"450\" style=\"border:0;\" allowfullscreen=\"\" loading=\"lazy\" referrerpolicy=\"no-referrer-when-downgrade\" data-src=\"https:\/\/www.google.com\/maps\/embed?pb=!1m18!1m12!1m3!1d91452.64880265546!2d2.2327362246747633!3d44.250398049751205!2m3!1f0!2f0!3f0!3m2!1i1024!2i768!4f13.1!3m3!1m2!1s0x12ad853bac67aa13%3A0x406f69c2f430840!2s12800%20Sauveterre-de-Rouergue!5e0!3m2!1sfr!2sfr!4v1777124699479!5m2!1sfr!2sfr\"><\/iframe><\/p>\n<p>Malgr\u00e9 les recherches engag\u00e9es depuis le signalement de sa disparition, aucune trace de l\u2019octog\u00e9naire n\u2019a pour l\u2019instant \u00e9t\u00e9 retrouv\u00e9e.<br \/>Les militaires lancent donc un appel \u00e0 t\u00e9moins. Toute personne susceptible de fournir des informations est invit\u00e9e \u00e0 contacter la gendarmerie de Rieupeyroux au 05\u00a065\u00a065\u00a050\u00a001 ou \u00e0 composer le 17.<\/p>\n<\/p><\/div>\n<p><a href=\"https:\/\/www.ladepeche.fr\/2026\/04\/25\/disparition-inquietante-une-femme-de-86-ans-recherchee-alors-quelle-quittait-son-ehpad-dans-laveyron-un-appel-a-temoins-est-lance-13343387.php\">source<\/a><\/p>\n","protected":false},"excerpt":{"rendered":"<p>l&#8217;essentiel Les gendarmes de l\u2019Aveyron lancent un appel \u00e0 t\u00e9moins apr\u00e8s la disparition inqui\u00e9tante d\u2019une femme de 86 ans, vue pour la derni\u00e8re fois \u00e0 Sauveterre-de-Rouergue, en Aveyron. Une disparition dans l\u2019Ouest de l\u2019Aveyron mobilise les forces de l\u2019ordre depuis ce vendredi 24\u00a0avril 2026. Les gendarmes de la communaut\u00e9 de brigades\u00a0de Rieupeyroux sont \u00e0 la [&hellip;]<\/p>\n","protected":false},"author":1,"featured_media":129654,"comment_status":"open","ping_status":"open","sticky":false,"template":"","format":"standard","meta":{"_monsterinsights_skip_tracking":false,"_monsterinsights_sitenote_active":false,"_monsterinsights_sitenote_note":"","_monsterinsights_sitenote_category":0,"footnotes":""},"categories":[1],"tags":[],"coauthors":[77],"class_list":["post-129653","post","type-post","status-publish","format-standard","has-post-thumbnail","hentry","category-a-la-une"],"aioseo_notices":[],"_links":{"self":[{"href":"https:\/\/pressactu.com\/index.php?rest_route=\/wp\/v2\/posts\/129653","targetHints":{"allow":["GET"]}}],"collection":[{"href":"https:\/\/pressactu.com\/index.php?rest_route=\/wp\/v2\/posts"}],"about":[{"href":"https:\/\/pressactu.com\/index.php?rest_route=\/wp\/v2\/types\/post"}],"author":[{"embeddable":true,"href":"https:\/\/pressactu.com\/index.php?rest_route=\/wp\/v2\/users\/1"}],"replies":[{"embeddable":true,"href":"https:\/\/pressactu.com\/index.php?rest_route=%2Fwp%2Fv2%2Fcomments&post=129653"}],"version-history":[{"count":0,"href":"https:\/\/pressactu.com\/index.php?rest_route=\/wp\/v2\/posts\/129653\/revisions"}],"wp:featuredmedia":[{"embeddable":true,"href":"https:\/\/pressactu.com\/index.php?rest_route=\/wp\/v2\/media\/129654"}],"wp:attachment":[{"href":"https:\/\/pressactu.com\/index.php?rest_route=%2Fwp%2Fv2%2Fmedia&parent=129653"}],"wp:term":[{"taxonomy":"category","embeddable":true,"href":"https:\/\/pressactu.com\/index.php?rest_route=%2Fwp%2Fv2%2Fcategories&post=129653"},{"taxonomy":"post_tag","embeddable":true,"href":"https:\/\/pressactu.com\/index.php?rest_route=%2Fwp%2Fv2%2Ftags&post=129653"},{"taxonomy":"author","embeddable":true,"href":"https:\/\/pressactu.com\/index.php?rest_route=%2Fwp%2Fv2%2Fcoauthors&post=129653"}],"curies":[{"name":"wp","href":"https:\/\/api.w.org\/{rel}","templated":true}]}}