{"id":129632,"date":"2026-04-26T05:43:35","date_gmt":"2026-04-26T05:43:35","guid":{"rendered":"https:\/\/pressactu.com\/?p=129632"},"modified":"2026-04-26T05:43:35","modified_gmt":"2026-04-26T05:43:35","slug":"une-femme-decede-dans-un-accident-entre-deux-caleches-lors-de-la-procession-des-penitents-noirs-dans-laveyron","status":"publish","type":"post","link":"https:\/\/pressactu.com\/?p=129632","title":{"rendered":"Une femme d\u00e9c\u00e8de dans un accident entre deux cal\u00e8ches lors de la procession des p\u00e9nitents noirs, dans l\u2019Aveyron"},"content":{"rendered":"<p>\n                                                                    <span class=\"article-full__chapo-label hide-on-small-only\">l&#8217;essentiel<\/span><br \/>\n                                                                Un grave accident a endeuill\u00e9 la procession des p\u00e9nitents noirs \u00e0 Villefranche-de-Rouergue ce samedi 25\u00a0avril. Une personne est d\u00e9c\u00e9d\u00e9e et une douzaine d\u2019autres ont \u00e9t\u00e9 bless\u00e9es.\n                            <\/p>\n<div rel=\"js-article-content\">\n                                                                                                                            <!-- Pub DFP Position [outstream] --><\/p>\n<p>Deux ans apr\u00e8s le retour de la mythique procession des p\u00e9nitents noirs \u00e0 Villefranche-de-Rouergue, un dramatique accident de cal\u00e8ches a fait plusieurs bless\u00e9s et co\u00fbt\u00e9 la vie \u00e0 une personne, ce samedi 25\u00a0avril. \u00c0 la fin de la marche, en fin d\u2019apr\u00e8s-midi, deux cal\u00e8ches sont entr\u00e9es en collision \u00e0 proximit\u00e9 de la bastide, sur la route du Bo\u00ef, rapporte <a href=\"https:\/\/www.centrepresseaveyron.fr\/2026\/04\/25\/une-personne-decede-plusieurs-blesses-la-procession-des-penitents-vire-au-drame-apres-un-accident-de-caleche-13343839.php\" target=\"_blank\">Centre Presse<\/a>.<\/p>\n<p><!-- Pub DFP Position [article] --><\/p>\n<h2 class=\"txt-int\">La cal\u00e8che a pris de la vitesse en pleine descente<\/h2>\n<p>En pleine descente de la mont\u00e9e vers le calvaire, haut point de la ville o\u00f9 termine la procession, l\u2019une des cal\u00e8ches a pris de la vitesse, sans pouvoir s\u2019arr\u00eater ni freiner, et a ainsi percut\u00e9 une autre, situ\u00e9e quelques m\u00e8tres en contrebas. Une femme qui se tenait \u00e0 l\u2019arri\u00e8re du v\u00e9hicule est d\u00e9c\u00e9d\u00e9e lors de la collision. Elle \u00e9tait membre de l\u2019association Cal\u00e8ches et Cavaliers du Rouergue, qui organise r\u00e9guli\u00e8rement des \u00e9v\u00e9nements similaires dans l\u2019Aveyron et dans les nombreuses bastides m\u00e9di\u00e9vales de l\u2019ouest du d\u00e9partement.<\/p>\n<h2 class=\"txt-int\">Une douzaine de bless\u00e9s<\/h2>\n<p>Une douzaine de personnes ont \u00e9t\u00e9 bless\u00e9es dans l\u2019accident. Chaque cal\u00e8che \u00e9tait tir\u00e9e par deux chevaux, et l\u2019un des quatre \u00e9quid\u00e9s a \u00e9galement perdu la vie lors de la violente collision. Gendarmes et pompiers ont \u00e9t\u00e9 mobilis\u00e9s sur place pour porter secours aux bless\u00e9s et s\u00e9curiser les lieux.<\/p>\n<p>Apr\u00e8s 15 ans en sommeil, la procession des p\u00e9nitents noirs et des p\u00e9nitents bleus a fait son retour en avril\u00a02024, un \u00e9v\u00e9nement relanc\u00e9 par la mairie. Cette reconstitution historique, organis\u00e9e avec plusieurs associations, se d\u00e9roule dans les rues de la bastide de Villefranche-de-Rouergue pour mettre en valeur le patrimoine local et cr\u00e9er un rendez-vous culturel. Un parcours de deux kilom\u00e8tres, souvent accompagn\u00e9 de musique et de folklore aveyronnais, comme les cal\u00e8ches.<\/p>\n<\/p><\/div>\n<p><a href=\"https:\/\/www.ladepeche.fr\/2026\/04\/25\/une-femme-decede-dans-un-accident-entre-deux-caleches-lors-de-la-procession-des-penitents-noirs-dans-laveyron-13343901.php\">source<\/a><\/p>\n","protected":false},"excerpt":{"rendered":"<p>l&#8217;essentiel Un grave accident a endeuill\u00e9 la procession des p\u00e9nitents noirs \u00e0 Villefranche-de-Rouergue ce samedi 25\u00a0avril. Une personne est d\u00e9c\u00e9d\u00e9e et une douzaine d\u2019autres ont \u00e9t\u00e9 bless\u00e9es. Deux ans apr\u00e8s le retour de la mythique procession des p\u00e9nitents noirs \u00e0 Villefranche-de-Rouergue, un dramatique accident de cal\u00e8ches a fait plusieurs bless\u00e9s et co\u00fbt\u00e9 la vie \u00e0 [&hellip;]<\/p>\n","protected":false},"author":1,"featured_media":129633,"comment_status":"open","ping_status":"open","sticky":false,"template":"","format":"standard","meta":{"_monsterinsights_skip_tracking":false,"_monsterinsights_sitenote_active":false,"_monsterinsights_sitenote_note":"","_monsterinsights_sitenote_category":0,"footnotes":""},"categories":[1],"tags":[],"coauthors":[77],"class_list":["post-129632","post","type-post","status-publish","format-standard","has-post-thumbnail","hentry","category-a-la-une"],"aioseo_notices":[],"_links":{"self":[{"href":"https:\/\/pressactu.com\/index.php?rest_route=\/wp\/v2\/posts\/129632","targetHints":{"allow":["GET"]}}],"collection":[{"href":"https:\/\/pressactu.com\/index.php?rest_route=\/wp\/v2\/posts"}],"about":[{"href":"https:\/\/pressactu.com\/index.php?rest_route=\/wp\/v2\/types\/post"}],"author":[{"embeddable":true,"href":"https:\/\/pressactu.com\/index.php?rest_route=\/wp\/v2\/users\/1"}],"replies":[{"embeddable":true,"href":"https:\/\/pressactu.com\/index.php?rest_route=%2Fwp%2Fv2%2Fcomments&post=129632"}],"version-history":[{"count":0,"href":"https:\/\/pressactu.com\/index.php?rest_route=\/wp\/v2\/posts\/129632\/revisions"}],"wp:featuredmedia":[{"embeddable":true,"href":"https:\/\/pressactu.com\/index.php?rest_route=\/wp\/v2\/media\/129633"}],"wp:attachment":[{"href":"https:\/\/pressactu.com\/index.php?rest_route=%2Fwp%2Fv2%2Fmedia&parent=129632"}],"wp:term":[{"taxonomy":"category","embeddable":true,"href":"https:\/\/pressactu.com\/index.php?rest_route=%2Fwp%2Fv2%2Fcategories&post=129632"},{"taxonomy":"post_tag","embeddable":true,"href":"https:\/\/pressactu.com\/index.php?rest_route=%2Fwp%2Fv2%2Ftags&post=129632"},{"taxonomy":"author","embeddable":true,"href":"https:\/\/pressactu.com\/index.php?rest_route=%2Fwp%2Fv2%2Fcoauthors&post=129632"}],"curies":[{"name":"wp","href":"https:\/\/api.w.org\/{rel}","templated":true}]}}