{"id":129626,"date":"2026-04-26T04:02:38","date_gmt":"2026-04-26T04:02:38","guid":{"rendered":"https:\/\/pressactu.com\/?p=129626"},"modified":"2026-04-26T04:02:38","modified_gmt":"2026-04-26T04:02:38","slug":"replay-guerre-au-moyen-orient-benyamin-netanyahu-ordonne-des-attaques-contre-le-hezbollah-apres-des-violations-du-cessez-le-feu-selon-larmee","status":"publish","type":"post","link":"https:\/\/pressactu.com\/?p=129626","title":{"rendered":"REPLAY. Guerre au Moyen-Orient\u00a0: Benyamin Netanyahu ordonne des attaques contre le Hezbollah apr\u00e8s des violations du cessez-le-feu, selon l\u2019arm\u00e9e"},"content":{"rendered":"<div id=\"live_post_EVMOET6FWNXMOH8\"><span class=\"live-post__date\">22h45.<\/span><\/p>\n<div class=\"live-post__content\">\n<h2 class=\"live-post__title\">Fin du direct<\/h2>\n<p class=\"live-post__amorce\">Merci de nous avoir suivis<\/p>\n<\/div>\n<\/div>\n<div id=\"live_post_EVMOEOQYGZ7IZ1D\"><span class=\"live-post__date\">20h41.<\/span><\/p>\n<div class=\"live-post__content\">\n<h2 class=\"live-post__title\">Netanyahu ordonne des attaques contre le Hezbollah apr\u00e8s des violations du cessez-le-feu selon l&#8217;arm\u00e9e<\/h2>\n<p class=\"live-post__amorce\">Le Premier ministre isra\u00e9lien Benjamin Netanyahu a ordonn\u00e9 samedi \u00e0 l&#8217;arm\u00e9e de frapper &#8220;avec force&#8221; le Hezbollah pro-iranien au Liban, \u00e0 la suite de ce que l&#8217;arm\u00e9e a qualifi\u00e9 de s\u00e9rie de violations du cessez-le-feu.<\/p>\n<p class=\"live-post__amorce\">Selon un bref communiqu\u00e9 publi\u00e9 par son cabinet, le Premier ministre &#8220;a ordonn\u00e9 \u00e0 l&#8217;arm\u00e9e isra\u00e9lienne de mener des frappes avec force contre des cibles du Hezbollah au Liban&#8221;, apr\u00e8s le signalement par l&#8217;arm\u00e9e de violations du cessez-le-feu.<\/p>\n<p class=\"live-post__amorce\">Plusieurs heures auparavant, dans plusieurs communiqu\u00e9s distincts, l&#8217;arm\u00e9e a d\u00e9clar\u00e9 avoir &#8220;\u00e9limin\u00e9 plus de 15 terroristes dans le sud du Liban&#8221;, dont trois qui circulaient dans un v\u00e9hicule &#8220;charg\u00e9 d&#8217;armes&#8221;.<\/p>\n<\/div>\n<\/div>\n<div id=\"live_post_EVMOENQNK8GGUGN\"><span class=\"live-post__date\">20h13.<\/span><\/p>\n<div class=\"live-post__content\">\n<h2 class=\"live-post__title\">L&#8217;Iran dit ne pas savoir si les Etats-Unis sont &#8220;r\u00e9ellement s\u00e9rieux&#8221; en diplomatie<\/h2>\n<p class=\"live-post__amorce\">Le ministre iranien des Affaires \u00e9trang\u00e8res Abbas Araghchi a d\u00e9clar\u00e9 samedi qu&#8217;il n&#8217;\u00e9tait pas clair si les Etats-Unis \u00e9taient &#8220;r\u00e9ellement s\u00e9rieux&#8221; en mati\u00e8re de diplomatie, apr\u00e8s avoir achev\u00e9 des entretiens au Pakistan, alors que Washington a annul\u00e9 l&#8217;envoi de sa d\u00e9l\u00e9gation dans ce pays m\u00e9diateur.<\/p>\n<p class=\"live-post__amorce\">Dans un message publi\u00e9 sur X apr\u00e8s avoir quitt\u00e9 Islamabad \u00e0 l&#8217;issue de discussions avec de hauts responsables pakistanais, le ministre iranien a indiqu\u00e9 avoir &#8220;pr\u00e9sent\u00e9 la position de l&#8217; <strong><em>Iran<\/em><\/strong>  concernant un cadre viable pour mettre fin durablement \u00e0 la guerre&#8221;, ajoutant &#8220;ne pas encore savoir si les Etats-Unis \u00e9taient r\u00e9ellement s\u00e9rieux en diplomatie&#8221;.\u00a0<\/p>\n<\/div>\n<\/div>\n<div id=\"live_post_EVMOENPZUG4665K\"><span class=\"live-post__date\">19h09.<\/span><\/p>\n<div class=\"live-post__content\">\n<h2 class=\"live-post__title\">Trump annule le d\u00e9placement de ses \u00e9missaires \u00e0 Islamabad<\/h2>\n<p class=\"live-post__amorce\">Donald Trump a d\u00e9clar\u00e9 samedi avoir annul\u00e9 le d\u00e9placement attendu de ses \u00e9missaires Steve Witkoff et Jared Kushner pour des discussions avec l&#8217; <strong><em>Iran<\/em><\/strong>  au Pakistan, mais que cela ne signifiait pas une reprise de la guerre.<\/p>\n<p class=\"live-post__amorce\">&#8220;Je viens d&#8217;annuler le d\u00e9placement de mes repr\u00e9sentants \u00e0 Islamabad, au Pakistan, pour rencontrer les Iraniens&#8221;, a \u00e9crit le pr\u00e9sident am\u00e9ricain sur sa plateforme Truth Social.<\/p>\n<p class=\"live-post__amorce\">&#8220;Trop de temps perdu en d\u00e9placements, trop de travail ! (&#8230;) Personne ne sait qui est aux commandes, y compris eux-m\u00eames&#8221;, a-t-il ajout\u00e9 en soulignant qu&#8217;il avait &#8220;toutes les cartes en main&#8221;.<\/p>\n<\/div>\n<\/div>\n<div id=\"live_post_EVMOEI1FP41P79O\"><span class=\"live-post__date\">17h33.<\/span><\/p>\n<p><h2 class=\"live-post__title\">Le ministre iranien des Affaires \u00e9trang\u00e8res Abbas Araghchi a quitt\u00e9 le Pakistan<\/h2>\n<\/p>\n<\/div>\n<div id=\"live_post_EVMOECCK8SLCPRH\"><span class=\"live-post__date\">14h54.<\/span><\/p>\n<div class=\"live-post__content\">\n<h2 class=\"live-post__title\">Liban : quatre morts dans le sud du pays apr\u00e8s des frappes isra\u00e9liennes<\/h2>\n<p class=\"live-post__amorce\">Le minist\u00e8re libanais de la Sant\u00e9 a annonc\u00e9 que des frappes isra\u00e9liennes men\u00e9es samedi dans le sud du pays avaient fait quatre morts, malgr\u00e9 un fragile cessez-le-feu prolong\u00e9 cette semaine dans la guerre entre Isra\u00ebl et le mouvement pro-iranien Hezbollah. &#8220;Deux frappes de l&#8217;ennemi isra\u00e9lien, visant un camion et une moto, dans la localit\u00e9 de Yohmor al-Shaqeef, dans le district de Nabatiy\u00e9 ont fait quatre morts&#8221;, a pr\u00e9cis\u00e9 le minist\u00e8re dans un communiqu\u00e9.<\/p>\n<\/div>\n<\/div>\n<div id=\"live_post_EVMOECB0EWPRZMA\"><span class=\"live-post__date\">14h53.<\/span><\/p>\n<div class=\"live-post__content\">\n<h2 class=\"live-post__title\">L&#8217;Iran menace d&#8217;une riposte si le blocus am\u00e9ricain se poursuit\u00a0<\/h2>\n<p class=\"live-post__amorce\">&#8220;Si les forces arm\u00e9es am\u00e9ricaines poursuivent leur blocus et persistent dans leurs actes de banditisme et de piraterie dans la r\u00e9gion, elles doivent savoir qu&#8217;elles s&#8217;exposent \u00e0 une riposte des puissantes forces arm\u00e9es iraniennes&#8221;, a d\u00e9clar\u00e9 le commandement, Khatam al-Anbiya, cit\u00e9 par la t\u00e9l\u00e9vision d&#8217;Etat. &#8220;Nous sommes pr\u00eats et d\u00e9termin\u00e9s, et surveillons les agissements et les mouvements de nos ennemis&#8221;, a-t-il ajout\u00e9.<\/p>\n<\/div>\n<\/div>\n<div id=\"live_post_EVMOEC6OPAAPI32\"><span class=\"live-post__date\">14h49.<\/span><\/p>\n<div class=\"live-post__content\">\n<h2 class=\"live-post__title\">L\u2019Allemagne pr\u00eate \u00e0 d\u00e9ployer le &#8220;Fulda&#8221;, un chasseur de mines, pour s\u00e9curiser le d\u00e9troit d\u2019Ormuz\u00a0<\/h2>\n<p class=\"live-post__amorce\">Le Fulda, un dragueur de mines allemand, doit \u00eatre prochainement pr\u00e9positionn\u00e9 en mer M\u00e9diterran\u00e9e en vue d\u2019une \u00e9ventuelle mission dans le cadre de l\u2019OTAN, a pr\u00e9cis\u00e9 une porte-parole du minist\u00e8re de la d\u00e9fense allemand \u00e0 l\u2019Agence France-Presse (AFP). <\/p>\n<p class=\"live-post__amorce\">Plusieurs pays &#8220;non bellig\u00e9rants&#8221; se sont dits pr\u00eats mi-avril pour une mission &#8220;neutre&#8221; qui permettrait de s\u00e9curiser le d\u00e9troit d\u2019Ormuz, que les Etats-Unis ont affirm\u00e9 la semaine derni\u00e8re \u00eatre en train de d\u00e9miner avec T\u00e9h\u00e9ran, sans que l\u2019information n\u2019ait \u00e9t\u00e9 confirm\u00e9e par la R\u00e9publique islamique.<\/p>\n<\/div>\n<\/div>\n<div id=\"live_post_EVMOE9OY5DVZNOY\"><span class=\"live-post__date\">13h39.<\/span><\/p>\n<div class=\"live-post__content\">\n<h2 class=\"live-post__title\">T\u00e9h\u00e9ran reste inflexible sur l&#8217;enrichissement d&#8217;uranium\u00a0<\/h2>\n<p class=\"live-post__amorce\">Si l\u2019Iran se dit ouverte \u00e0 des discussions avec les Etats-Unis, elle exclut tout renoncement son programme d\u2019enrichissement d\u2019uranium.<\/p>\n<p class=\"live-post__amorce\">&#8220;Les n\u00e9gociations ne peuvent aboutir que si nos adversaires reconnaissent le droit de notre nation \u00e0 l\u2019utilisation pacifique de l\u2019\u00e9nergie nucl\u00e9aire&#8221;, a d\u00e9clar\u00e9 samedi l\u2019ambassadeur d\u2019Iran en Inde, Mohammad Fatali, dans un message publi\u00e9 sur X. L\u2019Iran a &#8220;toujours soutenu la voie diplomatique&#8221;, a-t-il ajout\u00e9, en r\u00e9f\u00e9rence \u00e0 une tribune publi\u00e9e dans la presse indienne.<\/p>\n<p class=\"live-post__amorce\">T\u00e9h\u00e9ran a enrichi de l\u2019uranium \u00e0 des niveaux bien sup\u00e9rieurs \u00e0 ceux habituellement associ\u00e9s \u00e0 un usage civil et l\u2019administration Trump fait pression pour que l\u2019Iran abandonne ce programme.<\/p>\n<\/div>\n<\/div>\n<div id=\"live_post_EVMOE92ZYG44OHK\"><span class=\"live-post__date\">13h22.<\/span><\/p>\n<div class=\"live-post__content\">\n<h2 class=\"live-post__title\">Emmanuel Macron affirme que &#8220;la situation ne fait envisager aucune p\u00e9nurie&#8221; de carburants<\/h2>\n<p class=\"live-post__amorce\">&#8220;Aujourd&#8217;hui, la situation ne nous fait envisager aucune p\u00e9nurie&#8221; de carburants, a d\u00e9clar\u00e9 Emmanuel Macron lors d&#8217;une conf\u00e9rence de presse en Gr\u00e8ce, en r\u00e9action aux propos du patron de TotalEnergies. <\/p>\n<p class=\"live-post__amorce\">&#8220;On sait qu\u2019il faudra un peu de temps pour stabiliser&#8221; la situation &#8220;mais on n&#8217;est pas dans le sc\u00e9nario du pire&#8221;, conclut-il pr\u00e9cisant &#8220;consacrer&#8221; son &#8220;\u00e9nergie&#8221; \u00e0 la r\u00e9ouverture du d\u00e9troit d&#8217;Ormuz &#8220;le plus vite possible&#8221;, de mani\u00e8re &#8220;conforme au droit international&#8221; et &#8220;sans p\u00e9age&#8221;, a-t-il ajout\u00e9.<\/p>\n<p class=\"live-post__amorce\">Le patron de TotalEnergies Patrick Pouyann\u00e9 a estim\u00e9 hier que si le blocage du d\u00e9troit d&#8217;Ormuz, dans le Golfe, perdurait &#8220;encore deux ou trois mois&#8221;, la France entrerait &#8220;dans une \u00e8re de p\u00e9nurie \u00e9nerg\u00e9tique&#8221;.<\/p>\n<p class=\"std-elt__inline\">\n        <strong>\u00c0 lire aussi :<\/strong><br \/>\n        <a href=\"\/2026\/04\/25\/la-guerre-en-iran-fait-grimper-les-prix-des-carburants-mais-frappe-aussi-de-multiples-secteurs-de-leconomie-13338843.php\">La guerre en Iran fait grimper les prix des carburants mais frappe aussi de multiples secteurs de l\u2019\u00e9conomie<\/a>\n    <\/p>\n<\/div>\n<\/div>\n<div id=\"live_post_EVMOE4SNT74OVRE\"><span class=\"live-post__date\">11h22.<\/span><\/p>\n<div class=\"live-post__content\">\n<h2 class=\"live-post__title\">Iran : les Etats-Unis cherchent \u00e0 &#8220;sauver la face&#8221;, affirme le minist\u00e8re de la D\u00e9fense\u00a0<\/h2>\n<p class=\"live-post__amorce\">Les Etats-Unis cherchent &#8220;un moyen de sauver la face&#8221; pour s\u2019extraire de la guerre, a d\u00e9clar\u00e9 samedi le porte-parole du minist\u00e8re iranien de la D\u00e9fense, alors que se profile une reprise des tractations irano-am\u00e9ricaines via le m\u00e9diateur pakistanais. <\/p>\n<p class=\"live-post__amorce\">&#8220;Notre puissance militaire est aujourd&#8217;hui une force dominante, et l&#8217;ennemi cherche un moyen de sauver la face pour sortir du bourbier de la guerre dans lequel il s&#8217;est enlis\u00e9&#8221;, a affirm\u00e9 un porte-parole du minist\u00e8re, cit\u00e9 par l&#8217;agence Isna.Les \u00e9missaires am\u00e9ricains sont attendus samedi \u00e0 Islamabad, mais sans garantie de rencontre directe avec la d\u00e9l\u00e9gation iranienne arriv\u00e9e vendredi dans la capitale pakistanaise, deux semaines apr\u00e8s de premiers pourparlers entre les deux bellig\u00e9rants. <\/p>\n<\/div>\n<\/div>\n<div id=\"live_post_EVMOE0988T02BOT\"><span class=\"live-post__date\">09h15.<\/span><\/p>\n<div class=\"live-post__content\">\n<h2 class=\"live-post__title\">Le patron de TotalEnergies envisage de &#8220;nouveaux pipelines&#8221; pour contourner le d\u00e9troit d\u2019Ormuz<\/h2>\n<p class=\"live-post__amorce\">Patrick Pouyann\u00e9, la patron de TotalEnergies, a affirm\u00e9 qu\u2019il serait difficile de se passer du p\u00e9trole issu du Golfe, &#8220;tr\u00e8s bon march\u00e9&#8221;, et plaide pour l\u2019\u00e9mergence d\u2019alternatives au d\u00e9troit d\u2019Ormuz, comme des canalisations.<\/p>\n<p class=\"live-post__amorce\">&#8221; Le fait qu\u2019aujourd\u2019hui, il n\u2019y ait pas assez de voies de sortie du d\u00e9troit d\u2019Ormuz est un probl\u00e8me majeur (\u2026) Nous devons commencer \u00e0 envisager la r\u00e9silience comme un investissement, probablement dans de nouveaux pipelines afin de constituer un r\u00e9seau de pipelines&#8221;, a-t-il d\u00e9clar\u00e9 lors d\u2019une intervention \u00e0 la World Policy Conference organis\u00e9e par l\u2019Institut fran\u00e7ais des relations internationales (IFRI) \u00e0 Chantilly, pr\u00e8s de Paris.<\/p>\n<\/div>\n<\/div>\n<div id=\"live_post_EVMOE042LRVHS11\"><span class=\"live-post__date\">09h11.<\/span><\/p>\n<div class=\"live-post__content\">\n<h2 class=\"live-post__title\">Iran : un homme vient d&#8217;\u00eatre ex\u00e9cut\u00e9 pour coop\u00e9ration avec Isra\u00ebl<\/h2>\n<p class=\"live-post__amorce\">Ce samedi, les m\u00e9dias iraniens annoncent une nouvelle ex\u00e9cution, celle d&#8217;Erfan Kiani, un homme accus\u00e9 d&#8217;avoir men\u00e9 des actions violentes lors des manifestations de janvier, sur ordre du Mossad (services secrets isra\u00e9liens). Les autorit\u00e9s iraniennes ont ex\u00e9cut\u00e9 au moins 1 639 personnes en 2025, un record depuis 1989, ont indiqu\u00e9 mi-avril deux ONG.<\/p>\n<\/div>\n<\/div>\n<div id=\"live_post_EVMOE00MJERVAD7\"><span class=\"live-post__date\">09h09.<\/span><\/p>\n<div class=\"live-post__content\">\n<h2 class=\"live-post__title\">L&#8217;Union europ\u00e9enne &#8220;salue&#8221; l&#8217;organisation des \u00e9lections locales palestiniennes<\/h2>\n<p class=\"live-post__amorce\">&#8220;Aujourd&#8217;hui, les Palestiniens ont l&#8217;occasion de voter pour leurs conseils locaux et de renouveler leur l\u00e9gitimit\u00e9 d\u00e9mocratique, \u00e9crit ce samedi la mission de l&#8217;UE pour la Palestine, sur invitation de la Commission \u00e9lectorale centrale, plusieurs de nos missions diplomatiques et repr\u00e9sentants seront pr\u00e9sents sur le terrain.&#8221;<\/p>\n<div class=\"extemb-container\">\n<blockquote data-class=\"twitter-tweet\">\n<p lang=\"en\" dir=\"ltr\">2\/3 Today, Palestinians have the chance to vote for their local councils and renew their democratic legitimacy. Per invitation of the Central Election Commission, several of our\u00a0diplomatic missions and representatives will be present on the ground.<\/p>\n<p>\u2014 EU and Palestinians (@EUpalestinians) <a href=\"https:\/\/twitter.com\/EUpalestinians\/status\/2047911201905033596?ref_src=twsrc%5Etfw\">April 25, 2026<\/a><\/p><\/blockquote><\/div>\n<\/div>\n<\/div>\n<div id=\"live_post_EVMODYNA5DBTHW0\"><span class=\"live-post__date\">08h30.<\/span><\/p>\n<div class=\"live-post__content\">\n<h2 class=\"live-post__title\">&#8220;Aucune rencontre entre l&#8217;Iran et les Etats-Unis&#8221; n&#8217;est pr\u00e9vue ce samedi\u00a0<\/h2>\n<p class=\"live-post__amorce\">Le porte-parole du minist\u00e8re iranien des Affaires \u00e9trang\u00e8res, Esma\u00efl Bagha\u00ef, a affirm\u00e9 &#8220;qu&#8217;aucune rencontre n&#8217;est pr\u00e9vue entre l&#8217;Iran et les \u00c9tats-Unis&#8221; ce samedi. Selon lui, es positions de son pays seraient transmises \u00e0 la partie am\u00e9ricaine vie les m\u00e9diateurs pakistanais.<\/p>\n<div class=\"extemb-container\">\n<blockquote data-class=\"twitter-tweet\">\n<p lang=\"en\" dir=\"ltr\">We arrive in Islamabad, Pakistan, for an official visit. FM Araghchi will be meeting with Pakistani high-level officials in concert with their ongoing mediation &amp; good offices for ending American imposed war of aggression and the restitution of peace in our region. <\/p>\n<p>No meeting\u2026 <a href=\"https:\/\/t.co\/1vP51xIoep\">pic.twitter.com\/1vP51xIoep<\/a><\/p>\n<p>\u2014 Esmaeil Baqaei (@IRIMFA_SPOX) <a href=\"https:\/\/twitter.com\/IRIMFA_SPOX\/status\/2047787169776038085?ref_src=twsrc%5Etfw\">April 24, 2026<\/a><\/p><\/blockquote><\/div>\n<\/div>\n<\/div>\n<div id=\"live_post_EVMODYJH59RR34C\"><span class=\"live-post__date\">08h27.<\/span><\/p>\n<div class=\"live-post__content\">\n<h2 class=\"live-post__title\">Premier scrutin pour les Palestiniens depuis la guerre \u00e0 Gaza<\/h2>\n<p class=\"live-post__amorce\">Les Palestiniens de Cisjordanie et de Gaza ont commenc\u00e9 \u00e0 voter ce samedi pour d\u00e9signer leurs maires et conseillers municipaux. Il s&#8217;agit des premi\u00e8res \u00e9lections depuis le d\u00e9but de la guerre \u00e0 Gaza, sur fond de d\u00e9sillusions et de choix limit\u00e9s. La plupart des listes \u00e9lectorales sont align\u00e9es avec le Fatah, le parti nationaliste et la\u00efque du pr\u00e9sident palestinien Mahmoud Abbas, ou sans \u00e9tiquette. Aucune liste ne se r\u00e9clame en revanche du Hamas.<\/p>\n<\/div>\n<\/div>\n<div id=\"live_post_EVMODWK4EJBBGQQ\"><span class=\"live-post__date\">07h32.<\/span><\/p>\n<div class=\"live-post__content\">\n<h2 class=\"live-post__title\">Le chef de la diplomatie iranienne est arriv\u00e9 \u00e0 Islamabad<\/h2>\n<p class=\"live-post__amorce\">Le ministre iranien des Affaires \u00e9trang\u00e8res, Abbas Araghchi, est arriv\u00e9 \u00e0 Islamabad hier soir avant des n\u00e9gociations entre l&#8217;Iran et les Etats-Unis destin\u00e9es \u00e0 mettre un terme \u00e0 la guerre au Moyen-Orient, a annonc\u00e9 le minist\u00e8re pakistanais des Affaires \u00e9trang\u00e8res, sans \u00e9voquer directement la reprise de discussions directes avec les \u00e9missaires am\u00e9ricains.<\/p>\n<p class=\"live-post__amorce\">Les \u00e9missaires am\u00e9ricains partent pour le Pakistan aujourd&#8217;hui a d\u00e9clar\u00e9 la porte-parole de la Maison Blanche, Karoline Leavitt.<\/p>\n<\/div>\n<\/div>\n<div id=\"live_post_EVMODWBU1TH7X6K\"><span class=\"live-post__date\">07h25.<\/span><\/p>\n<div class=\"live-post__content\">\n<h2 class=\"live-post__title\">Liban : six personnes sont mortes apr\u00e8s des frappes isra\u00e9liennes, selon le minist\u00e8re de la Sant\u00e9\u00a0<\/h2>\n<p class=\"live-post__amorce\">En d\u00e9pit du cessez-le-feu feu et d&#8217;une nouvelle session de n\u00e9gociations, la guerre entre Isra\u00ebl et le Hezbollah pro-iranien continue. Des frappes isra\u00e9liennes ont fait six morts dans le sud du pays vendredi, a indiqu\u00e9 le minist\u00e8re libanais de la Sant\u00e9. <\/p>\n<p class=\"live-post__amorce\">&#8220;Les frappes a\u00e9riennes de l\u2019ennemi isra\u00e9lien sur le sud du Liban aujourd\u2019hui, 24 avril, ont entra\u00een\u00e9 le martyre de six citoyens et fait deux autres bless\u00e9s&#8221;, a indiqu\u00e9 le minist\u00e8re dans un communiqu\u00e9.<\/p>\n<\/div>\n<\/div>\n<div id=\"live_post_EVMODWBG85D3Z90\"><span class=\"live-post__date\">07h25.<\/span><\/p>\n<p><h2 class=\"live-post__title\">Bonjour et bienvenue dans ce live !\u00a0<\/h2>\n<\/p>\n<\/div>\n<p><script async src=\"\/\/platform.twitter.com\/widgets.js\" charset=\"utf-8\"><\/script><br \/><a href=\"https:\/\/www.ladepeche.fr\/2026\/04\/25\/direct-guerre-au-moyen-orient-les-emissaires-americains-attendus-ce-samedi-pour-de-nouveaux-pourparlers-au-pakistan-13343094.php\">source<\/a><\/p>\n","protected":false},"excerpt":{"rendered":"<p>22h45. Fin du direct Merci de nous avoir suivis 20h41. Netanyahu ordonne des attaques contre le Hezbollah apr\u00e8s des violations du cessez-le-feu selon l&#8217;arm\u00e9e Le Premier ministre isra\u00e9lien Benjamin Netanyahu a ordonn\u00e9 samedi \u00e0 l&#8217;arm\u00e9e de frapper &#8220;avec force&#8221; le Hezbollah pro-iranien au Liban, \u00e0 la suite de ce que l&#8217;arm\u00e9e a qualifi\u00e9 de s\u00e9rie [&hellip;]<\/p>\n","protected":false},"author":1,"featured_media":129627,"comment_status":"open","ping_status":"open","sticky":false,"template":"","format":"standard","meta":{"_monsterinsights_skip_tracking":false,"_monsterinsights_sitenote_active":false,"_monsterinsights_sitenote_note":"","_monsterinsights_sitenote_category":0,"footnotes":""},"categories":[1],"tags":[],"coauthors":[77],"class_list":["post-129626","post","type-post","status-publish","format-standard","has-post-thumbnail","hentry","category-a-la-une"],"aioseo_notices":[],"_links":{"self":[{"href":"https:\/\/pressactu.com\/index.php?rest_route=\/wp\/v2\/posts\/129626","targetHints":{"allow":["GET"]}}],"collection":[{"href":"https:\/\/pressactu.com\/index.php?rest_route=\/wp\/v2\/posts"}],"about":[{"href":"https:\/\/pressactu.com\/index.php?rest_route=\/wp\/v2\/types\/post"}],"author":[{"embeddable":true,"href":"https:\/\/pressactu.com\/index.php?rest_route=\/wp\/v2\/users\/1"}],"replies":[{"embeddable":true,"href":"https:\/\/pressactu.com\/index.php?rest_route=%2Fwp%2Fv2%2Fcomments&post=129626"}],"version-history":[{"count":0,"href":"https:\/\/pressactu.com\/index.php?rest_route=\/wp\/v2\/posts\/129626\/revisions"}],"wp:featuredmedia":[{"embeddable":true,"href":"https:\/\/pressactu.com\/index.php?rest_route=\/wp\/v2\/media\/129627"}],"wp:attachment":[{"href":"https:\/\/pressactu.com\/index.php?rest_route=%2Fwp%2Fv2%2Fmedia&parent=129626"}],"wp:term":[{"taxonomy":"category","embeddable":true,"href":"https:\/\/pressactu.com\/index.php?rest_route=%2Fwp%2Fv2%2Fcategories&post=129626"},{"taxonomy":"post_tag","embeddable":true,"href":"https:\/\/pressactu.com\/index.php?rest_route=%2Fwp%2Fv2%2Ftags&post=129626"},{"taxonomy":"author","embeddable":true,"href":"https:\/\/pressactu.com\/index.php?rest_route=%2Fwp%2Fv2%2Fcoauthors&post=129626"}],"curies":[{"name":"wp","href":"https:\/\/api.w.org\/{rel}","templated":true}]}}