{"id":129622,"date":"2026-04-26T02:51:27","date_gmt":"2026-04-26T02:51:27","guid":{"rendered":"https:\/\/pressactu.com\/?p=129622"},"modified":"2026-04-26T02:51:27","modified_gmt":"2026-04-26T02:51:27","slug":"je-suis-maire-a-plein-temps-a-foix-jerome-mateos-fixe-son-indemnite-a-5-088-euros-bruts-par-mois","status":"publish","type":"post","link":"https:\/\/pressactu.com\/?p=129622","title":{"rendered":"&quot;Je suis maire \u00e0 plein temps&quot;\u00a0: \u00e0 Foix, J\u00e9r\u00f4me Mat\u00e9os fixe son indemnit\u00e9 \u00e0 5\u00a0088\u00a0euros bruts par mois"},"content":{"rendered":"<p>\n                                                                    <span class=\"article-full__chapo-label hide-on-small-only\">l&#8217;essentiel<\/span><br \/>\n                                                                Lors du second conseil municipal du mandat, le maire J\u00e9r\u00f4me Mat\u00e9os a soumis au vote l\u2019enveloppe globale destin\u00e9e \u00e0 l\u2019indemnisation des \u00e9lus, qui a \u00e9t\u00e9 adopt\u00e9e par la majorit\u00e9. Le groupe d\u2019opposition &#8220;Foix Cap 2032&#8221; a d\u00e9plor\u00e9 une hausse qu\u2019il chiffre \u00e0 &#8220;47\u00a0000\u00a0euros&#8221; par an.\n                            <\/p>\n<div rel=\"js-article-content\">\n                                                                                                                            <!-- Pub DFP Position [outstream] --><\/p>\n<p>&#8220;J\u2019assume.&#8221; C\u2019est un petit peu la formule g\u00e9n\u00e9rale adopt\u00e9e par J\u00e9r\u00f4me Mat\u00e9os lors de son second conseil municipal, samedi 25\u00a0avril. Sur les finances et les indemnit\u00e9s aux \u00e9lus d\u2019abord, puis sur la question du logement social \u00e0 Foix, sur lequel il a pris d\u00e8s sa campagne \u00e9lectorale la position claire de vouloir mettre fin aux lancements de projets de ce\u00a0type.<\/p>\n<p><!-- Pub DFP Position [article] --><\/p>\n<p>Le vote des indemnit\u00e9s des \u00e9lus\u00a0\u00e9tait le sujet le plus sensible\u00a0inscrit\u00a0sur l\u2019ordre du jour. &#8220;Vous vous imaginez que je m\u2019attendais \u00e0 des r\u00e9actions des groupes minoritaires&#8221;, confie le maire \u00e9lu au second tour des \u00e9lections de mars dernier.<\/p>\n<p>Pour le maire, la somme propos\u00e9e, avec majoration*, s\u2019\u00e9l\u00e8ve \u00e0\u00a05\u00a0088,82\u00a0euros bruts mensuels, donnant 4\u00a0057,35 nets.\u00a0&#8220;Nous constatons qu\u2019il y a une augmentation significative de l\u2019enveloppe globale, c\u2019est\u00a0\u00e0 peu pr\u00e8s 47\u00a0000\u00a0euros d\u2019augmentation par rapport \u00e0 l\u2019ann\u00e9e pr\u00e9c\u00e9dente&#8221;, d\u00e9plore\u00a0Marine Bordes, l\u2019ex-maire d\u00e9faite par J\u00e9r\u00f4me Mat\u00e9os.\u00a0Celle qui avait succ\u00e9d\u00e9 \u00e0 Norbert Meler suite \u00e0 sa d\u00e9mission en 2023 rappelle\u00a0que jamais son camp n\u2019avait &#8220;d\u00e9pass\u00e9 95\u00a0% de l\u2019enveloppe autoris\u00e9e&#8221; sur la r\u00e9mun\u00e9ration du maire depuis 2014, date de l\u2019\u00e9lection de Norbert Meler.<\/p>\n<h2 class=\"txt-int\">&#8220;C\u2019est du 7\u00a0h\u00a022\u00a0h, du lundi au vendredi, le samedi et dimanche&#8221;, r\u00e9pond J\u00e9r\u00f4me Mat\u00e9os<\/h2>\n<p>Marine Bordes attaque encore directement J\u00e9r\u00f4me Mat\u00e9os sur le cumul des indemnit\u00e9s. La r\u00e9mun\u00e9ration de maire et celle de vice-pr\u00e9sident \u00e0 l\u2019agglom\u00e9ration en charge de la transition \u00e9cologique am\u00e8neraient J\u00e9r\u00f4me Mat\u00e9os, selon Marine Bordes, \u00e0 &#8220;trois SMIC et demi&#8221;. &#8220;Je rappelle que vous briguez la pr\u00e9sidence du Smectom, \u00e7a vous am\u00e8ne \u00e0 8\u00a0600\u00a0euros bruts par mois&#8221; continue la colisti\u00e8re du groupe &#8220;Foix Cap 2032&#8221;.<\/p>\n<p>De son c\u00f4t\u00e9, Agn\u00e8s Leclerc, \u00e9lue au groupe &#8220;Foix en commun.e&#8221;, interroge la raison de cette augmentation de l\u2019enveloppe des indemnit\u00e9s. Cinq adjoints seront r\u00e9mun\u00e9r\u00e9s \u00e0 hauteur de 1\u00a0049\u00a0euros nets, deux autres \u00e0 1\u00a0579\u00a0euros nets, tandis que les conseillers municipaux d\u00e9l\u00e9gu\u00e9s \u00e0 des fonctions pr\u00e9cises toucheront 528\u00a0euros.<\/p>\n<p>&#8220;\u00c0 ce sujet, je suis tr\u00e8s \u00e0 l\u2019aise, j\u2019ai arr\u00eat\u00e9 de travailler pour me concentrer \u00e0 100\u00a0% sur mon mandat de maire. [\u2026] Je suis maire \u00e0 plein temps&#8221;, r\u00e9pond J\u00e9r\u00f4me Mat\u00e9os aux deux groupes minoritaires, avant de poursuivre\u00a0: &#8220;c\u2019est du 7\u00a0h\u00a022 h du lundi au vendredi et le samedi et dimanche. Je ne me plains pas, c\u2019est pour vous donner mes\u00a0horaires.&#8221; Le premier \u00e9dile pr\u00e9cise que les \u00e9lus n\u2019auront pas l\u2019indemnit\u00e9 du mois de mars-avril de mani\u00e8re r\u00e9troactive, et que lui-m\u00eame, il n\u2019a &#8220;plus de salaire depuis d\u00e9but avril&#8221;.<\/p>\n<h2 class=\"txt-int\">&#8220;Il n\u2019y a pas de profits&#8221;<\/h2>\n<p>C\u2019est s\u00fbr que son voisin Jean-Philippe Sannac, nouveau maire de Pamiers, a donn\u00e9 une comparaison particuli\u00e8re sur laquelle peut se rattacher\u00a0l\u2019opinion publique locale. Le chef d\u2019entreprise a renonc\u00e9 \u00e0 son indemnit\u00e9 de maire, pr\u00e9f\u00e9rant la reverser \u00e0 ses adjoints, estimant que &#8220;le maire ne se paye pas&#8221;.\u00a0J\u00e9r\u00f4me Mat\u00e9os avait lui une activit\u00e9 diff\u00e9rente, \u00e9tant cadre de la fonction publique \u00e0 Paris, un poste mis \u00e0 l\u2019arr\u00eat depuis son \u00e9lection.<\/p>\n<p>&#8220;J\u2019ai essay\u00e9 de faire une r\u00e9partition \u00e0 peu pr\u00e8s \u00e9quitable sur l\u2019enveloppe. [Les adjoints et d\u00e9l\u00e9gu\u00e9s] sont pr\u00e9sents en mairie, ils travaillent, ils sont sur le terrain. Je pense que vu le nombre d\u2019heures qu\u2019ils font, il n\u2019y a pas de profits&#8221;, d\u00e9fend J\u00e9r\u00f4me Mat\u00e9os.<\/p>\n<footer class=\"txt-note\">*Certains l\u2019auront peut-\u00eatre remarqu\u00e9, l\u2019indemnit\u00e9 de J\u00e9r\u00f4me Mat\u00e9os (5\u00a0088\u00a0euros bruts) est sup\u00e9rieure \u00e0 celle de Jean-Luc Moudenc, maire de Toulouse, ou bien encore de Thomas Cazenave, maire de Bordeaux. Comment est-ce possible\u00a0? La r\u00e9mun\u00e9ration maximale autoris\u00e9e des maires est calcul\u00e9e selon le nombre d\u2019habitants recens\u00e9s sur la commune en question. \u00c0 Foix, le maximal autoris\u00e9 est d\u2019environ 2\u00a0500\u00a0euros. Seulement des majorations peuvent s\u2019ajouter sur des crit\u00e8res pr\u00e9cis, notamment pour le chef-lieu du d\u00e9partement ou d\u2019un arrondissement, ou d\u2019une ville class\u00e9e &#8220;station de tourisme&#8221;. Pour le cas du chef-lieu de d\u00e9partement, la majoration peut par exemple aller jusqu\u2019\u00e0 25\u00a0%.<\/footer>\n<\/p><\/div>\n<p><a href=\"https:\/\/www.ladepeche.fr\/2026\/04\/25\/je-suis-maire-a-plein-temps-a-foix-jerome-mateos-fixe-son-indemnite-a-5-088-euros-bruts-par-mois-13343246.php\">source<\/a><\/p>\n","protected":false},"excerpt":{"rendered":"<p>l&#8217;essentiel Lors du second conseil municipal du mandat, le maire J\u00e9r\u00f4me Mat\u00e9os a soumis au vote l\u2019enveloppe globale destin\u00e9e \u00e0 l\u2019indemnisation des \u00e9lus, qui a \u00e9t\u00e9 adopt\u00e9e par la majorit\u00e9. Le groupe d\u2019opposition &#8220;Foix Cap 2032&#8221; a d\u00e9plor\u00e9 une hausse qu\u2019il chiffre \u00e0 &#8220;47\u00a0000\u00a0euros&#8221; par an. &#8220;J\u2019assume.&#8221; C\u2019est un petit peu la formule g\u00e9n\u00e9rale adopt\u00e9e [&hellip;]<\/p>\n","protected":false},"author":1,"featured_media":129623,"comment_status":"open","ping_status":"open","sticky":false,"template":"","format":"standard","meta":{"_monsterinsights_skip_tracking":false,"_monsterinsights_sitenote_active":false,"_monsterinsights_sitenote_note":"","_monsterinsights_sitenote_category":0,"footnotes":""},"categories":[74],"tags":[],"coauthors":[77],"class_list":["post-129622","post","type-post","status-publish","format-standard","has-post-thumbnail","hentry","category-economie"],"aioseo_notices":[],"_links":{"self":[{"href":"https:\/\/pressactu.com\/index.php?rest_route=\/wp\/v2\/posts\/129622","targetHints":{"allow":["GET"]}}],"collection":[{"href":"https:\/\/pressactu.com\/index.php?rest_route=\/wp\/v2\/posts"}],"about":[{"href":"https:\/\/pressactu.com\/index.php?rest_route=\/wp\/v2\/types\/post"}],"author":[{"embeddable":true,"href":"https:\/\/pressactu.com\/index.php?rest_route=\/wp\/v2\/users\/1"}],"replies":[{"embeddable":true,"href":"https:\/\/pressactu.com\/index.php?rest_route=%2Fwp%2Fv2%2Fcomments&post=129622"}],"version-history":[{"count":0,"href":"https:\/\/pressactu.com\/index.php?rest_route=\/wp\/v2\/posts\/129622\/revisions"}],"wp:featuredmedia":[{"embeddable":true,"href":"https:\/\/pressactu.com\/index.php?rest_route=\/wp\/v2\/media\/129623"}],"wp:attachment":[{"href":"https:\/\/pressactu.com\/index.php?rest_route=%2Fwp%2Fv2%2Fmedia&parent=129622"}],"wp:term":[{"taxonomy":"category","embeddable":true,"href":"https:\/\/pressactu.com\/index.php?rest_route=%2Fwp%2Fv2%2Fcategories&post=129622"},{"taxonomy":"post_tag","embeddable":true,"href":"https:\/\/pressactu.com\/index.php?rest_route=%2Fwp%2Fv2%2Ftags&post=129622"},{"taxonomy":"author","embeddable":true,"href":"https:\/\/pressactu.com\/index.php?rest_route=%2Fwp%2Fv2%2Fcoauthors&post=129622"}],"curies":[{"name":"wp","href":"https:\/\/api.w.org\/{rel}","templated":true}]}}