{"id":129566,"date":"2026-04-25T16:47:08","date_gmt":"2026-04-25T16:47:08","guid":{"rendered":"https:\/\/pressactu.com\/?p=129566"},"modified":"2026-04-25T16:47:08","modified_gmt":"2026-04-25T16:47:08","slug":"on-ne-sait-pas-quand-et-ou-cela-va-commencer-je-trouve-que-cest-du-mepris-pourquoi-les-futurs-travaux-dune-place-historique-a-cahors-inquietent-les-commercants","status":"publish","type":"post","link":"https:\/\/pressactu.com\/?p=129566","title":{"rendered":"&quot;On ne sait pas quand et o\u00f9 cela va commencer, je trouve que c\u2019est du m\u00e9pris&quot;\u00a0: pourquoi les futurs travaux d\u2019une place historique \u00e0 Cahors inqui\u00e8tent les commer\u00e7ants"},"content":{"rendered":"<p>\n                                                                    <span class=\"article-full__chapo-label hide-on-small-only\">l&#8217;essentiel<\/span><br \/>\n                                                                Le r\u00e9am\u00e9nagement de la place Chapou \u00e0 Cahors suscite autant d\u2019attentes que d\u2019inqui\u00e9tudes. Commer\u00e7ants et \u00e9taliers redoutent une ann\u00e9e de travaux malgr\u00e9 un projet jug\u00e9 indispensable. De son c\u00f4t\u00e9, la mairie temp\u00e8re.\n                            <\/p>\n<div rel=\"js-article-content\" data-state=\"fixed-height\" data-selection=\"disabled\">\n                                                                                                                            <!-- Pub DFP Position [outstream] --><\/p>\n<p>Le projet est sur toutes les l\u00e8vres, place Chapou, \u00e0 Cahors. \u00c0 partir du mois de septembre, un\u00a0chantier va s\u2019installer sur cette zone pour un r\u00e9am\u00e9nagement complet. Entre la cath\u00e9drale, la pr\u00e9fecture et la halle, la zone va faire peau neuve. Un embellissement n\u00e9cessaire, mais qui ne rassure pas les commer\u00e7ants\u00a0: &#8220;On appr\u00e9hende forc\u00e9ment. On esp\u00e8re que notre fid\u00e8le client\u00e8le sera toujours pr\u00e9sente. Il va falloir tenir bon pendant un an&#8221;, raconte un professionnel qui pr\u00e9f\u00e8re rester anonyme.<\/p>\n<p><!-- Pub DFP Position [article] --><\/p>\n<p><iframe width=\"600\" height=\"450\" style=\"border:0;\" allowfullscreen=\"\" loading=\"lazy\" referrerpolicy=\"no-referrer-when-downgrade\" data-src=\"https:\/\/www.google.com\/maps\/embed?pb=!1m18!1m12!1m3!1d2848.322699311088!2d1.43995007574363!3d44.447053800727296!2m3!1f0!2f0!3f0!3m2!1i1024!2i768!4f13.1!3m3!1m2!1s0x12ac895fe1f6ae15%3A0xda19c6ffbc7fd111!2sPl.%20Jean%20Jacques%20Chapou%2C%2046000%20Cahors!5e0!3m2!1sfr!2sfr!4v1777040333061!5m2!1sfr!2sfr\"><\/iframe><\/p>\n<p>En face de la halle, Aur\u00e9lie Bertrand, co-responsable de Pygmalion, partage le ressenti de ses voisins\u00a0: &#8220;On flippe&#8221;. Elle continue\u00a0: &#8220;Est-ce que c\u2019est le bon moment de faire les travaux\u00a0? On est nombreux \u00e0 avoir achet\u00e9 les collections pour cet hiver, mais on a divis\u00e9 par deux ou trois le stock&#8221;. Pour d\u2019autres, c\u2019est le sentiment de col\u00e8re qui les gagne\u00a0: &#8220;\u00c0 cinq mois du d\u00e9but des travaux, on n\u2019a pas d\u2019informations. On ne sait pas quand et o\u00f9 cela va commencer, je trouve que c\u2019est du m\u00e9pris&#8221;, se d\u00e9sesp\u00e8re Agn\u00e8s, dans sa boutique\u00a0Symbiose.<\/p>\n<p class=\"std-elt__inline\">\n        <strong>\u00c0 lire aussi :<\/strong><br \/>\n        <a href=\"\/2023\/03\/29\/a-cahors-les-commercants-de-la-place-chapou-lancent-une-petition-contre-le-tout-pieton-11095538.php\">\u00c0 Cahors, les commer\u00e7ants de la place Chapou lancent une p\u00e9tition contre le tout pi\u00e9ton<\/a>\n    <\/p>\n<h2 class=\"txt-int\">Un chamboulement pour les \u00e9taliers du march\u00e9<\/h2>\n<p>Ce lieu touristique accueille aussi le march\u00e9 deux fois par semaine, les mardis et samedis matins. Les \u00e9taliers sont eux aussi directement concern\u00e9s, puisqu\u2019ils seront d\u00e9plac\u00e9s le temps du chantier. &#8220;\u00c7a chamboule tout, mais on n\u2019a pas le choix, on est oblig\u00e9s de suivre&#8221;, t\u00e9moigne Laurent sur son stand de produits asiatiques. &#8220;On repart \u00e0 z\u00e9ro. La client\u00e8le va changer parce que notre emplacement aura chang\u00e9. Apr\u00e8s, on peut \u00eatre surpris, peut-\u00eatre qu\u2019on travaillera mieux, comme on sera \u00e0 c\u00f4t\u00e9 du parking souterrain&#8221;, indique une autre \u00e9tali\u00e8re. Ils soulignent aussi un autre aspect des all\u00e9es F\u00e9nelon, c\u2019est la r\u00e9verb\u00e9ration l\u2019\u00e9t\u00e9. &#8220;La place est blanche. D\u00e8s qu\u2019il y a un peu de soleil, il fait tr\u00e8s chaud et d\u00e8s qu\u2019il pleut, \u00e7a glisse&#8221;, explique Corinne Raynoir, d\u00e9l\u00e9gu\u00e9e des producteurs du march\u00e9.<\/p>\n<p class=\"std-elt__inline\">\n        <strong>\u00c0 lire aussi :<\/strong><br \/>\n        <a href=\"\/2026\/04\/21\/vous-chassez-les-voitures-le-projet-autour-du-reamenagement-dune-place-fait-debat-au-conseil-municipal-13335292.php\">&#8220;Vous chassez les voitures\u00a0!&#8221;\u00a0: pourquoi la plus belle place de Cahors est au c\u0153ur d\u2019une pol\u00e9mique au conseil municipal<\/a>\n    <\/p>\n<p>Derni\u00e8re crainte\u00a0: l\u2019apr\u00e8s-chantier. Du mobilier urbain et de la v\u00e9g\u00e9talisation sont notamment pr\u00e9vus, les professionnels craignent ainsi une r\u00e9duction de la place pour leurs stands. &#8220;Il faut revenir avec les m\u00eames conditions de vente. Il ne faut laisser personne sur le carreau, parce qu\u2019un banc ou une fontaine \u00e0 eau g\u00eanerait l\u2019installation&#8221;. Elle insiste\u00a0: &#8220;On veut retrouver l\u2019harmonie qui montre que le march\u00e9 est un lieu convivial&#8221;.<\/p>\n<h2 class=\"txt-int\">Une r\u00e9fection\u00a0n\u00e9cessaire pour l\u2019embellissement de la place<\/h2>\n<p>La plupart des acteurs locaux s\u2019accordent sur un point\u00a0: la r\u00e9fection du site est indispensable. &#8220;Entre les bosses, les trous et les trottoirs, on voit beaucoup de personnes \u00e2g\u00e9es tomber les jours de march\u00e9&#8221;, affirme Corinne Raynoir. &#8220;Quand on voit la cath\u00e9drale et le parking de voitures juste \u00e0 c\u00f4t\u00e9, forc\u00e9ment, les touristes sont parfois un peu d\u00e9\u00e7us. Un beau parvis, \u00e7a ferait la diff\u00e9rence&#8221;, raconte un commer\u00e7ant. Trouver le juste \u00e9quilibre s\u2019annonce comme un v\u00e9ritable d\u00e9fi de longue haleine pour la municipalit\u00e9.<\/p>\n<div class=\"std-frame\">\n<h2 class=\"encart_titre\">La mairie veut rassurer les professionnels<\/h2>\n<div class=\"encart_texte\">\n<p>Contact\u00e9e, la mairie souhaite apporter des pr\u00e9cisions\u00a0: &#8220;Nous avons d\u00e9j\u00e0 fait des communications concernant le d\u00e9but du chantier. On a bien vocation \u00e0 apporter des pr\u00e9cisions sur le d\u00e9roul\u00e9, le phasage, les conditions de mise en \u0153uvre, sous un mois environ&#8221;, indique Vivien Coste. La municipalit\u00e9 attend de ma\u00eetriser tous les \u00e9l\u00e9ments de phasage pour informer les commer\u00e7ants et les \u00e9taliers. L\u2019\u00e9dile rappelle \u00e9galement qu\u2019une commission d\u2019indemnisation amiable sera rapidement mise en place pour &#8220;couvrir les pertes d\u2019exploitation d\u00e8s lors que les pi\u00e8ces comptables et le bilan financier confirmeraient une baisse de chiffre d\u2019affaires&#8221;. Cette commission concernera les commer\u00e7ants impact\u00e9s par le chantier.<\/p>\n<p>Pour la future place, la municipalit\u00e9 assure vouloir trouver un \u00e9quilibre entre les futurs am\u00e9nagements urbains et les installations des \u00e9taliers. &#8220;Il y aura le maintien d\u2019une all\u00e9e centrale. Ils retrouveront leur place ou seront rapproch\u00e9s au plus pr\u00e8s de leur configuration d\u2019origine, c\u2019est la mission du placier&#8221;.<\/p>\n<p>\u00a0<\/p>\n<\/div>\n<\/div><\/div>\n<p><a href=\"https:\/\/www.ladepeche.fr\/2026\/04\/25\/on-ne-sait-pas-quand-et-ou-cela-va-commencer-je-trouve-que-cest-du-mepris-pourquoi-les-futurs-travaux-dune-place-historique-a-cahors-inquietent-les-13338556.php\">source<\/a><\/p>\n","protected":false},"excerpt":{"rendered":"<p>l&#8217;essentiel Le r\u00e9am\u00e9nagement de la place Chapou \u00e0 Cahors suscite autant d\u2019attentes que d\u2019inqui\u00e9tudes. Commer\u00e7ants et \u00e9taliers redoutent une ann\u00e9e de travaux malgr\u00e9 un projet jug\u00e9 indispensable. De son c\u00f4t\u00e9, la mairie temp\u00e8re. Le projet est sur toutes les l\u00e8vres, place Chapou, \u00e0 Cahors. \u00c0 partir du mois de septembre, un\u00a0chantier va s\u2019installer sur cette [&hellip;]<\/p>\n","protected":false},"author":1,"featured_media":129567,"comment_status":"open","ping_status":"open","sticky":false,"template":"","format":"standard","meta":{"_monsterinsights_skip_tracking":false,"_monsterinsights_sitenote_active":false,"_monsterinsights_sitenote_note":"","_monsterinsights_sitenote_category":0,"footnotes":""},"categories":[74],"tags":[],"coauthors":[77],"class_list":["post-129566","post","type-post","status-publish","format-standard","has-post-thumbnail","hentry","category-economie"],"aioseo_notices":[],"_links":{"self":[{"href":"https:\/\/pressactu.com\/index.php?rest_route=\/wp\/v2\/posts\/129566","targetHints":{"allow":["GET"]}}],"collection":[{"href":"https:\/\/pressactu.com\/index.php?rest_route=\/wp\/v2\/posts"}],"about":[{"href":"https:\/\/pressactu.com\/index.php?rest_route=\/wp\/v2\/types\/post"}],"author":[{"embeddable":true,"href":"https:\/\/pressactu.com\/index.php?rest_route=\/wp\/v2\/users\/1"}],"replies":[{"embeddable":true,"href":"https:\/\/pressactu.com\/index.php?rest_route=%2Fwp%2Fv2%2Fcomments&post=129566"}],"version-history":[{"count":0,"href":"https:\/\/pressactu.com\/index.php?rest_route=\/wp\/v2\/posts\/129566\/revisions"}],"wp:featuredmedia":[{"embeddable":true,"href":"https:\/\/pressactu.com\/index.php?rest_route=\/wp\/v2\/media\/129567"}],"wp:attachment":[{"href":"https:\/\/pressactu.com\/index.php?rest_route=%2Fwp%2Fv2%2Fmedia&parent=129566"}],"wp:term":[{"taxonomy":"category","embeddable":true,"href":"https:\/\/pressactu.com\/index.php?rest_route=%2Fwp%2Fv2%2Fcategories&post=129566"},{"taxonomy":"post_tag","embeddable":true,"href":"https:\/\/pressactu.com\/index.php?rest_route=%2Fwp%2Fv2%2Ftags&post=129566"},{"taxonomy":"author","embeddable":true,"href":"https:\/\/pressactu.com\/index.php?rest_route=%2Fwp%2Fv2%2Fcoauthors&post=129566"}],"curies":[{"name":"wp","href":"https:\/\/api.w.org\/{rel}","templated":true}]}}