{"id":129560,"date":"2026-04-25T16:16:43","date_gmt":"2026-04-25T16:16:43","guid":{"rendered":"https:\/\/pressactu.com\/?p=129560"},"modified":"2026-04-25T16:16:43","modified_gmt":"2026-04-25T16:16:43","slug":"lobjectif-cest-de-se-retrouver-20-equipes-de-pompiers-reunies-pour-un-tournoi-inedit-de-padel-pres-dagen","status":"publish","type":"post","link":"https:\/\/pressactu.com\/?p=129560","title":{"rendered":"&quot;L\u2019objectif, c\u2019est de se retrouver&quot;\u00a0: 20 \u00e9quipes de pompiers r\u00e9unies pour un tournoi in\u00e9dit de padel pr\u00e8s d\u2019Agen"},"content":{"rendered":"<p>\n                                                                    <span class=\"article-full__chapo-label hide-on-small-only\">l&#8217;essentiel<\/span><br \/>\n                                                                Raquettes en main et esprit d\u2019\u00e9quipe au premier plan\u00a0: les pompiers du Lot-et-Garonne ont troqu\u00e9 les interventions pour les pistes de padel, jeudi 23\u00a0avril, au complexe Padel Plus d\u2019Estillac, \u00e0 l\u2019occasion du tout premier tournoi d\u00e9partemental inter-pompiers.\n                            <\/p>\n<div rel=\"js-article-content\" data-state=\"fixed-height\" data-selection=\"disabled\">\n                                                                                                                            <!-- Pub DFP Position [outstream] --><\/p>\n<p align=\"justify\">Ce Jeudi 23\u00a0avril au soir, les sir\u00e8nes ont laiss\u00e9 place aux \u00e9changes de balles. Sur les pistes de Padel Plus, une vingtaine d\u2019\u00e9quipes de pompiers venues de tout le d\u00e9partement se sont retrouv\u00e9es pour la toute premi\u00e8re \u00e9dition in\u00e9dite. Un format simple, pens\u00e9 par l\u2019amicale\u00a0: jouer, se rencontrer, et partager un moment diff\u00e9rent du quotidien de la caserne.<\/p>\n<p><!-- Pub DFP Position [article] --><\/p>\n<div class=\"center-align\" rel=\"js-article-inline-img\" data-protec-aida=\"image\">\n<figure class=\"std-img\" data-src=\"https:\/\/images.ladepeche.fr\/api\/v1\/images\/view\/69eb7ff1ae0eb603460f9d90\/original\/image.jpg?v=1\">\n        <img decoding=\"async\" class=\"std-img__img responsive-img\" src=\"http:\/\/pressactu.com\/wp-content\/uploads\/2026\/04\/1777133802_67_image.jpg?v=1\" alt=\"En pleine finale, les joueurs restent concentr\u00e9s sur chaque point dans un match disput\u00e9.\"\/><figcaption class=\"article-full__media-infos\">\n                <span class=\"article-full__media-legend\">En pleine finale, les joueurs restent concentr\u00e9s sur chaque point dans un match disput\u00e9.<\/span><br \/>\n                                    <span class=\"article-full__media-author\">Photo &#8211; D.P<\/span><br \/>\n                            <\/figcaption><\/figure>\n<\/div>\n<p>\nOrganis\u00e9 par l\u2019Amicale des sapeurs-pompiers du Passage, l\u2019\u00e9v\u00e9nement marque une premi\u00e8re dans le d\u00e9partement. Le principe est simple\u00a0: troquer, le temps d\u2019une soir\u00e9e, les interventions pour des raquettes, dans un format par \u00e9quipes r\u00e9parties sur plusieurs terrains simultan\u00e9ment. De quoi faire vivre le site au rythme des \u00e9changes et des encouragements.<\/p>\n<p class=\"std-elt__inline\">\n        <strong>\u00c0 lire aussi :<\/strong><br \/>\n        <a href=\"\/2026\/04\/24\/portrait-le-niveau-est-enorme-mais-cest-une-experience-a-prendre-cette-lot-et-garonnaise-face-aux-meilleures-joueuses-au-tournoi-national-de-padel-13338385.php\">PORTRAIT. &#8220;Le niveau est \u00e9norme, mais c\u2019est une exp\u00e9rience \u00e0 prendre&#8221;\u00a0: cette Lot-et-Garonnaise face aux meilleures joueuses au tournoi national de padel pr\u00e8s d\u2019Agen<\/a>\n    <\/p>\n<p align=\"justify\">D\u00e8s les premiers \u00e9changes, l\u2019ambiance donne le ton. On s\u2019encourage, on se chambre, on rit entre deux points. &#8220;L\u2019id\u00e9e, c\u2019est vraiment de passer un bon moment ensemble&#8221;, glisse David Ribreau, organisateur, en regardant les matchs s\u2019encha\u00eener sans enjeu excessif.<\/p>\n<h2 class=\"txt-int\">Sur le terrain, les grades disparaissent<\/h2>\n<p>Sur les pistes, les r\u00f4les s\u2019effacent. Pompiers volontaires, professionnels, jeunes recrues ou anciens du centre jouent c\u00f4te \u00e0 c\u00f4te. Et ici, pas de hi\u00e9rarchie qui tienne. Une vol\u00e9e rat\u00e9e d\u00e9clenche les m\u00eames sourires qu\u2019un point gagnant.<br \/>&#8220;On se croise au travail, mais l\u00e0 on se d\u00e9couvre autrement&#8221;, raconte l\u2019un des participants, L\u00e9o Bastien, encore essouffl\u00e9 apr\u00e8s un \u00e9change disput\u00e9. Les \u00e9quipes sont parfois improvis\u00e9es, les automatismes pas toujours l\u00e0, mais l\u2019\u00e9nergie collective compense largement.<\/p>\n<h2 class=\"txt-int\">Des vies bien remplies derri\u00e8re les casques<\/h2>\n<p>En dehors du tournoi, les journ\u00e9es sont charg\u00e9es. Entre gardes, interventions et vies professionnelles, les pompiers jonglent avec des plannings serr\u00e9s. Certains cumulent m\u00eame plusieurs casquettes, entre m\u00e9tiers techniques, engagement associatif et service op\u00e9rationnel.<\/p>\n<div class=\"center-align\" rel=\"js-article-inline-img\" data-protec-aida=\"image\">\n<figure class=\"std-img\" data-src=\"https:\/\/images.ladepeche.fr\/api\/v1\/images\/view\/69eb80fb4a0b9465280a5974\/original\/image.jpg?v=1\">\n        <img decoding=\"async\" class=\"std-img__img responsive-img\" src=\"http:\/\/pressactu.com\/wp-content\/uploads\/2026\/04\/1777133802_37_image.jpg?v=1\" alt=\"Les deux co\u00e9quipiers pompiers, Sylvain et Hugo, ont remport\u00e9 le tournoi des pompiers du Lot-et-Garonne.\"\/><figcaption class=\"article-full__media-infos\">\n                <span class=\"article-full__media-legend\">Les deux co\u00e9quipiers pompiers, Sylvain et Hugo, ont remport\u00e9 le tournoi des pompiers du Lot-et-Garonne.<\/span><br \/>\n                                    <span class=\"article-full__media-author\">Photo &#8211; D.P<\/span><br \/>\n                            <\/figcaption><\/figure>\n<\/div>\n<p class=\"std-elt__inline\">\n        <strong>\u00c0 lire aussi :<\/strong><br \/>\n        <a href=\"\/2026\/04\/23\/portrait-ca-va-etre-dur-mais-je-releve-le-defi-elle-sentraine-a-agen-et-va-faire-face-aux-meilleures-joueuses-au-tournoi-national-de-padel-13328557.php\">PORTRAIT. &#8220;\u00c7a va \u00eatre dur, mais je rel\u00e8ve le d\u00e9fi&#8221;\u00a0: elle s\u2019entra\u00eene \u00e0 Agen et va faire face aux meilleures joueuses au tournoi national de padel<\/a>\n    <\/p>\n<p>&#8220;On est tout le temps pris, mais on fait avec&#8221;, confie R\u00e9mi Mazat. Le padel s\u2019ajoute alors comme une parenth\u00e8se, parfois difficile \u00e0 caler, mais pr\u00e9cieuse pour souffler et garder un lien entre coll\u00e8gues.<\/p>\n<h2 class=\"txt-int\">Une ambiance qui d\u00e9passe le sport<\/h2>\n<p>Au fil de la soir\u00e9e, la comp\u00e9tition passe au second plan. Les matchs laissent place aux discussions sur le bord des terrains, puis \u00e0 un moment partag\u00e9 autour d\u2019un ap\u00e9ritif commun. L\u2019ambiance change, mais reste fid\u00e8le \u00e0 l\u2019objectif initial\u00a0: rassembler.<\/p>\n<p class=\"std-elt__inline\">\n        <strong>\u00c0 lire aussi :<\/strong><br \/>\n        <a href=\"\/2026\/04\/16\/a-ce-niveau-la-cest-du-spectacle-quel-est-ce-tournoi-national-feminin-de-padel-inedit-en-lot-et-garonne-13326835.php\">&#8220;\u00c0 ce niveau-l\u00e0, c\u2019est du spectacle&#8221;\u00a0: quel est ce tournoi national f\u00e9minin de padel in\u00e9dit en Lot-et-Garonne\u00a0?<\/a>\n    <\/p>\n<p>&#8220;On est l\u00e0 pour jouer, mais aussi pour se voir autrement que dans l\u2019urgence&#8221;, r\u00e9sume Fr\u00e9d\u00e9ric Bourgade, en rangeant sa raquette. Dans un quotidien marqu\u00e9 par la r\u00e9activit\u00e9 et parfois la tension, ces instants collectifs deviennent un \u00e9quilibre \u00e0 part enti\u00e8re.<\/p>\n<\/p><\/div>\n<p><a href=\"https:\/\/www.ladepeche.fr\/2026\/04\/25\/lobjectif-cest-de-se-retrouver-20-equipes-de-pompiers-reunies-pour-un-tournoi-inedit-de-padel-pres-dagen-13342066.php\">source<\/a><\/p>\n","protected":false},"excerpt":{"rendered":"<p>l&#8217;essentiel Raquettes en main et esprit d\u2019\u00e9quipe au premier plan\u00a0: les pompiers du Lot-et-Garonne ont troqu\u00e9 les interventions pour les pistes de padel, jeudi 23\u00a0avril, au complexe Padel Plus d\u2019Estillac, \u00e0 l\u2019occasion du tout premier tournoi d\u00e9partemental inter-pompiers. Ce Jeudi 23\u00a0avril au soir, les sir\u00e8nes ont laiss\u00e9 place aux \u00e9changes de balles. Sur les pistes [&hellip;]<\/p>\n","protected":false},"author":1,"featured_media":129561,"comment_status":"open","ping_status":"open","sticky":false,"template":"","format":"standard","meta":{"_monsterinsights_skip_tracking":false,"_monsterinsights_sitenote_active":false,"_monsterinsights_sitenote_note":"","_monsterinsights_sitenote_category":0,"footnotes":""},"categories":[71],"tags":[],"coauthors":[77],"class_list":["post-129560","post","type-post","status-publish","format-standard","has-post-thumbnail","hentry","category-sport"],"aioseo_notices":[],"_links":{"self":[{"href":"https:\/\/pressactu.com\/index.php?rest_route=\/wp\/v2\/posts\/129560","targetHints":{"allow":["GET"]}}],"collection":[{"href":"https:\/\/pressactu.com\/index.php?rest_route=\/wp\/v2\/posts"}],"about":[{"href":"https:\/\/pressactu.com\/index.php?rest_route=\/wp\/v2\/types\/post"}],"author":[{"embeddable":true,"href":"https:\/\/pressactu.com\/index.php?rest_route=\/wp\/v2\/users\/1"}],"replies":[{"embeddable":true,"href":"https:\/\/pressactu.com\/index.php?rest_route=%2Fwp%2Fv2%2Fcomments&post=129560"}],"version-history":[{"count":0,"href":"https:\/\/pressactu.com\/index.php?rest_route=\/wp\/v2\/posts\/129560\/revisions"}],"wp:featuredmedia":[{"embeddable":true,"href":"https:\/\/pressactu.com\/index.php?rest_route=\/wp\/v2\/media\/129561"}],"wp:attachment":[{"href":"https:\/\/pressactu.com\/index.php?rest_route=%2Fwp%2Fv2%2Fmedia&parent=129560"}],"wp:term":[{"taxonomy":"category","embeddable":true,"href":"https:\/\/pressactu.com\/index.php?rest_route=%2Fwp%2Fv2%2Fcategories&post=129560"},{"taxonomy":"post_tag","embeddable":true,"href":"https:\/\/pressactu.com\/index.php?rest_route=%2Fwp%2Fv2%2Ftags&post=129560"},{"taxonomy":"author","embeddable":true,"href":"https:\/\/pressactu.com\/index.php?rest_route=%2Fwp%2Fv2%2Fcoauthors&post=129560"}],"curies":[{"name":"wp","href":"https:\/\/api.w.org\/{rel}","templated":true}]}}