{"id":129517,"date":"2026-04-25T06:45:11","date_gmt":"2026-04-25T06:45:11","guid":{"rendered":"https:\/\/pressactu.com\/?p=129517"},"modified":"2026-04-25T06:45:11","modified_gmt":"2026-04-25T06:45:11","slug":"il-senferme-un-mois-en-cage-dans-lattente-de-son-proces-la-performance-insolite-de-cet-artiste-toulousain-place-de-la-daurade","status":"publish","type":"post","link":"https:\/\/pressactu.com\/?p=129517","title":{"rendered":"Il s\u2019enferme un mois en cage dans l\u2019attente de son proc\u00e8s\u2026 La performance insolite de cet artiste toulousain place de la Daurade"},"content":{"rendered":"<p>\n                                                                    <span class=\"article-full__chapo-label hide-on-small-only\">l&#8217;essentiel<\/span><br \/>\n                                                                D\u00e8s lundi 27\u00a0avril, et pendant un mois, l\u2019artiste toulousain Damien Aspe s\u2019enferme dans une cage en vitrine de sa galerie, place de la Daurade. Il performera sa propre d\u00e9tention, \u00e0 la vue des passants, en attendant de compara\u00eetre le 27\u00a0mai devant le tribunal judiciaire de Toulouse face aux g\u00e9ants du num\u00e9rique.\n                            <\/p>\n<div rel=\"js-article-content\" data-state=\"fixed-height\" data-selection=\"disabled\">\n                                                                                                                            <!-- Pub DFP Position [outstream] --><\/p>\n<p>Lundi 27\u00a0avril \u00e0 14\u00a0h, Damien Aspe enfile sa combinaison orange frapp\u00e9e de l\u2019inscription &#8220;GAFAM Penitentiary&#8221;, en r\u00e9f\u00e9rence aux &#8220;prisonniers des GAFAM* que nous\u00a0sommes tous&#8221;, selon lui.<\/p>\n<p><!-- Pub DFP Position [article] --><\/p>\n<h2 class=\"txt-int\">Une cage de 2m\u00b2 pour incarner notre prison virtuelle<\/h2>\n<p>L\u2019artiste plasticien toulousain, ayant commenc\u00e9 sa carri\u00e8re en tant que photographe, s\u2019enferme\u00a0dans une cage carr\u00e9e de 2 m\u00b2. Ses dimensions ne doivent rien au hasard\u00a0: elles correspondent au ratio qu\u2019il a calcul\u00e9\u00a0de m\u00e8tres carr\u00e9s par d\u00e9tenu dans les prisons fran\u00e7aises surpeupl\u00e9es.\u00a0Sur sa poitrine, un num\u00e9ro IMEI, num\u00e9ro\u00a0de son t\u00e9l\u00e9phone, est\u00a0d\u00e9tourn\u00e9 en matricule p\u00e9nitentiaire.<\/p>\n<div class=\"center-align\" rel=\"js-article-inline-img\" data-protec-aida=\"image\">\n<figure class=\"std-img\" data-src=\"https:\/\/images.ladepeche.fr\/api\/v1\/images\/view\/69eb3df2926cad9d690704bc\/original\/image.jpg?v=1\">\n        <img decoding=\"async\" class=\"std-img__img responsive-img\" src=\"http:\/\/pressactu.com\/wp-content\/uploads\/2026\/04\/1777099511_649_image.jpg?v=1\" alt=\"L\u2019artiste toulousain Damien Aspe s\u2019enferme dans un cage 2x2m au sein m\u00eame de la galerie Inessential Space (Place de la Daurade) comme les prisonniers que nous serions tous face aux GAFAM, selon lui\"\/><figcaption class=\"article-full__media-infos\">\n                <span class=\"article-full__media-legend\">L\u2019artiste toulousain Damien Aspe s\u2019enferme dans un cage 2x2m au sein m\u00eame de la galerie Inessential Space (Place de la Daurade) comme les prisonniers que nous serions tous face aux GAFAM, selon lui<\/span><br \/>\n                                    <span class=\"article-full__media-author\">Damien Aspe<\/span><br \/>\n                            <\/figcaption><\/figure>\n<\/div>\n<p>Pour Aspe, la m\u00e9taphore carc\u00e9rale est on ne peut plus r\u00e9elle. Il affirme\u00a0: &#8220;Les GAFAM vous offrent\u00a0un service gratuit, mais il ne l\u2019est pas. L\u2019\u00e9change, c\u2019est vous surveiller, vous espionner, avoir acc\u00e8s \u00e0 vos donn\u00e9es. Nous sommes tous des prisonniers des GAFAM.&#8221;<\/p>\n<p class=\"std-elt__inline\">\n        <strong>\u00c0 lire aussi :<\/strong><br \/>\n        <a href=\"\/2026\/04\/21\/son-employeur-lui-refuse-ses-conges-pendant-vingt-cinq-ans-et-le-licencie-la-justice-lui-accorde-460-000-euros-13336232.php\">Son employeur lui refuse ses cong\u00e9s pendant vingt-cinq ans et le licencie, la justice lui accorde 460 000 euros<\/a>\n    <\/p>\n<p>Expos\u00e9 jour et nuit aux regards des passants, l\u2019artiste mat\u00e9rialisera cette fronti\u00e8re trouble entre espace priv\u00e9 et espace public. Des visiteurs inconnus\u00a0pourront m\u00eame lui parler lors de ses pauses au parloir.<\/p>\n<h2 class=\"txt-int\">Son proc\u00e8s, ou le n\u00f4tre\u00a0?<\/h2>\n<p>\u00c0 l\u2019origine de la performance\u00a0: une image g\u00e9n\u00e9r\u00e9e par IA\u00a0inspir\u00e9e de\u00a0&#8220;La Libert\u00e9 guidant le peuple&#8221; d\u2019Eug\u00e8ne Delacroix, baptis\u00e9e par l\u2019artiste &#8220;L\u2019Autocratie guidant ses ouailles&#8221;<em>, <\/em>censur\u00e9e automatiquement par les algorithmes des plateformes.<\/p>\n<blockquote data-instgrm-captioned=\"\" data-instgrm-permalink=\"https:\/\/www.instagram.com\/reel\/C2sbbYErdnI\/?utm_source=ig_embed&amp;utm_campaign=loading\" data-instgrm-version=\"14\" style=\" background:#FFF; border:0; border-radius:3px; box-shadow:0 0 1px 0 rgba(0,0,0,0.5),0 1px 10px 0 rgba(0,0,0,0.15); margin: 1px; max-width:540px; min-width:326px; padding:0; width:99.375%; width:-webkit-calc(100% - 2px); width:calc(100% - 2px);\" data-class=\"instagram-media\"\/>\n<p>De cette interdiction na\u00eet une assignation \u00e0 compara\u00eetre devant le Tribunal judiciaire de Toulouse, le mercredi 27\u00a0mai \u00e0 14\u00a0h, en audience publique de la cour correctionnelle.<\/p>\n<p>\u00a0<\/p>\n<p>Juges, avocats et experts y d\u00e9battront de propri\u00e9t\u00e9 intellectuelle, de libert\u00e9 d\u2019expression et de droit \u00e0 la censure. Ce proc\u00e8s va &#8220;anticiper ce qui va se passer dans quelques ann\u00e9es&#8221;. &#8220;On va essayer de voir quelles en sont les r\u00e9ponses juridiques&#8221;, consid\u00e8re-t-il.<\/p>\n<p class=\"std-elt__inline\">\n        <strong>\u00c0 lire aussi :<\/strong><br \/>\n        <a href=\"\/2026\/04\/24\/lart-en-partage-a-toulouse-une-expo-locale-engagee-pour-les-enfants-hospitalises-13341572.php\">&#8220;L\u2019art en partage&#8221;\u00a0: \u00e0 Toulouse, une expo locale engag\u00e9e pour les enfants hospitalis\u00e9s<\/a>\n    <\/p>\n<p>Une question subsiste\u00a0: est-ce bien\u00a0son proc\u00e8s ou celui des g\u00e9ants du num\u00e9rique\u00a0? \u00c0 la question, Damien Aspe rit aux \u00e9clats, et donne une r\u00e9ponse\u00a0aussi trouble que lucide\u00a0: &#8220;C\u2019est le n\u00f4tre \u00e0 tous, peut-\u00eatre.&#8221;\u00a0Et il va plus loin sur la pens\u00e9e unique\u00a0: &#8220;Les algorithmes des plateformes num\u00e9riques font que vous \u00eates canalis\u00e9s dans un seul syst\u00e8me de pens\u00e9e. C\u2019est une manipulation mentale.&#8221;<\/p>\n<p>Une phrase r\u00e9sume sa conviction de longue date\u00a0: &#8220;Qui ma\u00eetrise le num\u00e9rique ma\u00eetrisera le monde. \u00c7a y est, nous y sommes.&#8221;<\/p>\n<footer class=\"txt-note\">\n<p>Du lundi 27\u00a0avril \u00e0 partir de 14\u00a0h au mercredi 27\u00a0mai, \u00e0 la galerie Inessential Space, \u00e0 Toulouse. Proc\u00e8s en public de Damien Aspe face aux GAFAM\u00a0au Tribunal Judiciaire de Toulouse mercredi 27\u00a0mai \u00e0 partir de 14\u00a0h.<\/p>\n<p>*GAFAM\u00a0: ces lettres font r\u00e9f\u00e9rence aux cinq plus grosses entreprises du secteur, Google, Apple, Facebook, Amazon\u00a0et Microsoft.<\/p>\n<p>\u00a0<\/p>\n<p>\u00a0<\/p>\n<\/footer><\/div>\n<p><a href=\"https:\/\/www.ladepeche.fr\/2026\/04\/24\/il-senferme-un-mois-en-cage-dans-lattente-de-son-proces-la-performance-insolite-de-cet-artiste-toulousain-place-de-la-daurade-13341684.php\">source<\/a><\/p>\n","protected":false},"excerpt":{"rendered":"<p>l&#8217;essentiel D\u00e8s lundi 27\u00a0avril, et pendant un mois, l\u2019artiste toulousain Damien Aspe s\u2019enferme dans une cage en vitrine de sa galerie, place de la Daurade. Il performera sa propre d\u00e9tention, \u00e0 la vue des passants, en attendant de compara\u00eetre le 27\u00a0mai devant le tribunal judiciaire de Toulouse face aux g\u00e9ants du num\u00e9rique. Lundi 27\u00a0avril \u00e0 [&hellip;]<\/p>\n","protected":false},"author":1,"featured_media":129518,"comment_status":"open","ping_status":"open","sticky":false,"template":"","format":"standard","meta":{"_monsterinsights_skip_tracking":false,"_monsterinsights_sitenote_active":false,"_monsterinsights_sitenote_note":"","_monsterinsights_sitenote_category":0,"footnotes":""},"categories":[74],"tags":[],"coauthors":[77],"class_list":["post-129517","post","type-post","status-publish","format-standard","has-post-thumbnail","hentry","category-economie"],"aioseo_notices":[],"_links":{"self":[{"href":"https:\/\/pressactu.com\/index.php?rest_route=\/wp\/v2\/posts\/129517","targetHints":{"allow":["GET"]}}],"collection":[{"href":"https:\/\/pressactu.com\/index.php?rest_route=\/wp\/v2\/posts"}],"about":[{"href":"https:\/\/pressactu.com\/index.php?rest_route=\/wp\/v2\/types\/post"}],"author":[{"embeddable":true,"href":"https:\/\/pressactu.com\/index.php?rest_route=\/wp\/v2\/users\/1"}],"replies":[{"embeddable":true,"href":"https:\/\/pressactu.com\/index.php?rest_route=%2Fwp%2Fv2%2Fcomments&post=129517"}],"version-history":[{"count":0,"href":"https:\/\/pressactu.com\/index.php?rest_route=\/wp\/v2\/posts\/129517\/revisions"}],"wp:featuredmedia":[{"embeddable":true,"href":"https:\/\/pressactu.com\/index.php?rest_route=\/wp\/v2\/media\/129518"}],"wp:attachment":[{"href":"https:\/\/pressactu.com\/index.php?rest_route=%2Fwp%2Fv2%2Fmedia&parent=129517"}],"wp:term":[{"taxonomy":"category","embeddable":true,"href":"https:\/\/pressactu.com\/index.php?rest_route=%2Fwp%2Fv2%2Fcategories&post=129517"},{"taxonomy":"post_tag","embeddable":true,"href":"https:\/\/pressactu.com\/index.php?rest_route=%2Fwp%2Fv2%2Ftags&post=129517"},{"taxonomy":"author","embeddable":true,"href":"https:\/\/pressactu.com\/index.php?rest_route=%2Fwp%2Fv2%2Fcoauthors&post=129517"}],"curies":[{"name":"wp","href":"https:\/\/api.w.org\/{rel}","templated":true}]}}