{"id":129512,"date":"2026-04-25T06:15:01","date_gmt":"2026-04-25T06:15:01","guid":{"rendered":"https:\/\/pressactu.com\/?p=129512"},"modified":"2026-04-25T06:15:01","modified_gmt":"2026-04-25T06:15:01","slug":"jai-frole-la-mort-le-maire-dun-petit-village-de-laude-violemment-agresse-en-voulant-porter-secours-a-un-inconnu","status":"publish","type":"post","link":"https:\/\/pressactu.com\/?p=129512","title":{"rendered":"&quot;J\u2019ai fr\u00f4l\u00e9 la mort&quot; : le maire d\u2019un petit village de l\u2019Aude violemment agress\u00e9 en voulant porter secours \u00e0 un inconnu"},"content":{"rendered":"<p>\n                                                                    <span class=\"article-full__chapo-label hide-on-small-only\">l&#8217;essentiel<\/span><br \/>\n                                                                Alors qu\u2019il tentait de porter secours \u00e0 un homme en d\u00e9tresse, le maire de Saint-Frichoux, Serge B\u00e9rard, a \u00e9t\u00e9 violemment agress\u00e9 ce jeudi. Son agresseur serait vis\u00e9 par un mandat d\u2019arr\u00eat international.\n                            <\/p>\n<div rel=\"js-article-content\">\n                                                                                                                            <!-- Pub DFP Position [outstream] --><\/p>\n<p>Le paisible quotidien de Saint-Frichoux, petit village de 224 \u00e2mes situ\u00e9 au nord-est de Carcassonne, a \u00e9t\u00e9 brutalement interrompu ce jeudi 23 avril. Serge B\u00e9rard, maire de la commune depuis six ans et r\u00e9\u00e9lu en mars dernier, a \u00e9t\u00e9 la cible d&#8217;une agression d&#8217;une rare violence alors qu&#8217;il portait assistance \u00e0 un homme qu&#8217;il pensait en d\u00e9tresse, raconte <a href=\"https:\/\/www.lindependant.fr\/2026\/04\/24\/jai-vu-la-mort-de-tout-pres-agresse-dans-son-village-de-saint-frichoux-pres-de-carcassonne-serge-berard-temoigne-13341861.php\" target=\"_blank\"><em>L\u2019Ind\u00e9pendant<\/em><\/a>.<\/p>\n<p><!-- Pub DFP Position [article] --><\/p>\n<p>Dans un t\u00e9moignage recueilli par nos confr\u00e8res, l\u2019\u00e9lu revient sur ce choc. &#8220;Je ne le connaissais pas. Il s\u2019est lev\u00e9 et il m\u2019a frapp\u00e9 avec des cailloux. J\u2019avais face \u00e0 moi une b\u00eate, un sauvage. Il m\u2019a ensuite \u00e9trangl\u00e9. J\u2019ai fr\u00f4l\u00e9 la mort, je le sais, je l\u2019ai vue en tout cas de tr\u00e8s pr\u00e8s&#8221;, raconte\u00a0Serge B\u00e9rard.<\/p>\n<p class=\"std-elt__inline\">\n        <strong>\u00c0 lire aussi :<\/strong><br \/>\n        <a href=\"\/2026\/03\/26\/a-partir-de-la-cetait-un-lynchage-il-denonce-un-bizutage-a-caractere-sexuel-a-ses-superieurs-lagent-de-mairie-harcele-et-agresse-a-son-tour-13292045.php\">&#8220;\u00c0 partir de l\u00e0, c\u2019\u00e9tait un lynchage&#8221;\u00a0: il d\u00e9nonce un bizutage \u00e0 caract\u00e8re sexuel \u00e0 ses sup\u00e9rieurs, l\u2019agent de mairie harcel\u00e9 et agress\u00e9 \u00e0 son tour<\/a>\n    <\/p>\n<p>Avant de se consacrer \u00e0 la gestion municipale, Serge B\u00e9rard \u00e9tait une figure bien \u00e9tablie dans le tissu \u00e9conomique local, ayant notamment tenu plusieurs restaurants entre Carcassonne et Tr\u00e8bes, \u00e9tablissements o\u00f9 son sens du contact humain \u00e9tait particuli\u00e8rement appr\u00e9ci\u00e9. C\u2019est cette m\u00eame volont\u00e9 de servir les autres qui l\u2019a pouss\u00e9, ce jeudi, \u00e0 aller vers cet inconnu gisant au sol, ignorant qu\u2019il s\u2019exposait \u00e0 un p\u00e9ril mortel.<\/p>\n<h2 class=\"txt-int\">Une enqu\u00eate en cours<\/h2>\n<p>Apr\u00e8s avoir \u00e9t\u00e9 hospitalis\u00e9 pour des traumatismes cr\u00e2niens et avoir re\u00e7u plusieurs points de suture, le maire a pu retrouver son domicile. Bien qu\u2019\u00e9prouv\u00e9, il a tenu \u00e0 saluer le soutien re\u00e7u, notamment de la part de la pr\u00e9fecture et d\u2019\u00c9ric Menassi, pr\u00e9sident de l\u2019Association des maires de l\u2019Aude. &#8220;Je refais surface mais c\u2019est tr\u00e8s difficile de vivre cela. C\u2019est la vie.&#8221;<\/p>\n<p class=\"std-elt__inline\">\n        <strong>\u00c0 lire aussi :<\/strong><br \/>\n        <a href=\"\/2026\/03\/20\/je-nai-jamais-frappe-sa-femme-et-le-maire-lhomme-qui-a-agresse-ledile-a-la-sortie-du-bureau-de-vote-livre-sa-version-des-faits-13281029.php\">&#8220;Je n\u2019ai jamais frapp\u00e9 sa femme et le maire&#8221;\u00a0: l\u2019homme qui a agress\u00e9 l\u2019\u00e9dile \u00e0 la sortie du bureau de vote livre sa version des faits<\/a>\n    <\/p>\n<p>Une plainte a \u00e9t\u00e9 d\u00e9pos\u00e9e ce vendredi 24 avril aupr\u00e8s de la gendarmerie de Tr\u00e8bes. Selon les informations d\u00e9voil\u00e9es par nos confr\u00e8res, l&#8217;agresseur, de nationalit\u00e9 allemande, \u00e9tait d\u00e9j\u00e0 recherch\u00e9 par les autorit\u00e9s de son pays via un mandat d&#8217;arr\u00eat international pour des faits de violence.<\/p>\n<\/p><\/div>\n<p><a href=\"https:\/\/www.ladepeche.fr\/2026\/04\/24\/jai-frole-la-mort-le-maire-dun-petit-village-de-laude-violemment-agresse-en-voulant-porter-secours-a-un-inconnu-13342199.php\">source<\/a><\/p>\n","protected":false},"excerpt":{"rendered":"<p>l&#8217;essentiel Alors qu\u2019il tentait de porter secours \u00e0 un homme en d\u00e9tresse, le maire de Saint-Frichoux, Serge B\u00e9rard, a \u00e9t\u00e9 violemment agress\u00e9 ce jeudi. Son agresseur serait vis\u00e9 par un mandat d\u2019arr\u00eat international. Le paisible quotidien de Saint-Frichoux, petit village de 224 \u00e2mes situ\u00e9 au nord-est de Carcassonne, a \u00e9t\u00e9 brutalement interrompu ce jeudi 23 [&hellip;]<\/p>\n","protected":false},"author":1,"featured_media":129513,"comment_status":"open","ping_status":"open","sticky":false,"template":"","format":"standard","meta":{"_monsterinsights_skip_tracking":false,"_monsterinsights_sitenote_active":false,"_monsterinsights_sitenote_note":"","_monsterinsights_sitenote_category":0,"footnotes":""},"categories":[1],"tags":[],"coauthors":[77],"class_list":["post-129512","post","type-post","status-publish","format-standard","has-post-thumbnail","hentry","category-a-la-une"],"aioseo_notices":[],"_links":{"self":[{"href":"https:\/\/pressactu.com\/index.php?rest_route=\/wp\/v2\/posts\/129512","targetHints":{"allow":["GET"]}}],"collection":[{"href":"https:\/\/pressactu.com\/index.php?rest_route=\/wp\/v2\/posts"}],"about":[{"href":"https:\/\/pressactu.com\/index.php?rest_route=\/wp\/v2\/types\/post"}],"author":[{"embeddable":true,"href":"https:\/\/pressactu.com\/index.php?rest_route=\/wp\/v2\/users\/1"}],"replies":[{"embeddable":true,"href":"https:\/\/pressactu.com\/index.php?rest_route=%2Fwp%2Fv2%2Fcomments&post=129512"}],"version-history":[{"count":0,"href":"https:\/\/pressactu.com\/index.php?rest_route=\/wp\/v2\/posts\/129512\/revisions"}],"wp:featuredmedia":[{"embeddable":true,"href":"https:\/\/pressactu.com\/index.php?rest_route=\/wp\/v2\/media\/129513"}],"wp:attachment":[{"href":"https:\/\/pressactu.com\/index.php?rest_route=%2Fwp%2Fv2%2Fmedia&parent=129512"}],"wp:term":[{"taxonomy":"category","embeddable":true,"href":"https:\/\/pressactu.com\/index.php?rest_route=%2Fwp%2Fv2%2Fcategories&post=129512"},{"taxonomy":"post_tag","embeddable":true,"href":"https:\/\/pressactu.com\/index.php?rest_route=%2Fwp%2Fv2%2Ftags&post=129512"},{"taxonomy":"author","embeddable":true,"href":"https:\/\/pressactu.com\/index.php?rest_route=%2Fwp%2Fv2%2Fcoauthors&post=129512"}],"curies":[{"name":"wp","href":"https:\/\/api.w.org\/{rel}","templated":true}]}}