{"id":129510,"date":"2026-04-25T06:13:46","date_gmt":"2026-04-25T06:13:46","guid":{"rendered":"https:\/\/pressactu.com\/?p=129510"},"modified":"2026-04-25T06:13:46","modified_gmt":"2026-04-25T06:13:46","slug":"entretien-blagnac-je-vais-donner-mes-dernieres-forces-dans-la-bataille-afin-davoir-la-plus-belle-des-sorties-annonce-nekelo-tolofua-pour-larret-de-sa-car","status":"publish","type":"post","link":"https:\/\/pressactu.com\/?p=129510","title":{"rendered":"ENTRETIEN. Blagnac\u00a0: &quot;Je vais donner mes derni\u00e8res forces dans la bataille afin d\u2019avoir la plus belle des sorties\u2026&quot; annonce Nekelo Tolofua pour l\u2019arr\u00eat de sa carri\u00e8re"},"content":{"rendered":"<p>\n                                                                    <span class=\"article-full__chapo-label hide-on-small-only\">l&#8217;essentiel<\/span><br \/>\n                                                                Arriv\u00e9 \u00e0 Blagnac en 2014, l\u2019a\u00een\u00e9 de la c\u00e9l\u00e8bre fratrie revient sur son parcours, \u00e9voque ses souvenirs et le dernier challenge qu\u2019il veut relever, \u00e0 commencer par le barrage \u00e0 Royans ce dimanche \u00e0 15h15.\n                            <\/p>\n<div rel=\"js-article-content\" data-state=\"fixed-height\" data-selection=\"disabled\">\n                                                                                                                            <!-- Pub DFP Position [outstream] --><\/p>\n<p class=\"txt-question\">Apr\u00e8s l\u2019avoir annonc\u00e9 \u00e0 vos co\u00e9quipiers, cette saison est donc la derni\u00e8re de votre carri\u00e8re\u00a0?<\/p>\n<p><!-- Pub DFP Position [article] --><\/p>\n<p>Oui je vais arr\u00eater, le plus tard possible j\u2019esp\u00e8re, mais ce sera la der des ders. Je consid\u00e8re que la boucle est boucl\u00e9e, je n\u2019en ai pas marre de jouer, de m\u2019entra\u00eener et du rugby, mais je ne veux pas faire la saison de trop et choisir ma sortie. C\u2019est un moment que j\u2019ai toujours appr\u00e9hend\u00e9 depuis m\u00eame le d\u00e9but de ma carri\u00e8re et l\u00e0 j\u2019y suis. C\u2019est une nouvelle vie qui va commencer.<\/p>\n<p class=\"txt-question\">Vous \u00eates pass\u00e9s par le Stade Toulousain, La\u00a0Rochelle, Carcassonne, Pamiers et Blagnac mais c\u2019est bien ce dernier club qui a une place particuli\u00e8re dans votre carri\u00e8re\u00a0?<\/p>\n<p>Je dirai Toulouse et Blagnac forc\u00e9ment\u00a0! Le Stade car ce club vous forge pour la vie. Il y a une culture et une transmission, un lien qui perdure entre tous ceux qui ont port\u00e9 le maillot et c\u2019est d\u2019autant plus fort que mes fr\u00e8res (Christopher, Selevasio et Siale, NDLR) connaissent cette sensation. Pour Blagnac, c\u2019est ma maison, mon fief depuis plus de 10 ans. J\u2019en retiens surtout la force du collectif et la grande aventure partag\u00e9e avec ceux pass\u00e9s par \u00ab\u00a0la dos\u00a0\u00bb (\u00e9quipe r\u00e9serve, NDLR) puis le groupe seniors en suivant.<\/p>\n<p class=\"txt-question\">Au sujet de cette aventure, avez-vous un bon et un mauvais souvenir \u00e0 nous donner\u00a0?<\/p>\n<p>Notre voyage de fin d\u2019ann\u00e9e \u00e0 Magaluf en 2023 (il explose de rire, NDLR). Plus s\u00e9rieusement, le meilleur reste toute la saison de Nationale 2022-2023 et tous ceux qui ont port\u00e9 le maillot de Blagnac durant cette p\u00e9riode diront la m\u00eame chose. Au-del\u00e0 de la demie \u00e0 Dax, les 45 joueurs du groupe ont v\u00e9cu quelque chose de diff\u00e9rent et d\u2019inoubliable qui va nous unir pour toujours. Pour le mauvais, je dirai le quart perdu contre Oloron en 2018, car c\u2019\u00e9tait l\u2019ann\u00e9e ou jamais de remporter un troph\u00e9e.<\/p>\n<p class=\"txt-question\">Ces souvenirs ont d\u00fb refaire surface au moment de votre annonce, comment cela s\u2019est d\u00e9roul\u00e9\u00a0?<\/p>\n<p>J\u2019aurais pu attendre la causerie du dimanche mais j\u2019ai pr\u00e9f\u00e9r\u00e9 le faire avant car je savais que ce serait difficile pour moi. J\u2019ai eu du mal \u00e0 parler, d\u2019ailleurs je ne suis pas tr\u00e8s bon pour contr\u00f4ler mes \u00e9motions (il rit, NDLR). Je suis rest\u00e9 simple et j\u2019ai voulu rendre hommage \u00ab\u00a0au vieux\u00a0\u00bb (Christophe Deylaud, NDLR) \u00e0 qui je dois beaucoup. Mon corps me dit stop de toute fa\u00e7on, ma hanche me fait souffrir\u2026 J\u2019ai du mal \u00e0 sortir de ma voiture ou faire mes lacets, j\u2019ai touch\u00e9 les limites de la pluriactivit\u00e9 on va dire. Maintenant je vais donner mes derni\u00e8res forces dans la bataille afin d\u2019avoir la plus belle des sorties.<\/p>\n<\/p><\/div>\n<p><a href=\"https:\/\/www.ladepeche.fr\/2026\/04\/24\/entretien-blagnac-je-vais-donner-mes-dernieres-forces-dans-la-bataille-afin-davoir-la-plus-belle-des-sorties-annonce-nekelo-tolofua-pour-larret-de-sa-13342212.php\">source<\/a><\/p>\n","protected":false},"excerpt":{"rendered":"<p>l&#8217;essentiel Arriv\u00e9 \u00e0 Blagnac en 2014, l\u2019a\u00een\u00e9 de la c\u00e9l\u00e8bre fratrie revient sur son parcours, \u00e9voque ses souvenirs et le dernier challenge qu\u2019il veut relever, \u00e0 commencer par le barrage \u00e0 Royans ce dimanche \u00e0 15h15. Apr\u00e8s l\u2019avoir annonc\u00e9 \u00e0 vos co\u00e9quipiers, cette saison est donc la derni\u00e8re de votre carri\u00e8re\u00a0? Oui je vais arr\u00eater, [&hellip;]<\/p>\n","protected":false},"author":1,"featured_media":129511,"comment_status":"open","ping_status":"open","sticky":false,"template":"","format":"standard","meta":{"_monsterinsights_skip_tracking":false,"_monsterinsights_sitenote_active":false,"_monsterinsights_sitenote_note":"","_monsterinsights_sitenote_category":0,"footnotes":""},"categories":[71],"tags":[],"coauthors":[77],"class_list":["post-129510","post","type-post","status-publish","format-standard","has-post-thumbnail","hentry","category-sport"],"aioseo_notices":[],"_links":{"self":[{"href":"https:\/\/pressactu.com\/index.php?rest_route=\/wp\/v2\/posts\/129510","targetHints":{"allow":["GET"]}}],"collection":[{"href":"https:\/\/pressactu.com\/index.php?rest_route=\/wp\/v2\/posts"}],"about":[{"href":"https:\/\/pressactu.com\/index.php?rest_route=\/wp\/v2\/types\/post"}],"author":[{"embeddable":true,"href":"https:\/\/pressactu.com\/index.php?rest_route=\/wp\/v2\/users\/1"}],"replies":[{"embeddable":true,"href":"https:\/\/pressactu.com\/index.php?rest_route=%2Fwp%2Fv2%2Fcomments&post=129510"}],"version-history":[{"count":0,"href":"https:\/\/pressactu.com\/index.php?rest_route=\/wp\/v2\/posts\/129510\/revisions"}],"wp:featuredmedia":[{"embeddable":true,"href":"https:\/\/pressactu.com\/index.php?rest_route=\/wp\/v2\/media\/129511"}],"wp:attachment":[{"href":"https:\/\/pressactu.com\/index.php?rest_route=%2Fwp%2Fv2%2Fmedia&parent=129510"}],"wp:term":[{"taxonomy":"category","embeddable":true,"href":"https:\/\/pressactu.com\/index.php?rest_route=%2Fwp%2Fv2%2Fcategories&post=129510"},{"taxonomy":"post_tag","embeddable":true,"href":"https:\/\/pressactu.com\/index.php?rest_route=%2Fwp%2Fv2%2Ftags&post=129510"},{"taxonomy":"author","embeddable":true,"href":"https:\/\/pressactu.com\/index.php?rest_route=%2Fwp%2Fv2%2Fcoauthors&post=129510"}],"curies":[{"name":"wp","href":"https:\/\/api.w.org\/{rel}","templated":true}]}}