{"id":129506,"date":"2026-04-25T04:43:44","date_gmt":"2026-04-25T04:43:44","guid":{"rendered":"https:\/\/pressactu.com\/?p=129506"},"modified":"2026-04-25T04:43:44","modified_gmt":"2026-04-25T04:43:44","slug":"guerre-et-paix-au-liban-face-au-desastre-humanitaire-negociations-divisions-contradictions","status":"publish","type":"post","link":"https:\/\/pressactu.com\/?p=129506","title":{"rendered":"Guerre et paix au Liban. Face au d\u00e9sastre humanitaire\u00a0: n\u00e9gociations, divisions, contradictions&#8230;"},"content":{"rendered":"<div>\n<div class=\"article__share d-flex align-items-center py-24 border-bottom  border-top mt-16 mt-lg-0 mb-8 mb-lg-24\" style=\"--border-color:#D9D9D9;\">\n<div class=\"d-flex flex-wrap gap-16\">                                <button data-article-key=\"20260424.OBS114440\" aria-label=\"Lire\u00a0plus\u00a0tard\" data-section=\"Opinions\" data-piano=\"Page_Article,Sous_date_publi,A_lire_plus_tard,1er_clic,action\" class=\"popover-trigger btn--tertiary btn--icon-only btn btn--small btn--secondary read-later\"> <i class=\"icon  icon-read-after\" aria-hidden=\"true\"\/>  <span class=\"latino-300r mt-2 \"> Lire\u00a0plus\u00a0tard <\/span>  <\/button>        <a aria-label=\"Nous suivre sur Google News\" href=\"https:\/\/news.google.com\/publications\/CAAqBwgKMJe4nQkw3dFs?hl=fr&amp;gl=FR&amp;ceid=FR%3Afr\" target=\"_blank\" data-piano=\"Page_Article,Sous_date_publi,Nous_suivre_sur_google_news,1er_clic,action\" class=\"btn btn--small btn--tertiary btn--icon-only\">    <svg class=\"icon icon--google  \" style=\"--fill:#56668A\">   <use href=\"\/bucket\/resources\/web\/img\/e86dad2a9be111d0faac.svg#google\"\/>  <\/svg>   <span class=\"latino-300r mt-2 \">Google Actualit\u00e9s<\/span>  <\/a>     <button id=\"share\" aria-label=\"Partager\" class=\"popover-trigger btn btn--small btn--tertiary btn--icon-only\" data-piano=\"Page_Article,Sous_date_publi,Partager,1er_clic,action\">    <svg class=\"icon icon--share-alt  \" style=\"--fill:var(--base-foreground-color,#171717)\">   <use href=\"\/bucket\/resources\/web\/img\/e86dad2a9be111d0faac.svg#share-alt\"\/>  <\/svg>  <span class=\"latino-300r mt-2\">Partager<\/span> <\/button> <\/p>\n<div id=\"popover-share\" data-url=\"https:\/\/www.nouvelobs.com\/opinions\/20260424.OBS114440\/guerre-et-paix-au-liban-face-au-desastre-humanitaire-negociations-divisions-contradictions.html\" data-id=\"20260424.OBS114440\" data-popover-for=\"share\" class=\"popover p-32\" role=\"tooltip\" style=\"width: 375px\">\n<p>  <button onclick=\"setToFacebook();\" class=\"btn btn--large btn--secondary\" aria-label=\"Facebook\" piano-context-origin=\"Page_Article,Sous_date_publi,Partager,Facebook,action\">    <svg class=\"icon icon--facebook  \" style=\"--fill:var(--base-foreground-color,#171717)\">   <use href=\"\/bucket\/resources\/web\/img\/e86dad2a9be111d0faac.svg#facebook\"\/>  <\/svg>  <span class=\"latino-300r\">Facebook<\/span> <\/button> <button onclick=\"setToBsky();\" class=\"btn btn--large btn--secondary\" aria-label=\"Bluesky\" piano-context-origin=\"Page_Article,Sous_date_publi,Partager,Bluesky,action\">    <svg class=\"icon icon--bluesky  \" style=\"--fill:var(--base-foreground-color,#171717)\">   <use href=\"\/bucket\/resources\/web\/img\/e86dad2a9be111d0faac.svg#bluesky\"\/>  <\/svg>  <span class=\"latino-300r\">Bluesky<\/span> <\/button> <button id=\"mail-button\" onclick=\"setToMail(true)\" class=\"btn btn--large btn--secondary\" aria-label=\"Mail\" piano-context-origin=\"Page_Article,Sous_date_publi,Partager,Email,action\">    <svg class=\"icon icon--mail  \" style=\"--fill:var(--base-foreground-color,#171717)\">   <use href=\"\/bucket\/resources\/web\/img\/e86dad2a9be111d0faac.svg#mail\"\/>  <\/svg>  <span class=\"latino-300r\">E-mail<\/span> <\/button> <button onclick=\"setToClipboard();\" class=\"copy-button btn btn--large btn--secondary\" aria-label=\"copier le lien\" piano-context-origin=\"Page_Article,Sous_date_publi,Partager,Copier_lien,action\">    <svg class=\"icon icon--link  \" style=\"--fill:var(--base-foreground-color,#171717)\">   <use href=\"\/bucket\/resources\/web\/img\/e86dad2a9be111d0faac.svg#link\"\/>  <\/svg>  <span class=\"latino-300r\">Copier le lien<\/span> <\/button>  <\/p>\n<p> <button id=\"share-mail-submit\" type=\"submit\" form=\"mail-form\" onclick=\"__forecast.collectShareMail()\" class=\"latino-300r btn btn--large btn--black btn--fit\"> Envoyer <\/button> <\/p>\n<\/p><\/div>\n<p>                    <span data-urlencode=\"L2Fib25uZW1lbnQtYXZyaWwtMjAyNg==\" data-piano=\"Page_Article,Sous_date_publi,S_abonner_Printemps2026,1er_clic,action\" data-batch=\"clic_s_abonner\" class=\"btn btn--small btn--conversion-secondary\" style=\"--btn-color:#FFF;--btn-color-hover:#FFF;--btn-bg:#FC5F2B;--btn-bg-hover:#FC5F2B;--btn-bg-focus:#FC5F2B;--btn-border-color:#522DF7;\"> S\u2019abonner <\/span>       <\/div>\n<\/p><\/div>\n<p class=\"node__paragraphe antonia-750r text-grey-800 pb-24 pb-md-32\"> Deux mille quatre cent quatre-vingt-trois\u00a0morts, dont une centaine de secouristes et personnel soignant, et 8\u00a0journalistes, 7\u00a0707\u00a0bless\u00e9s, 8\u00a0910\u00a0agressions isra\u00e9liennes, plus de 1\u00a0200\u00a0000\u00a0d\u00e9plac\u00e9s, suite aux ordres d\u2019\u00e9vacuation de l\u2019arm\u00e9e isra\u00e9lienne, d\u2019une ampleur in\u00e9dite au Liban, grignotant le tiers du territoire, d\u00e9truisant villages, for\u00eats, champs, et infrastructure civile. C\u2019est la derni\u00e8re prouesse en mati\u00e8re de crimes de guerre vant\u00e9e par le gouvernement de Netanyahou, qui, une fois de plus se place au-del\u00e0 du droit international. <\/p>\n<p class=\"node__paragraphe antonia-750r text-grey-800 pb-24 pb-md-32\"> Tous les acteurs de la guerre (Trump, Netanyahou, l\u2019Iran et le Hezbollah) crient victoire, et la population paye le lourd tribut. La reconstruction n\u00e9cessitera des milliards de dollars dont ne dispose pas le Liban qui peine \u00e0 se relever de l\u2019effondrement \u00e9conomique, de l\u2019explosion du port, et de la guerre de l\u2019ann\u00e9e derni\u00e8re. Tel est le lourd co\u00fbt de l\u2019entr\u00e9e en guerre du Hezbollah aux c\u00f4t\u00e9s de l\u2019Iran au lendemain de <a href=\"https:\/\/www.nouvelobs.com\/monde\/20260303.OBS112864\/guerre-en-iran-ali-khamenei-vie-et-mort-d-un-theocrate-qui-laisse-derriere-lui-des-montagnes-de-souffrance.html\">l\u2019assassinat du guide supr\u00eame Ali Khamenei<\/a>, sur fond de guerre de \u00ab\u00a0d\u00e9mocratisation\u00a0\u00bb am\u00e9ricaine \u2013 une guerre qui plonge le Moyen-Orient dans un chaos dont on ne per\u00e7oit pas la fin et perturbe l\u2019\u00e9conomie mondiale en remettant en question les alliances atlantiques. <\/p>\n<p class=\"node__paragraphe antonia-750r text-grey-800 pb-24 pb-md-32\"> Au Liban, le retour de la guerre le 2\u00a0mars dernier cr\u00e9e de vives divisions au sein de la population fracturant les familles. Ce deuxi\u00e8me volet de la guerre, commenc\u00e9e suite au 7\u00a0octobre par le Hezbollah en soutien au Hamas, s\u2019est poursuivi de mani\u00e8re unilat\u00e9rale. Le 26\u00a0novembre 2024, <a href=\"https:\/\/www.nouvelobs.com\/monde\/20241126.OBS97014\/israel-a-approuve-l-accord-de-cessez-le-feu-au-liban-la-treve-commencera-mercredi-a-3-heures.html\">un accord a \u00e9t\u00e9 conclu<\/a> pour mettre fin \u00e0 la guerre\u00a0: le Hezbollah cesse le combat, mais l\u2019arm\u00e9e isra\u00e9lienne commet 15\u00a0000\u00a0violations du cessez-le-feu en toute impunit\u00e9, malgr\u00e9 un m\u00e9canisme de supervision comprenant la France, les Etats-Unis, la Finul, et l\u2019arm\u00e9e libanaise. Cette derni\u00e8re tente de composer entre pressions am\u00e9ricaines et risque d\u2019embrasement interne, en cherchant \u00e0 contenir la situation\u00a0: destruction de d\u00e9p\u00f4ts d\u2019armes, v\u00e9rifications sur le terrain, et contestation de certaines accusations isra\u00e9liennes. <\/p>\n<h2 class=\"node__heading latino-800m latino-lg-1400e text-grey-800 pb-8 pb-md-16\"> <strong>Malaise dans la communaut\u00e9 chiite<\/strong> <\/h2>\n<p class=\"node__paragraphe antonia-750r text-grey-800 pb-24 pb-md-32\"> Souvent assimil\u00e9e dans sa totalit\u00e9 comme le socle du Hezbollah, la communaut\u00e9 chiite se retrouve aujourd\u2019hui, plus que jamais, marginalis\u00e9e. La guerre du Hezbollah, entra\u00eenant le Liban avec lui, lui vaut la col\u00e8re de toutes les autres communaut\u00e9s, \u00e0 de rares exceptions pr\u00e8s, qui r\u00e9clament que la d\u00e9cision de la guerre et de la paix, comme le monopole des armes, revienne \u00e0 l\u2019Etat. <\/p>\n<p class=\"node__paragraphe antonia-750r text-grey-800 pb-24 pb-md-32\"> Dans les premi\u00e8res heures apr\u00e8s le 2\u00a0mars, la communaut\u00e9 chiite est perdue. Des milliers de civils sont contraints, apr\u00e8s le tir de roquettes du Hezbollah et la r\u00e9action imminente isra\u00e9lienne, de fuir de chez eux en pleine nuit\u00a0: embouteillages monstres, exode \u00e0 pieds de femmes, enfants et vieillards. Dans leur fuite ils accusent le Hezbollah de servir les int\u00e9r\u00eats iraniens, tandis qu\u2019ils subissent les violations du cessez-le-feu, sans que l\u2019Etat ne puisse les stopper, et sans que l\u2019Iran ni le Hezbollah ne bronchent. <\/p>\n<p class=\"node__paragraphe antonia-750r text-grey-800 pb-24 pb-md-32\"> Toutefois, quelques jours plus tard, face \u00e0 l\u2019\u00e9quilibre de la terreur de la guerre irano-am\u00e9ricano\/isra\u00e9lienne, les opinions changent, explique Hassan Ayoub, directeur du m\u00e9dia Post 180\u00a0: l\u2019espoir d\u2019une dissuasion refait surface, dans l\u2019espoir d\u2019\u00e9viter par tous les moyens une occupation des villages, sans penser encore aux lourdes pertes. <\/p>\n<p class=\"node__paragraphe antonia-750r text-grey-800 pb-24 pb-md-32\"> Les opinions, fluctuantes et incertaines, suivent ainsi le terrain de bataille. <\/p>\n<p class=\"node__paragraphe antonia-750r text-grey-800 pb-24 pb-md-32\"> Les m\u00e9thodes de l\u2019arm\u00e9e isra\u00e9lienne, le bluff de Trump et la faiblesse de l\u2019Etat libanais peinent \u00e0 rassurer, poussant une partie de la communaut\u00e9 chiite \u00e0 se replier sur elle-m\u00eame et \u00e0 revenir, malgr\u00e9 elle, dans le giron du Hezbollah. Sur le terrain, cette tension se traduit par une autocensure marqu\u00e9e. Dans les centres d\u2019accueil, de nombreux d\u00e9plac\u00e9s refusent de parler \u00e0 la presse. Lorsqu\u2019ils acceptent, leurs propos restent prudents. L\u2019acc\u00e8s aux familles de bless\u00e9s demeure particuli\u00e8rement difficile. <\/p>\n<p class=\"node__paragraphe antonia-750r text-grey-800 pb-24 pb-md-32\"> Les assassinats que pratique l\u2019arm\u00e9e isra\u00e9lienne hors des bastions du Hezbollah, notamment dans certains quartiers chr\u00e9tiens, alimentent une phobie du d\u00e9plac\u00e9 chiite, d\u00e9sormais per\u00e7u comme suspect \u00e9galement au sein de sa propre communaut\u00e9, dans les milieux chiites qui lui sont hostiles. <\/p>\n<p class=\"node__paragraphe antonia-750r text-grey-800 pb-24 pb-md-32\"> On voit ainsi des situations injustes\u00a0: des d\u00e9plac\u00e9s chiites contraints de quitter le quartier par crainte d\u2019attentat, r\u00e9duits \u00e0 leur appartenance confessionnelle. Le cas le plus aberrant est celui de Hassan, octog\u00e9naire rencontr\u00e9 \u00e0 Beyrouth, ancien r\u00e9sistant communiste contre l\u2019occupation isra\u00e9lienne des ann\u00e9es 1970-1980\u00a0: emprisonn\u00e9 par Isra\u00ebl, puis chass\u00e9 de son village par le Hezbollah lors de la r\u00e9pression des communistes au d\u00e9but des ann\u00e9es 1980\u00a0sous l\u2019influence de la r\u00e9volution iranienne, il se retrouve aujourd\u2019hui de nouveau \u00e9vinc\u00e9 de l\u2019appartement o\u00f9 sa famille d\u00e9plac\u00e9e s\u2019\u00e9tait r\u00e9fugi\u00e9e, per\u00e7u comme une cible potentielle. <\/p>\n<h2 class=\"node__heading latino-800m latino-lg-1400e text-grey-800 pb-8 pb-md-16\"> <strong>Une soci\u00e9t\u00e9 solidaire malgr\u00e9 tout<\/strong> <\/h2>\n<p class=\"node__paragraphe antonia-750r text-grey-800 pb-24 pb-md-32\"> Comme il est d\u2019usage au Liban, la r\u00e9alit\u00e9 se r\u00e9v\u00e8le plus complexe qu\u2019elle ne le laisse para\u00eetre. Au-del\u00e0 de la m\u00e9fiance envers la figure du r\u00e9fugi\u00e9, une forme de solidarit\u00e9 \u00e9merge au sein de la population qui assure en grande partie la survie des d\u00e9plac\u00e9s, l\u2019aide de l\u2019Etat \u00e9tant limit\u00e9e. <\/p>\n<p class=\"node__paragraphe antonia-750r text-grey-800 pb-24 pb-md-32\"> Guid\u00e9s par la r\u00e9p\u00e9tition de l\u2019histoire, les habitants des zones de guerre ont, cette ann\u00e9e, anticip\u00e9 en r\u00e9servant des logements dans des r\u00e9gions plus s\u00fbres. Ainsi, malgr\u00e9 des files de voitures contraintes d\u2019endurer jusqu\u2019\u00e0 douze heures de trajet pour quarante-cinq minutes de route, la \u00ab\u00a0masse\u00a0\u00bb de r\u00e9fugi\u00e9s dans la rue \u00e9tait moins visible que l\u2019an pass\u00e9, surprenant de nombreux journalistes occidentaux venus couvrir la \u00ab\u00a0gazaification\u00a0\u00bb du Liban annonc\u00e9e par Isra\u00ebl Katz. <\/p>\n<p class=\"node__paragraphe antonia-750r text-grey-800 pb-24 pb-md-32\"> Les plus pauvres sont rest\u00e9s chez eux, ce qui a caus\u00e9 des trag\u00e9dies sans fin\u00a0: les raids isra\u00e9liens ont d\u00e9cim\u00e9 des familles enti\u00e8res des localit\u00e9s appel\u00e9es \u00e0 \u00e9vacuer. <\/p>\n<h2 class=\"node__heading latino-800m latino-lg-1400e text-grey-800 pb-8 pb-md-16\"> <strong>L\u2019Etat Libanais en peine de devenir<\/strong> <\/h2>\n<p class=\"node__paragraphe antonia-750r text-grey-800 pb-24 pb-md-32\"> Lors du front de \u00ab\u00a0soutien\u00a0\u00bb \u00e0 Gaza men\u00e9 par Hassan Nasrallah, le r\u00e9gime Assad \u00e9tait encore en place et le Liban restait sans pr\u00e9sident faute d\u2019accord politique. Apr\u00e8s l\u2019assassinat de Nasrallah et <a href=\"https:\/\/www.nouvelobs.com\/monde\/20241210.OBS97610\/chute-de-bachar-al-assad-en-syrie-la-fin-d-une-dynastie-sanguinaire.html\">la chute de Bachar al-Assad<\/a>, le pays, d\u00e9barrass\u00e9 de la tutelle du Parti baas syrien, parvient enfin \u00e0 \u00e9lire un pr\u00e9sident le 9\u00a0janvier 2025, apr\u00e8s deux ans de vacance. <\/p>\n<p class=\"node__paragraphe antonia-750r text-grey-800 pb-24 pb-md-32\"> Joseph Aoun, annonce en pr\u00e9ambule la couleur de son mandat pr\u00e9sidentiel\u00a0: il d\u00e9clare que son \u00e9lection marquerait le d\u00e9but d\u2019une <em>\u00ab\u00a0nouvelle \u00e8re\u00a0\u00bb<\/em> de l\u2019histoire du pays, dans laquelle l\u2019\u00c9tat aura le <em>\u00ab\u00a0monopole des armes\u00a0\u00bb<\/em>. <\/p>\n<p class=\"node__paragraphe antonia-750r text-grey-800 pb-24 pb-md-32\"> Quelques jours plus tard, il nomme Nawaf Salam, alors pr\u00e9sident de la Cour internationale de Justice, au poste de Premier ministre. Un \u00e9lan d\u2019espoir anime le Liban, o\u00f9 des populations \u00e9puis\u00e9es par la guerre et les ann\u00e9es de marginalisation par l\u2019\u00c9tat, osent souhaiter enfin le calme. <\/p>\n<p class=\"node__paragraphe antonia-750r text-grey-800 pb-24 pb-md-32\"> Un an apr\u00e8s l\u2019espoir c\u00e8de \u00e0 la d\u00e9sillusion, \u00e0 la lassitude et \u00e0 la col\u00e8re. La d\u00e9mesure des frappes isra\u00e9liennes, d\u00e9cr\u00e9dibilise l\u2019Etat libanais. L\u2019Etat \u00e9voque le d\u00e9sarmement du Hezbollah, un processus qui n\u00e9cessite des mois voire des ann\u00e9es, pendant que l\u2019arm\u00e9e isra\u00e9lienne viole le cessez-le-feu\u00a0: cela a \u00e9t\u00e9 compris par un grand nombre de citoyens comme \u00e9tant une prise de partie. Le maillon le plus faible dans la cour des grands, l\u2019Etat libanais, est le bouc \u00e9missaire id\u00e9al, une pierre de patience sur laquelle la population d\u00e9verse sa col\u00e8re, et surtout, c\u2019est le grand concurrent du Hezbollah, l\u2019un mena\u00e7ant l\u2019autre dans un bras de fer existentiel\u00a0: l\u2019\u00e9quation Etat fort\/gu\u00e9rilla forte \u00e9tant impossible. Via Nabih Berri, le chef du parlement et du parti chiite Amal, l\u2019Etat avait demand\u00e9 au Hezbollah de ne pas ouvrir un front contre Isra\u00ebl, conscient de la faiblesse du pays qui ne dispose ni de p\u00e9trole, ni de d\u00e9troit, ni d\u2019arm\u00e9e capable de dissuasion, pr\u00e9voyant la r\u00e9action d\u00e9mesur\u00e9e habituelle des Isra\u00e9liens. Le Hezbollah l\u2019a pourtant fait, et reproche ensuite \u00e0 l\u2019Etat son impuissance. <\/p>\n<h2 class=\"node__heading latino-800m latino-lg-1400e text-grey-800 pb-8 pb-md-16\"> <strong>Quid des n\u00e9gociations\u00a0?<\/strong> <\/h2>\n<p class=\"node__paragraphe antonia-750r text-grey-800 pb-24 pb-md-32\"> L\u2019ouverture, in\u00e9dite depuis des d\u00e9cennies, de discussions directes pour la paix entre le Liban et Isra\u00ebl, scinde le Liban en deux et refait planer les fant\u00f4mes de la guerre civile. Des voix fusent contre la reconnaissance de l\u2019Etat d\u2019Isra\u00ebl, d\u2019une part, alors que d\u2019autre part, des voix la r\u00e9clament, et enfin, une troisi\u00e8me partie exige une fronti\u00e8re sans conflit mais sans reconnaissance de l\u2019Etat h\u00e9breu. Dans la communaut\u00e9 chiite, le d\u00e9bat fait rage. Coinc\u00e9e entre le r\u00e9gime des mollahs et les guerres d\u2019an\u00e9antissement d\u2019Isra\u00ebl, une grande partie de la population esp\u00e8re se d\u00e9barrasser du Hezbollah, mais elle redoute subir de nouveau l\u2019occupation dont le souvenir amer est toujours vif. <\/p>\n<p class=\"node__paragraphe antonia-750r text-grey-800 pb-24 pb-md-32\"> Depuis 1948, Isra\u00ebl b\u00e9n\u00e9ficie de milliards de dollars venus des Etats-Unis et d\u2019Europe alors que le Liban n\u2019est jamais autoris\u00e9 \u00e0 accepter un arsenal dissuasif. Les Etats-Unis imposent au Liban le d\u00e9sarmement du Hezbollah en \u00e9change d\u2019aides \u00e9conomiques, sans lui donner les moyens financiers d\u2019\u00e9tendre son autorit\u00e9 sur tout le territoire, ni les moyens qu\u2019il faudrait \u00e0 son arm\u00e9e pour assurer sa souverainet\u00e9. C\u2019est en ce sens qu\u2019une partie des Libanais continuent \u00e0 penser que les armes du Hezbollah sont un \u00e9pouvantail efficace pour stopper l\u2019invasion isra\u00e9lienne, face \u00e0 une extr\u00eame droite isra\u00e9lienne affichant ses d\u00e9sirs expansionnistes\u00a0; ils argumentent en donnant pour exemple la situation en Cisjordanie o\u00f9 la colonisation ill\u00e9gale se poursuit tranquillement malgr\u00e9 les protestations quotidiennes de l\u2019autorit\u00e9 palestinienne, et craignent ainsi que le Liban ne se \u00ab\u00a0cisjordanise\u00a0\u00bb. Le camp oppos\u00e9, lui, pense que le maintien des armes du Hezbollah ne peut que pousser Isra\u00ebl \u00e0 d\u00e9truire le Liban comme il a d\u00e9truit Gaza. <\/p>\n<h2 class=\"node__heading latino-800m latino-lg-1400e text-grey-800 pb-8 pb-md-16\"> <strong>Mais maintenant, que faire\u00a0?<\/strong> <\/h2>\n<p class=\"node__paragraphe antonia-750r text-grey-800 pb-24 pb-md-32\"> Mettre fin au bain de sang, puis r\u00e9tablir le droit par l\u2019implication et le courage de la communaut\u00e9 internationale dans les n\u00e9gociations \u00e0 Islamabad\u00a0: un cessez-le-feu permanent, la pr\u00e9servation de la totalit\u00e9 du territoire libanais, la fin de l\u2019occupation isra\u00e9lienne, la lib\u00e9ration des prisonniers politiques, et l\u2019indemnisation des victimes. \u00c0 ce moment-l\u00e0, \u00e0 l\u2019\u00e9cart des n\u0153uds et impasse de l\u2019Histoire postcoloniale, des guerres linguistiques, qui d\u00e9battent de \u00ab\u00a0fronti\u00e8re pacifi\u00e9e\u00a0\u00bb ou d\u2019une \u00ab\u00a0paix\u00a0\u00bb avec Isra\u00ebl, une reprise du dialogue entre les Arabes eux-m\u00eames, juifs arabes inclus, ne serait-elle pas une voie \u00e9ventuelle vers le long processus que n\u00e9cessite une justice historique\u00a0? <\/p>\n<div class=\"pb-32 d-flex justify-content-between align-items-center\">\n<p class=\"latino-600m text-green-500\">Cet article est une tribune, r\u00e9dig\u00e9e par un auteur ext\u00e9rieur<br \/>\n            au journal et dont le point de vue n\u2019engage pas la r\u00e9daction.<\/p>\n<\/p><\/div>\n<\/p><\/div>\n<p><a href=\"https:\/\/www.nouvelobs.com\/opinions\/20260424.OBS114440\/guerre-et-paix-au-liban-face-au-desastre-humanitaire-negociations-divisions-contradictions.html\">source<\/a><\/p>\n","protected":false},"excerpt":{"rendered":"<p>Lire\u00a0plus\u00a0tard Google Actualit\u00e9s Partager Facebook Bluesky E-mail Copier le lien Envoyer S\u2019abonner Deux mille quatre cent quatre-vingt-trois\u00a0morts, dont une centaine de secouristes et personnel soignant, et 8\u00a0journalistes, 7\u00a0707\u00a0bless\u00e9s, 8\u00a0910\u00a0agressions isra\u00e9liennes, plus de 1\u00a0200\u00a0000\u00a0d\u00e9plac\u00e9s, suite aux ordres d\u2019\u00e9vacuation de l\u2019arm\u00e9e isra\u00e9lienne, d\u2019une ampleur in\u00e9dite au Liban, grignotant le tiers du territoire, d\u00e9truisant villages, for\u00eats, champs, et [&hellip;]<\/p>\n","protected":false},"author":1,"featured_media":129507,"comment_status":"open","ping_status":"open","sticky":false,"template":"","format":"standard","meta":{"_monsterinsights_skip_tracking":false,"_monsterinsights_sitenote_active":false,"_monsterinsights_sitenote_note":"","_monsterinsights_sitenote_category":0,"footnotes":""},"categories":[75],"tags":[],"coauthors":[77],"class_list":["post-129506","post","type-post","status-publish","format-standard","has-post-thumbnail","hentry","category-monde"],"aioseo_notices":[],"_links":{"self":[{"href":"https:\/\/pressactu.com\/index.php?rest_route=\/wp\/v2\/posts\/129506","targetHints":{"allow":["GET"]}}],"collection":[{"href":"https:\/\/pressactu.com\/index.php?rest_route=\/wp\/v2\/posts"}],"about":[{"href":"https:\/\/pressactu.com\/index.php?rest_route=\/wp\/v2\/types\/post"}],"author":[{"embeddable":true,"href":"https:\/\/pressactu.com\/index.php?rest_route=\/wp\/v2\/users\/1"}],"replies":[{"embeddable":true,"href":"https:\/\/pressactu.com\/index.php?rest_route=%2Fwp%2Fv2%2Fcomments&post=129506"}],"version-history":[{"count":0,"href":"https:\/\/pressactu.com\/index.php?rest_route=\/wp\/v2\/posts\/129506\/revisions"}],"wp:featuredmedia":[{"embeddable":true,"href":"https:\/\/pressactu.com\/index.php?rest_route=\/wp\/v2\/media\/129507"}],"wp:attachment":[{"href":"https:\/\/pressactu.com\/index.php?rest_route=%2Fwp%2Fv2%2Fmedia&parent=129506"}],"wp:term":[{"taxonomy":"category","embeddable":true,"href":"https:\/\/pressactu.com\/index.php?rest_route=%2Fwp%2Fv2%2Fcategories&post=129506"},{"taxonomy":"post_tag","embeddable":true,"href":"https:\/\/pressactu.com\/index.php?rest_route=%2Fwp%2Fv2%2Ftags&post=129506"},{"taxonomy":"author","embeddable":true,"href":"https:\/\/pressactu.com\/index.php?rest_route=%2Fwp%2Fv2%2Fcoauthors&post=129506"}],"curies":[{"name":"wp","href":"https:\/\/api.w.org\/{rel}","templated":true}]}}