{"id":129499,"date":"2026-04-25T03:24:59","date_gmt":"2026-04-25T03:24:59","guid":{"rendered":"https:\/\/pressactu.com\/?p=129499"},"modified":"2026-04-25T03:24:59","modified_gmt":"2026-04-25T03:24:59","slug":"il-sautoproclame-roi-de-suisse-et-acquiert-plus-de-140-terrains-qui-est-jonas-lauwiner-et-pourquoi-inquiete-t-il-les-autorites","status":"publish","type":"post","link":"https:\/\/pressactu.com\/?p=129499","title":{"rendered":"Il s\u2019autoproclame roi de Suisse et acquiert plus de 140 terrains : qui est Jonas Lauwiner et pourquoi inqui\u00e8te-t-il les autorit\u00e9s ?"},"content":{"rendered":"<p>\n                                                                    <span class=\"article-full__chapo-label hide-on-small-only\">l&#8217;essentiel<\/span><br \/>\n                                                                Le royaume autoproclam\u00e9 de Jonas Lauwiner inqui\u00e8te de plus en plus la Suisse. En s\u2019appropriant l\u00e9galement plus de 140 terrains sans ma\u00eetre, les cantons, inquiets, envisagent d\u00e9sormais de modifier la l\u00e9gislation pour stopper l\u2019homme.\n                            <\/p>\n<div rel=\"js-article-content\">\n                                                                                                                            <!-- Pub DFP Position [outstream] --><\/p>\n<p>Jonas Lauwiner s\u2019est autoproclam\u00e9 roi de Suisse et gagne du terrain depuis quelques ann\u00e9es. \u00c0 premi\u00e8re vue, cela pourrait s\u2019apparenter \u00e0 une blague, mais l\u2019homme de 31 ans commence \u00e0 inqui\u00e9ter les autorit\u00e9s.\u00a0<\/p>\n<p><!-- Pub DFP Position [article] --><\/p>\n<p>C\u2019est en 2019 que l\u2019homme s\u2019autoproclame roi de Suisse, lors d\u2019une c\u00e9r\u00e9monie dans une \u00e9glise de Berne, orchestr\u00e9e par ses amis et des acteurs. Des vid\u00e9os sont disponibles sur YouTube, le montrant se faire couronner par un &#8220;pr\u00eatre&#8221;.<\/p>\n<p class=\"std-elt__inline\">\n        <strong>\u00c0 lire aussi :<\/strong><br \/>\n        <a href=\"\/2026\/04\/23\/jai-ete-choquee-car-jai-cru-que-cetait-moi-une-influenceuse-francaise-decouvre-son-image-detournee-par-lia-pour-promouvoir-un-produit-quelle-ne-13339940.php\">&#8220;J\u2019ai \u00e9t\u00e9 choqu\u00e9e, car j\u2019ai cru que c\u2019\u00e9tait moi&#8221; : une influenceuse fran\u00e7aise d\u00e9couvre son image d\u00e9tourn\u00e9e par l\u2019IA pour promouvoir un produit qu\u2019elle ne conna\u00eet pas<\/a>\n    <\/p>\n<p>Cette id\u00e9e lui est venue lorsque son p\u00e8re lui a offert, pour ses 20\u00a0ans, un terrain. C\u2019est comme \u00e7a qu\u2019il a cr\u00e9\u00e9 son empire &#8220;Lauwiner&#8221; du roi et empereur Jonas 1er. Depuis, il a install\u00e9 son propre drapeau, sa propre monnaie, son propre hymne et m\u00eame son propre royaume.\u00a0<\/p>\n<h2 class=\"txt-int\">Une expansion de son territoire l\u00e9gale<\/h2>\n<p>En effet, il a pu acqu\u00e9rir plus de 140 terrains, de plus de 100 000 m\u00e8tres carr\u00e9s en tout, mais sans acheter un seul terrain. En Suisse, certaines parcelles dites &#8220;sans ma\u00eetre&#8221; n\u2019ont pas de propri\u00e9taire identifi\u00e9. Dans ces cas-l\u00e0, elles peuvent \u00eatre r\u00e9cup\u00e9r\u00e9es par n\u2019importe quel citoyen, pour seulement quelques francs suisses.<\/p>\n<p>Il met donc la main sur tous ces terrains de fa\u00e7on compl\u00e8tement l\u00e9gale. Avec l\u2019aide d\u2019une dizaine de personnes sp\u00e9cialis\u00e9es, Jonas Lauwiner \u00e9pluche les registres fonciers et les parcelles abandonn\u00e9es. Il a pu installer son propre palais, ainsi qu\u2019une petite arm\u00e9e constitu\u00e9e d\u2019amis.\u00a0<\/p>\n<h2 class=\"txt-int\">Les autorit\u00e9s des cantons s\u2019inqui\u00e8tent<\/h2>\n<p>Longtemps per\u00e7u comme un &#8220;personnage atypique&#8221;, d\u2019apr\u00e8s <a href=\"https:\/\/www.rtl.fr\/actu\/international\/qui-est-jonas-lauwiner-cet-homme-de-31-ans-qui-s-est-autoproclame-roi-de-suisse-et-qui-inquiete-les-autorites-7900627655\" target=\"_blank\">RTL<\/a>, l\u2019homme commence \u00e0 inqui\u00e9ter les autorit\u00e9s. Le dernier \u00e9pisode en date concerne le canton du Jura. Selon <a href=\"https:\/\/www.rts.ch\/info\/regions\/jura\/2026\/article\/le-jura-prepare-sa-resistance-contre-l-autoproclame-roi-de-suisse-29216809.html\" target=\"_blank\">RTS<\/a> (Radio T\u00e9l\u00e9vision Suisse), le canton souhaite renforcer sa l\u00e9gislation pour &#8220;emp\u00eacher toute revendication de Jonas Lauwiner&#8221;.<\/p>\n<p class=\"std-elt__inline\">\n        <strong>\u00c0 lire aussi :<\/strong><br \/>\n        <a href=\"\/2026\/04\/23\/des-saumons-dopes-a-la-cocaine-venue-des-eaux-usees-nagent-presque-deux-fois-plus-vite-que-la-norme-selon-une-etude-13339724.php\">Des saumons &#8220;dop\u00e9s&#8221; \u00e0 la coca\u00efne venue des eaux us\u00e9es nagent presque deux fois plus vite que la norme, selon une \u00e9tude<\/a>\n    <\/p>\n<p>Le Jura suisse poss\u00e8de en effet une dizaine de terrains sans propri\u00e9taire. La modification l\u00e9gislative consisterait \u00e0 donner &#8220;la priorit\u00e9 aux communes lorsqu\u2019un terrain n\u2019appartient \u00e0 personne&#8221;, en prenant exemple sur le canton de Vaud ou du Valais.\u00a0<\/p>\n<p>Pour semer le doute, l\u2019homme de 31 ans affirme lui-m\u00eame que c\u2019est un jeu, mais il accumule de plus en plus de terrains. Il a m\u00eame tent\u00e9 de remporter des \u00e9lections locales, mais sans succ\u00e8s.\u00a0<\/p>\n<\/p><\/div>\n<p><a href=\"https:\/\/www.ladepeche.fr\/2026\/04\/24\/il-sautoproclame-roi-de-suisse-et-acquiert-plus-de-140-terrains-qui-est-jonas-lauwiner-et-pourquoi-inquiete-t-il-les-autorites-13341986.php\">source<\/a><\/p>\n","protected":false},"excerpt":{"rendered":"<p>l&#8217;essentiel Le royaume autoproclam\u00e9 de Jonas Lauwiner inqui\u00e8te de plus en plus la Suisse. En s\u2019appropriant l\u00e9galement plus de 140 terrains sans ma\u00eetre, les cantons, inquiets, envisagent d\u00e9sormais de modifier la l\u00e9gislation pour stopper l\u2019homme. Jonas Lauwiner s\u2019est autoproclam\u00e9 roi de Suisse et gagne du terrain depuis quelques ann\u00e9es. \u00c0 premi\u00e8re vue, cela pourrait s\u2019apparenter [&hellip;]<\/p>\n","protected":false},"author":1,"featured_media":129500,"comment_status":"open","ping_status":"open","sticky":false,"template":"","format":"standard","meta":{"_monsterinsights_skip_tracking":false,"_monsterinsights_sitenote_active":false,"_monsterinsights_sitenote_note":"","_monsterinsights_sitenote_category":0,"footnotes":""},"categories":[74],"tags":[],"coauthors":[77],"class_list":["post-129499","post","type-post","status-publish","format-standard","has-post-thumbnail","hentry","category-economie"],"aioseo_notices":[],"_links":{"self":[{"href":"https:\/\/pressactu.com\/index.php?rest_route=\/wp\/v2\/posts\/129499","targetHints":{"allow":["GET"]}}],"collection":[{"href":"https:\/\/pressactu.com\/index.php?rest_route=\/wp\/v2\/posts"}],"about":[{"href":"https:\/\/pressactu.com\/index.php?rest_route=\/wp\/v2\/types\/post"}],"author":[{"embeddable":true,"href":"https:\/\/pressactu.com\/index.php?rest_route=\/wp\/v2\/users\/1"}],"replies":[{"embeddable":true,"href":"https:\/\/pressactu.com\/index.php?rest_route=%2Fwp%2Fv2%2Fcomments&post=129499"}],"version-history":[{"count":0,"href":"https:\/\/pressactu.com\/index.php?rest_route=\/wp\/v2\/posts\/129499\/revisions"}],"wp:featuredmedia":[{"embeddable":true,"href":"https:\/\/pressactu.com\/index.php?rest_route=\/wp\/v2\/media\/129500"}],"wp:attachment":[{"href":"https:\/\/pressactu.com\/index.php?rest_route=%2Fwp%2Fv2%2Fmedia&parent=129499"}],"wp:term":[{"taxonomy":"category","embeddable":true,"href":"https:\/\/pressactu.com\/index.php?rest_route=%2Fwp%2Fv2%2Fcategories&post=129499"},{"taxonomy":"post_tag","embeddable":true,"href":"https:\/\/pressactu.com\/index.php?rest_route=%2Fwp%2Fv2%2Ftags&post=129499"},{"taxonomy":"author","embeddable":true,"href":"https:\/\/pressactu.com\/index.php?rest_route=%2Fwp%2Fv2%2Fcoauthors&post=129499"}],"curies":[{"name":"wp","href":"https:\/\/api.w.org\/{rel}","templated":true}]}}