{"id":129497,"date":"2026-04-25T03:03:05","date_gmt":"2026-04-25T03:03:05","guid":{"rendered":"https:\/\/pressactu.com\/?p=129497"},"modified":"2026-04-25T03:03:05","modified_gmt":"2026-04-25T03:03:05","slug":"guerre-au-moyen-orient-negociations-en-panne-menaces-a-repetition-le-point-sur-une-semaine-sous-pression","status":"publish","type":"post","link":"https:\/\/pressactu.com\/?p=129497","title":{"rendered":"Guerre au Moyen-Orient\u00a0: n\u00e9gociations en panne, menaces \u00e0 r\u00e9p\u00e9tition\u2026 Le point sur une semaine sous pression"},"content":{"rendered":"<div>\n<figure class=\"hook-media--standard \"> <picture class=\"hook-media_picture pb-8\"><source media=\"(max-width: 768px)\" srcset=\"https:\/\/focus.nouvelobs.com\/2026\/04\/24\/0\/157\/4686\/3124\/375\/250\/75\/0\/e7434f7_upload-1-x0f59cxd8n6u-sipa-sipahub60144959-000003.jpg 1x,https:\/\/focus.nouvelobs.com\/2026\/04\/24\/0\/157\/4686\/3124\/750\/500\/50\/0\/e7434f7_upload-1-x0f59cxd8n6u-sipa-sipahub60144959-000003.jpg 2x\" width=\"375\" height=\"250\"><img fetchpriority=\"high\" decoding=\"async\" class=\"mx-auto\" src=\"data:image\/svg+xml,%3Csvg%20xmlns%3D%27http%3A%2F%2Fwww.w3.org%2F2000%2Fsvg%27%20fill%3D%22%23e4e4e4%22%20viewBox%3D%270%200%20510%20340%27%20width%3D%22510%22%20height%3D%22340%22%3E%3Cpath%20d%3D%27M0%200h510v340H0z%27%2F%3E%3C%2Fsvg%3E\" srcset=\"https:\/\/focus.nouvelobs.com\/2026\/04\/24\/0\/157\/4686\/3124\/510\/340\/75\/0\/e7434f7_upload-1-x0f59cxd8n6u-sipa-sipahub60144959-000003.jpg 1x,https:\/\/focus.nouvelobs.com\/2026\/04\/24\/0\/157\/4686\/3124\/1020\/680\/50\/0\/e7434f7_upload-1-x0f59cxd8n6u-sipa-sipahub60144959-000003.jpg 2x\" loading=\"eager\" width=\"510\" height=\"340\" data-oncrawl-image-size=\"510x340\" alt=\"Des marins de l\u2019US Navy observent un cargo iranien apr\u00e8s son abordage et les tirs re\u00e7us pour avoir viol\u00e9 le blocus maritime am\u00e9ricain dans le d\u00e9troit d\u2019Ormuz, le 21\u00a0avril 2026.\"\/>   <\/source><\/picture><figcaption class=\"hook-media_figcaption\">\n<p class=\"latino-100m text-grey-600\">  Des marins de l\u2019US Navy observent un cargo iranien apr\u00e8s son abordage et les tirs re\u00e7us pour avoir viol\u00e9 le blocus maritime am\u00e9ricain dans le d\u00e9troit d\u2019Ormuz, le 21\u00a0avril 2026.\u00a0<span class=\"text-grey-600 ms-4\">US NAVY\/US NAVY\/ZUMA\/SIPA<\/span>  <\/p>\n<\/figcaption><\/figure>\n<div class=\"article__share d-flex align-items-center py-24 border-bottom  mb-32\" style=\"--border-color:#D9D9D9;\">\n<div class=\"d-flex flex-wrap gap-16\">                                <button data-article-key=\"20260424.OBS114432\" aria-label=\"Lire\u00a0plus\u00a0tard\" data-section=\"Monde\" data-piano=\"Page_Article,Sous_date_publi,A_lire_plus_tard,1er_clic,action\" class=\"popover-trigger btn--tertiary btn--icon-only btn btn--small btn--secondary read-later\"> <i class=\"icon  icon-read-after\" aria-hidden=\"true\"\/>  <span class=\"latino-300r mt-2 \"> Lire\u00a0plus\u00a0tard <\/span>  <\/button>        <a aria-label=\"Nous suivre sur Google News\" href=\"https:\/\/news.google.com\/publications\/CAAqBwgKMJe4nQkw3dFs?hl=fr&amp;gl=FR&amp;ceid=FR%3Afr\" target=\"_blank\" data-piano=\"Page_Article,Sous_date_publi,Nous_suivre_sur_google_news,1er_clic,action\" class=\"btn btn--small btn--tertiary btn--icon-only\">    <svg class=\"icon icon--google  \" style=\"--fill:#56668A\">   <use href=\"\/bucket\/resources\/web\/img\/e86dad2a9be111d0faac.svg#google\"\/>  <\/svg>   <span class=\"latino-300r mt-2 \">Google Actualit\u00e9s<\/span>  <\/a>     <button id=\"share\" aria-label=\"Partager\" class=\"popover-trigger btn btn--small btn--tertiary btn--icon-only\" data-piano=\"Page_Article,Sous_date_publi,Partager,1er_clic,action\">    <svg class=\"icon icon--share-alt  \" style=\"--fill:var(--base-foreground-color,#171717)\">   <use href=\"\/bucket\/resources\/web\/img\/e86dad2a9be111d0faac.svg#share-alt\"\/>  <\/svg>  <span class=\"latino-300r mt-2\">Partager<\/span> <\/button> <\/p>\n<div id=\"popover-share\" data-url=\"https:\/\/www.nouvelobs.com\/monde\/20260424.OBS114432\/guerre-au-moyen-orient-negociations-en-panne-menaces-a-repetition-le-point-sur-une-semaine-sous-pression.html\" data-id=\"20260424.OBS114432\" data-popover-for=\"share\" class=\"popover p-32\" role=\"tooltip\" style=\"width: 375px\">\n<p>  <button onclick=\"setToFacebook();\" class=\"btn btn--large btn--secondary\" aria-label=\"Facebook\" piano-context-origin=\"Page_Article,Sous_date_publi,Partager,Facebook,action\">    <svg class=\"icon icon--facebook  \" style=\"--fill:var(--base-foreground-color,#171717)\">   <use href=\"\/bucket\/resources\/web\/img\/e86dad2a9be111d0faac.svg#facebook\"\/>  <\/svg>  <span class=\"latino-300r\">Facebook<\/span> <\/button> <button onclick=\"setToBsky();\" class=\"btn btn--large btn--secondary\" aria-label=\"Bluesky\" piano-context-origin=\"Page_Article,Sous_date_publi,Partager,Bluesky,action\">    <svg class=\"icon icon--bluesky  \" style=\"--fill:var(--base-foreground-color,#171717)\">   <use href=\"\/bucket\/resources\/web\/img\/e86dad2a9be111d0faac.svg#bluesky\"\/>  <\/svg>  <span class=\"latino-300r\">Bluesky<\/span> <\/button> <button id=\"mail-button\" onclick=\"setToMail(true)\" class=\"btn btn--large btn--secondary\" aria-label=\"Mail\" piano-context-origin=\"Page_Article,Sous_date_publi,Partager,Email,action\">    <svg class=\"icon icon--mail  \" style=\"--fill:var(--base-foreground-color,#171717)\">   <use href=\"\/bucket\/resources\/web\/img\/e86dad2a9be111d0faac.svg#mail\"\/>  <\/svg>  <span class=\"latino-300r\">E-mail<\/span> <\/button> <button onclick=\"setToClipboard();\" class=\"copy-button btn btn--large btn--secondary\" aria-label=\"copier le lien\" piano-context-origin=\"Page_Article,Sous_date_publi,Partager,Copier_lien,action\">    <svg class=\"icon icon--link  \" style=\"--fill:var(--base-foreground-color,#171717)\">   <use href=\"\/bucket\/resources\/web\/img\/e86dad2a9be111d0faac.svg#link\"\/>  <\/svg>  <span class=\"latino-300r\">Copier le lien<\/span> <\/button>  <\/p>\n<p> <button id=\"share-mail-submit\" type=\"submit\" form=\"mail-form\" onclick=\"__forecast.collectShareMail()\" class=\"latino-300r btn btn--large btn--black btn--fit\"> Envoyer <\/button> <\/p>\n<\/p><\/div>\n<p>                    <span data-urlencode=\"L2Fib25uZW1lbnQtYXZyaWwtMjAyNg==\" data-piano=\"Page_Article,Sous_date_publi,S_abonner_Printemps2026,1er_clic,action\" data-batch=\"clic_s_abonner\" class=\"btn btn--small btn--conversion-secondary\" style=\"--btn-color:#FFF;--btn-color-hover:#FFF;--btn-bg:#FC5F2B;--btn-bg-hover:#FC5F2B;--btn-bg-focus:#FC5F2B;--btn-border-color:#522DF7;\"> S\u2019abonner <\/span>       <\/div>\n<\/p><\/div>\n<p class=\"node__paragraphe antonia-750r text-grey-800 pb-24 pb-md-32\"> Entre \u00e9checs diplomatiques et cessez-le-feu incertain, la situation entre l\u2019Iran et les \u00c9tats-Unis reste floue ce vendredi 24\u00a0avril. Les n\u00e9gociations attendues en milieu de semaine n\u2019ont toujours pas eu lieu, tandis que les tensions persistent sur le terrain comme dans le discours. <\/p>\n<h2 class=\"node__heading latino-800m latino-lg-1400e text-grey-800 pb-8 pb-md-16\"> \u2022 Des n\u00e9gociations qui n\u2019avancent pas <\/h2>\n<p class=\"node__paragraphe antonia-750r text-grey-800 pb-24 pb-md-32\"> La <a href=\"https:\/\/www.nouvelobs.com\/monde\/20260410.OBS114046\/guerre-au-moyen-orient-pourquoi-les-negociations-entre-les-etats-unis-et-l-iran-ont-lieu-au-pakistan.html\">premi\u00e8re salve de n\u00e9gociations<\/a> enclench\u00e9e le 11\u00a0avril entre l\u2019Iran et les Etats-Unis au Pakistan s\u2019est sold\u00e9e par un \u00e9chec. Et alors que ces derni\u00e8res \u00e9taient cens\u00e9es reprendre cette semaine, elles sont toujours en suspens. Pourtant \u00e0 nouveau attendu \u00e0 Islamabad, <a href=\"https:\/\/www.nouvelobs.com\/monde\/20260118.OBS111607\/j-d-vance-un-vice-president-dans-l-ombre-de-trump-qui-prepare-l-avenir-en-singeant-son-maitre.html#gallery-1\">le vice-pr\u00e9sident am\u00e9ricain JD Vance<\/a> ne s\u2019est pas encore pr\u00e9sent\u00e9. Le chef de la diplomatie iranien, Abbas Araghtchi, est attendu ce vendredi soir au Pakistan, alors que T\u00e9h\u00e9ran avait refus\u00e9 jusque-l\u00e0 l\u2019envoi d\u2019une d\u00e9l\u00e9gation. Les \u00e9missaires de Donald Trump partiront quant \u00e0 eux samedi, de quoi entra\u00eener un fr\u00e9missement diplomatique. <\/p>\n<p class=\"node__paragraphe antonia-750r text-grey-800 pb-24 pb-md-32\"> \u00ab\u00a0<em>Il n\u2019y aura d\u2019accord que lorsque ce sera pertinent et bon pour les Etats-Unis, nos alli\u00e9s et, en r\u00e9alit\u00e9, le reste du monde<\/em>\u00a0\u00bb, a quant \u00e0 lui assur\u00e9 le pr\u00e9sident am\u00e9ricain. R\u00e9sultat\u00a0: pas de dialogues, pas de cadre commun et pas de calendrier pour l\u2019heure, \u00e9loignant plus encore la possibilit\u00e9 d\u2019un accord. <\/p>\n<h2 class=\"node__heading latino-800m latino-lg-1400e text-grey-800 pb-8 pb-md-16\"> \u2022 Un cessez-le-feu qui tient \u00e0 peine <\/h2>\n<p class=\"node__paragraphe antonia-750r text-grey-800 pb-24 pb-md-32\"> Alors qu\u2019il jugeait plus t\u00f4t l\u2019option \u00ab\u00a0<em>hautement improbable<\/em>\u00a0\u00bb, Donald Trump a annonc\u00e9 prolonger <a href=\"https:\/\/www.nouvelobs.com\/monde\/20260424.OBS114420\/trump-annonce-une-prolongation-de-la-treve-au-liban-pas-d-avancee-sur-l-iran.html\">le cessez-le-feu avec l\u2019Iran \u00ab\u00a0<em>jusqu\u2019\u00e0 nouvel ordre<\/em>\u00a0\u00bb<\/a> mardi soir, laissant aux Iraniens la possibilit\u00e9 de se joindre aux n\u00e9gociations pr\u00e9vues \u00e0 Islamabad. <\/p>\n<p class=\"node__paragraphe antonia-750r text-grey-800 pb-24 pb-md-32\"> Mais sur le terrain, cela vacille. Des explosions ont \u00e9t\u00e9 rapport\u00e9es jeudi par des m\u00e9dias iraniens \u00e0 T\u00e9h\u00e9ran, une premi\u00e8re depuis l\u2019entr\u00e9e en vigueur de la tr\u00eave le 8\u00a0avril. De quoi fragiliser un cessez-le-feu d\u00e9j\u00e0 instable. <\/p>\n<p class=\"node__paragraphe antonia-750r text-grey-800 pb-24 pb-md-32\"> Du c\u00f4t\u00e9 du Liban, la situation reste tout aussi instable. Le <a href=\"https:\/\/www.nouvelobs.com\/monde\/20260416.OBS114239\/guerre-au-moyen-orient-donald-trump-annonce-un-cessez-le-feu-de-dix-jours-au-liban.html\">cessez-le-feu entre Isra\u00ebl et le pays du C\u00e8dre<\/a> a lui aussi \u00e9t\u00e9 \u00ab\u00a0<em>prolong\u00e9 de TROIS SEMAINES<\/em>\u00a0\u00bb, comme l\u2019a annonc\u00e9 Donald Trump. Malgr\u00e9 cela, les violations se multiplient\u00a0: l\u2019arm\u00e9e isra\u00e9lienne, qui veut cr\u00e9er une zone tampon dans le sud du pays, continuent ses frappes. <\/p>\n<p class=\"node__paragraphe antonia-750r text-grey-800 pb-24 pb-md-32\"> Les dirigeants libanais ont accus\u00e9 Isra\u00ebl de \u00ab\u00a0<em>crime de guerre<\/em>\u00a0\u00bb, apr\u00e8s la mort mercredi d\u2019une journaliste libanaise tu\u00e9e dans le sud du pays. Des \u00ab\u00a0<em>violations\u00a0<\/em>\u00bb d\u00e9nonc\u00e9es par le Hezbollah, qui a annonc\u00e9 tirer en retour des roquettes sur le nord de l\u2019Etat h\u00e9breu. <\/p>\n<h2 class=\"node__heading latino-800m latino-lg-1400e text-grey-800 pb-8 pb-md-16\"> \u2022 Des menaces \u00e0 r\u00e9p\u00e9tition <\/h2>\n<p class=\"node__paragraphe antonia-750r text-grey-800 pb-24 pb-md-32\"> Depuis le d\u00e9but de la guerre au Moyen-Orient, <a href=\"https:\/\/www.nouvelobs.com\/monde\/20260421.OBS114350\/de-la-guerre-en-iran-au-pape-comment-donald-trump-a-perdu-la-main.html\">Donald Trump a fait de l\u2019impr\u00e9visibilit\u00e9 sa marque de fabrique<\/a>. <\/p>\n<p class=\"node__paragraphe antonia-750r text-grey-800 pb-24 pb-md-32\"> Le pr\u00e9sident am\u00e9ricain a durci le ton \u00e0 plusieurs reprises, affirmant lundi que \u00ab\u00a0<em>beaucoup de bombes exploseront<\/em>\u00a0\u00bb, si les revendications am\u00e9ricaines n\u2019\u00e9taient pas satisfaites avant le terme du cessez-le-feu. <\/p>\n<p class=\"node__paragraphe antonia-750r text-grey-800 pb-24 pb-md-32\"> Il a par ailleurs assur\u00e9 ne pas \u00eatre press\u00e9 concernant la fin des hostilit\u00e9s. \u00ab\u00a0<em>J\u2019ai tout le temps du monde<\/em>\u00a0\u00bb, a-t-il \u00e9crit, ajoutant que ce n\u2019\u00e9tait en revanche pas le cas de l\u2019Iran. Tout en maintenant une pression militaire, avec un troisi\u00e8me porte-avions am\u00e9ricain, le Georges Bush, qui navigue \u00e0 proximit\u00e9 de la r\u00e9gion. <\/p>\n<p class=\"node__paragraphe antonia-750r text-grey-800 pb-24 pb-md-32\"> Isra\u00ebl, de son c\u00f4t\u00e9, a d\u00e9clar\u00e9 par la voix de son ministre de la D\u00e9fense Isra\u00ebl Katz, attendre \u00ab\u00a0le feu vert des Etats-Unis\u00a0\u00bb pour \u00ab\u00a0<em>ramener l\u2019Iran \u00e0 l\u2019\u00e2ge de pierre<\/em>\u00a0\u00bb. <\/p>\n<h2 class=\"node__heading latino-800m latino-lg-1400e text-grey-800 pb-8 pb-md-16\"> \u2022 Le d\u00e9troit d\u2019Ormuz toujours \u00e0 l\u2019arr\u00eat <\/h2>\n<p class=\"node__paragraphe antonia-750r text-grey-800 pb-24 pb-md-32\"> Depuis mars, la situation autour du <a href=\"https:\/\/www.nouvelobs.com\/monde\/20260303.OBS112843\/guerre-en-iran-pourquoi-le-detroit-d-ormuz-est-l-une-des-dernieres-cartes-strategiques-de-teheran.html\">d\u00e9troit d\u2019Ormuz<\/a>, au c\u0153ur du conflit, continue de peser sur le march\u00e9 mondial d\u2019hydrocarbures et ce m\u00eame en d\u00e9pit de la tr\u00eave et de l\u2019arr\u00eat des bombardements. Les tensions se sont m\u00eame accentu\u00e9es apr\u00e8s l\u2019\u00e9chec du premier cycle de n\u00e9gociations, tandis que Washington a renforc\u00e9 sa pr\u00e9sence navale sur la r\u00e9gion. Officiellement, il s\u2019agit de s\u00e9curiser ce passage strat\u00e9gique et d\u2019emp\u00eacher toute tentative de blocage. <\/p>\n<p class=\"node__paragraphe antonia-750r text-grey-800 pb-24 pb-md-32\"> Dans les faits, la situation reste instable. Iraniens et Am\u00e9ricain ont accentu\u00e9 les saisies et les inspections de navires. Depuis sa <a href=\"https:\/\/www.nouvelobs.com\/monde\/20260418.OBS114272\/guerre-au-moyen-orient-l-iran-menace-de-refermer-le-detroit-d-ormuz-si-le-blocus-americain-se-poursuit-une-partie-de-son-espace-aerien-rouvert.html\">re-fermeture samedi<\/a>, en raison du <a href=\"https:\/\/www.nouvelobs.com\/monde\/20260412.OBS114119\/trump-annonce-la-mise-en-place-d-un-blocus-naval-americain-du-detroit-d-ormuz.html\">blocus am\u00e9ricain<\/a>, le nombre de franchissements du d\u00e9troit d\u2019Ormuz a chut\u00e9, et les incidents sur des bateaux se sont accrus. <\/p>\n<p class=\"node__paragraphe antonia-750r text-grey-800 pb-24 pb-md-32\"> Une pression militaire qui ne cesse pas. Du c\u00f4t\u00e9 de T\u00e9h\u00e9ran, le pr\u00e9sident du Parlement iranien, Mohammad Bagher Ghalibaf, a affirm\u00e9 sur X qu\u2019une r\u00e9ouverture du d\u00e9troit \u00e9tait pour l\u2019heure impossible, \u00ab\u00a0<em>tant que le cessez-le-feu est ouvertement bafou\u00e9<\/em>\u00a0\u00bb. <\/p>\n<p class=\"node__paragraphe antonia-750r text-grey-800 pb-24 pb-md-32\"> Donald Trump, quant \u00e0 lui, a multipli\u00e9 les d\u00e9clarations offensives, affirmant avoir ordonn\u00e9 \u00e0 la marine am\u00e9ricaine d\u2019\u00ab\u00a0<em>d\u2019abattre tous les bateaux, m\u00eame les plus petits<\/em> (\u2026) <em>qui posent des mines dans le d\u00e9troit d\u2019Ormuz<\/em>\u00a0\u00bb. \u00ab\u00a0<em>Nous contr\u00f4lons totalement le d\u00e9troit d\u2019Ormuz<\/em>\u00a0\u00bb, a-t-il \u00e9galement affirm\u00e9, ajoutant qu\u2019\u00ab\u00a0<em>aucun navire ne peut y entrer ni en sortir sans l\u2019autorisation de la marine am\u00e9ricaine<\/em>\u00a0\u00bb. <\/p>\n<div class=\"article__author pb-32\">\n<p class=\"authors latino-600m text-grey-800\">        <span>Par\u00a0<\/span> Service Actu\u00a0(avec AFP)<\/p>\n<\/p><\/div>\n<\/p><\/div>\n<p><a href=\"https:\/\/www.nouvelobs.com\/monde\/20260424.OBS114432\/guerre-au-moyen-orient-negociations-en-panne-menaces-a-repetition-le-point-sur-une-semaine-sous-pression.html\">source<\/a><\/p>\n","protected":false},"excerpt":{"rendered":"<p>Des marins de l\u2019US Navy observent un cargo iranien apr\u00e8s son abordage et les tirs re\u00e7us pour avoir viol\u00e9 le blocus maritime am\u00e9ricain dans le d\u00e9troit d\u2019Ormuz, le 21\u00a0avril 2026.\u00a0US NAVY\/US NAVY\/ZUMA\/SIPA Lire\u00a0plus\u00a0tard Google Actualit\u00e9s Partager Facebook Bluesky E-mail Copier le lien Envoyer S\u2019abonner Entre \u00e9checs diplomatiques et cessez-le-feu incertain, la situation entre l\u2019Iran et [&hellip;]<\/p>\n","protected":false},"author":1,"featured_media":129498,"comment_status":"open","ping_status":"open","sticky":false,"template":"","format":"standard","meta":{"_monsterinsights_skip_tracking":false,"_monsterinsights_sitenote_active":false,"_monsterinsights_sitenote_note":"","_monsterinsights_sitenote_category":0,"footnotes":""},"categories":[75],"tags":[],"coauthors":[77],"class_list":["post-129497","post","type-post","status-publish","format-standard","has-post-thumbnail","hentry","category-monde"],"aioseo_notices":[],"_links":{"self":[{"href":"https:\/\/pressactu.com\/index.php?rest_route=\/wp\/v2\/posts\/129497","targetHints":{"allow":["GET"]}}],"collection":[{"href":"https:\/\/pressactu.com\/index.php?rest_route=\/wp\/v2\/posts"}],"about":[{"href":"https:\/\/pressactu.com\/index.php?rest_route=\/wp\/v2\/types\/post"}],"author":[{"embeddable":true,"href":"https:\/\/pressactu.com\/index.php?rest_route=\/wp\/v2\/users\/1"}],"replies":[{"embeddable":true,"href":"https:\/\/pressactu.com\/index.php?rest_route=%2Fwp%2Fv2%2Fcomments&post=129497"}],"version-history":[{"count":0,"href":"https:\/\/pressactu.com\/index.php?rest_route=\/wp\/v2\/posts\/129497\/revisions"}],"wp:featuredmedia":[{"embeddable":true,"href":"https:\/\/pressactu.com\/index.php?rest_route=\/wp\/v2\/media\/129498"}],"wp:attachment":[{"href":"https:\/\/pressactu.com\/index.php?rest_route=%2Fwp%2Fv2%2Fmedia&parent=129497"}],"wp:term":[{"taxonomy":"category","embeddable":true,"href":"https:\/\/pressactu.com\/index.php?rest_route=%2Fwp%2Fv2%2Fcategories&post=129497"},{"taxonomy":"post_tag","embeddable":true,"href":"https:\/\/pressactu.com\/index.php?rest_route=%2Fwp%2Fv2%2Ftags&post=129497"},{"taxonomy":"author","embeddable":true,"href":"https:\/\/pressactu.com\/index.php?rest_route=%2Fwp%2Fv2%2Fcoauthors&post=129497"}],"curies":[{"name":"wp","href":"https:\/\/api.w.org\/{rel}","templated":true}]}}