{"id":129495,"date":"2026-04-25T02:54:00","date_gmt":"2026-04-25T02:54:00","guid":{"rendered":"https:\/\/pressactu.com\/?p=129495"},"modified":"2026-04-25T02:54:00","modified_gmt":"2026-04-25T02:54:00","slug":"meurtre-dagnes-lassalle-en-2023-leleve-qui-a-poignarde-lenseignante-condamne-a-15-ans-de-prison","status":"publish","type":"post","link":"https:\/\/pressactu.com\/?p=129495","title":{"rendered":"Meurtre d\u2019Agn\u00e8s Lassalle en 2023\u00a0: l\u2019\u00e9l\u00e8ve qui a poignard\u00e9 l\u2019enseignante condamn\u00e9 \u00e0 15 ans de prison"},"content":{"rendered":"<p>\n                                                                    <span class=\"article-full__chapo-label hide-on-small-only\">l&#8217;essentiel<\/span><br \/>\n                                                                L\u2019\u00e9l\u00e8ve qui avait poignard\u00e9 sa professeure d\u2019espagnol en 2023 \u00e0 Saint-Jean-de-Luz (Pyr\u00e9n\u00e9es-Atlantiques) a \u00e9t\u00e9 condamn\u00e9 ce vendredi 24\u00a0avril \u00e0 15 ans de prison.\n                            <\/p>\n<div rel=\"js-article-content\">\n                                                                                                                            <!-- Pub DFP Position [outstream] --><\/p>\n<p><a href=\"https:\/\/www.ladepeche.fr\/2026\/04\/22\/proces-du-lyceen-accuse-davoir-tue-agnes-lassalle-il-na-pas-verse-une-larme-superficiel-lattitude-apathique-de-lado-interroge-13338116.php\" target=\"_self\">Le jeune homme de 19 ans<\/a> qui comparaissait depuis mardi dernier \u00e0 huis clos devant la cour d\u2019assises des mineurs pour l\u2019assassinat de sa professeure Agn\u00e8s Lassale en 2023 \u00e0 Saint-Jean-de-Luz (Pyr\u00e9n\u00e9es-Atlantiques) a \u00e9t\u00e9 condamn\u00e9 ce vendredi \u00e0 15 ans de prison.<\/p>\n<p><!-- Pub DFP Position [article] --><\/p>\n<p>Seize ans de r\u00e9clusion criminelle avaient \u00e9t\u00e9 requis plus t\u00f4t dans la journ\u00e9e \u00e0 l\u2019encontre de l\u2019\u00e9l\u00e8ve, mineur au moment des faits.\u00a0La cour a jug\u00e9 l\u2019accus\u00e9 coupable apr\u00e8s trois heures de d\u00e9lib\u00e9r\u00e9.<\/p>\n<h2 class=\"txt-int\">Des expertises psychiatriques contradictoires<\/h2>\n<p>Le 22\u00a0f\u00e9vrier 2023, Agn\u00e8s Lassalle, 53 ans, qui enseignait l\u2019espagnol au coll\u00e8ge-lyc\u00e9e priv\u00e9 catholique Saint-Thomas d\u2019Aquin \u00e0 Saint-Jean-de-Luz, avait \u00e9t\u00e9 poignard\u00e9e mortellement dans sa classe. Tandis que le cours touchait \u00e0 sa fin, l\u2019\u00e9l\u00e8ve de 16 ans \u00e0 l\u2019\u00e9poque s\u2019\u00e9tait lev\u00e9 pour aller verrouiller la porte de la salle puis frapper la victime au niveau du c\u0153ur avec la lame de 18 centim\u00e8tres d\u2019un couteau de cuisine.<\/p>\n<p>Selon les avocats des parties civiles, la magistrate avait laiss\u00e9 la cour appr\u00e9cier le discernement de l\u2019accus\u00e9 au moment des faits, alors que plusieurs expertises psychiatriques avaient rendu des conclusions contradictoires \u00e0 ce sujet. L\u2019une avait \u00e9cart\u00e9 tout &#8220;trouble psychique ou neuro-psychique ayant aboli ou alt\u00e9r\u00e9 son discernement ou le contr\u00f4le de ses actes&#8221;, une autre parlait\u00a0d\u2019un discernement &#8220;l\u00e9g\u00e8rement alt\u00e9r\u00e9&#8221;, tandis qu\u2019un dernier rapport remis en novembre\u00a02024 l\u2019avait jug\u00e9 &#8220;aboli&#8221; lors du passage \u00e0 l\u2019acte.<\/p>\n<h2 class=\"txt-int\">Le compagnon &#8220;vraiment apais\u00e9&#8221; \u00e0 l\u2019issue des plaidoiries<\/h2>\n<p>Vendredi midi, apr\u00e8s les plaidoiries des parties civiles, St\u00e9phane Voirin, compagnon d\u2019Agn\u00e8s Lassalle qui lui avait rendu un hommage \u00e9mouvant en dansant, seul, pr\u00e8s de son cercueil lors des obs\u00e8ques, s\u2019est dit &#8220;vraiment apais\u00e9&#8221; par les quatre jours d\u2019audience.<\/p>\n<p>Au premier jour du proc\u00e8s, ses avocats avaient \u00e9voqu\u00e9 les parents de l\u2019accus\u00e9, &#8220;effondr\u00e9s de la douleur&#8221; caus\u00e9e par le geste de leur fils.\u00a0Un acte pr\u00e9m\u00e9dit\u00e9, selon l\u2019accusation\u00a0: la veille, l\u2019adolescent avait r\u00e9cup\u00e9r\u00e9 le couteau chez son p\u00e8re, l\u2019enroulant dans du papier essuie-tout et le glissant dans son sac pour aller au lyc\u00e9e le lendemain.<\/p>\n<p>Suivi pour une d\u00e9pression grave et sous traitement apr\u00e8s une tentative de suicide en novembre\u00a02022, il a expliqu\u00e9 notamment qu\u2019une &#8220;petite voix&#8221; l\u2019aurait incit\u00e9 \u00e0 &#8220;faire le mal&#8221;.<\/p>\n<\/p><\/div>\n<p><a href=\"https:\/\/www.ladepeche.fr\/2026\/04\/24\/meurtre-dagnes-lassalle-en-2023-leleve-qui-a-poignarde-lenseignante-condamne-a-15-ans-de-prison-13342200.php\">source<\/a><\/p>\n","protected":false},"excerpt":{"rendered":"<p>l&#8217;essentiel L\u2019\u00e9l\u00e8ve qui avait poignard\u00e9 sa professeure d\u2019espagnol en 2023 \u00e0 Saint-Jean-de-Luz (Pyr\u00e9n\u00e9es-Atlantiques) a \u00e9t\u00e9 condamn\u00e9 ce vendredi 24\u00a0avril \u00e0 15 ans de prison. Le jeune homme de 19 ans qui comparaissait depuis mardi dernier \u00e0 huis clos devant la cour d\u2019assises des mineurs pour l\u2019assassinat de sa professeure Agn\u00e8s Lassale en 2023 \u00e0 Saint-Jean-de-Luz [&hellip;]<\/p>\n","protected":false},"author":1,"featured_media":129496,"comment_status":"open","ping_status":"open","sticky":false,"template":"","format":"standard","meta":{"_monsterinsights_skip_tracking":false,"_monsterinsights_sitenote_active":false,"_monsterinsights_sitenote_note":"","_monsterinsights_sitenote_category":0,"footnotes":""},"categories":[1],"tags":[],"coauthors":[77],"class_list":["post-129495","post","type-post","status-publish","format-standard","has-post-thumbnail","hentry","category-a-la-une"],"aioseo_notices":[],"_links":{"self":[{"href":"https:\/\/pressactu.com\/index.php?rest_route=\/wp\/v2\/posts\/129495","targetHints":{"allow":["GET"]}}],"collection":[{"href":"https:\/\/pressactu.com\/index.php?rest_route=\/wp\/v2\/posts"}],"about":[{"href":"https:\/\/pressactu.com\/index.php?rest_route=\/wp\/v2\/types\/post"}],"author":[{"embeddable":true,"href":"https:\/\/pressactu.com\/index.php?rest_route=\/wp\/v2\/users\/1"}],"replies":[{"embeddable":true,"href":"https:\/\/pressactu.com\/index.php?rest_route=%2Fwp%2Fv2%2Fcomments&post=129495"}],"version-history":[{"count":0,"href":"https:\/\/pressactu.com\/index.php?rest_route=\/wp\/v2\/posts\/129495\/revisions"}],"wp:featuredmedia":[{"embeddable":true,"href":"https:\/\/pressactu.com\/index.php?rest_route=\/wp\/v2\/media\/129496"}],"wp:attachment":[{"href":"https:\/\/pressactu.com\/index.php?rest_route=%2Fwp%2Fv2%2Fmedia&parent=129495"}],"wp:term":[{"taxonomy":"category","embeddable":true,"href":"https:\/\/pressactu.com\/index.php?rest_route=%2Fwp%2Fv2%2Fcategories&post=129495"},{"taxonomy":"post_tag","embeddable":true,"href":"https:\/\/pressactu.com\/index.php?rest_route=%2Fwp%2Fv2%2Ftags&post=129495"},{"taxonomy":"author","embeddable":true,"href":"https:\/\/pressactu.com\/index.php?rest_route=%2Fwp%2Fv2%2Fcoauthors&post=129495"}],"curies":[{"name":"wp","href":"https:\/\/api.w.org\/{rel}","templated":true}]}}