{"id":129493,"date":"2026-04-25T02:51:32","date_gmt":"2026-04-25T02:51:32","guid":{"rendered":"https:\/\/pressactu.com\/?p=129493"},"modified":"2026-04-25T02:51:32","modified_gmt":"2026-04-25T02:51:32","slug":"roland-garros-2026-le-double-tenant-du-titre-carlos-alcaraz-declare-forfait","status":"publish","type":"post","link":"https:\/\/pressactu.com\/?p=129493","title":{"rendered":"Roland-Garros 2026\u00a0: le double tenant du titre, Carlos Alcaraz, d\u00e9clare forfait"},"content":{"rendered":"<p>\n                                                                    <span class=\"article-full__chapo-label hide-on-small-only\">l&#8217;essentiel<\/span><br \/>\n                                                                Le tennisman espagnol a annonc\u00e9 sur ses r\u00e9seaux sociaux qu\u2019il ne participera pas \u00e0 Roland-Garros cette ann\u00e9e. Le double tenant du titre renonce au tournoi pour cause de blessure au poignet droit.\n                            <\/p>\n<div rel=\"js-article-content\">\n                                                                                                                            <!-- Pub DFP Position [outstream] --><\/p>\n<p>C\u2019est un v\u00e9ritable coup de tonnerre \u00e0 quelques semaines du coup d\u2019envoi de Roland-Garros. Le tennisman espagnol de 22 ans vient d\u2019annoncer ce vendredi 24\u00a0avril sur les r\u00e9seaux sociaux son forfait pour l\u2019\u00e9dition 2026 de Roland-Garros, qui doit se tenir du 18\u00a0mai au 7\u00a0juin 2026. Le double tenant du titre se tiendra \u00e0 l\u2019\u00e9cart des courts en terre battue cette ann\u00e9e en raison d\u2019une blessure.<\/p>\n<p><!-- Pub DFP Position [article] --><\/p>\n<div class=\"extemb-container\">\n<blockquote data-class=\"twitter-tweet\">\n<p lang=\"es\" dir=\"ltr\">Despu\u00e9s de los resultados de las pruebas realizadas hoy, hemos decidido que lo m\u00e1s prudente es ser cautos y no participar en Roma y Roland Garros, a la espera de valorar la evoluci\u00f3n para decidir cu\u00e1ndo volveremos a la pista. Es un momento complicado para m\u00ed, pero estoy seguro de\u2026 <a href=\"https:\/\/t.co\/U6PhjtXnBX\">pic.twitter.com\/U6PhjtXnBX<\/a><\/p>\n<p>\u2014 Carlos Alcaraz (@carlosalcaraz) <a href=\"https:\/\/twitter.com\/carlosalcaraz\/status\/2047702469094801897?ref_src=twsrc%5Etfw\">April 24, 2026<\/a><\/p><\/blockquote><\/div>\n<p>&#8220;Apr\u00e8s les r\u00e9sultats des tests effectu\u00e9s aujourd\u2019hui, nous avons d\u00e9cid\u00e9 que le plus prudent \u00e9tait de faire preuve de prudence et de ne pas participer \u00e0 Rome et \u00e0 Roland-Garros&#8221;, a d\u00e9clar\u00e9 Carlos Alcaraz. &#8220;Si je force pour jouer ce Roland-Garros, cela peut me porter pr\u00e9judice pour les tournois suivants. Je pr\u00e9f\u00e8re revenir peut-\u00eatre un peu plus tard, mais tr\u00e8s bien, que revenir vite et risquer d\u2019aggraver cette blessure. J\u2019ai une longue carri\u00e8re devant moi, donc je n\u2019ai pas peur de manquer ce que j\u2019ai \u00e0 manquer pour r\u00e9cup\u00e9rer au mieux&#8221;, rajoute-t-il.<\/p>\n<p>D\u00e9j\u00e0 vainqueur de sept tournois du Grand Chelem, son absence pourrait profiter \u00e0 son rival italien Jannik Sinner, qui n\u2019a toujours pas remport\u00e9 le tournoi. Ce dernier vient d\u2019ailleurs de r\u00e9cup\u00e9rer la premi\u00e8re place mondiale du classement ATP en s\u2019imposant en finale \u00e0 Monte-Carlo face \u00e0 l\u2019Espagnol il y a deux semaines.<\/p>\n<\/p><\/div>\n<p><script async src=\"\/\/platform.twitter.com\/widgets.js\" charset=\"utf-8\"><\/script><br \/><a href=\"https:\/\/www.ladepeche.fr\/2026\/04\/24\/roland-garros-2026-le-double-tenant-du-titre-carlos-alcaraz-declare-forfait-13342188.php\">source<\/a><\/p>\n","protected":false},"excerpt":{"rendered":"<p>l&#8217;essentiel Le tennisman espagnol a annonc\u00e9 sur ses r\u00e9seaux sociaux qu\u2019il ne participera pas \u00e0 Roland-Garros cette ann\u00e9e. Le double tenant du titre renonce au tournoi pour cause de blessure au poignet droit. C\u2019est un v\u00e9ritable coup de tonnerre \u00e0 quelques semaines du coup d\u2019envoi de Roland-Garros. Le tennisman espagnol de 22 ans vient d\u2019annoncer [&hellip;]<\/p>\n","protected":false},"author":1,"featured_media":129494,"comment_status":"open","ping_status":"open","sticky":false,"template":"","format":"standard","meta":{"_monsterinsights_skip_tracking":false,"_monsterinsights_sitenote_active":false,"_monsterinsights_sitenote_note":"","_monsterinsights_sitenote_category":0,"footnotes":""},"categories":[71],"tags":[],"coauthors":[77],"class_list":["post-129493","post","type-post","status-publish","format-standard","has-post-thumbnail","hentry","category-sport"],"aioseo_notices":[],"_links":{"self":[{"href":"https:\/\/pressactu.com\/index.php?rest_route=\/wp\/v2\/posts\/129493","targetHints":{"allow":["GET"]}}],"collection":[{"href":"https:\/\/pressactu.com\/index.php?rest_route=\/wp\/v2\/posts"}],"about":[{"href":"https:\/\/pressactu.com\/index.php?rest_route=\/wp\/v2\/types\/post"}],"author":[{"embeddable":true,"href":"https:\/\/pressactu.com\/index.php?rest_route=\/wp\/v2\/users\/1"}],"replies":[{"embeddable":true,"href":"https:\/\/pressactu.com\/index.php?rest_route=%2Fwp%2Fv2%2Fcomments&post=129493"}],"version-history":[{"count":0,"href":"https:\/\/pressactu.com\/index.php?rest_route=\/wp\/v2\/posts\/129493\/revisions"}],"wp:featuredmedia":[{"embeddable":true,"href":"https:\/\/pressactu.com\/index.php?rest_route=\/wp\/v2\/media\/129494"}],"wp:attachment":[{"href":"https:\/\/pressactu.com\/index.php?rest_route=%2Fwp%2Fv2%2Fmedia&parent=129493"}],"wp:term":[{"taxonomy":"category","embeddable":true,"href":"https:\/\/pressactu.com\/index.php?rest_route=%2Fwp%2Fv2%2Fcategories&post=129493"},{"taxonomy":"post_tag","embeddable":true,"href":"https:\/\/pressactu.com\/index.php?rest_route=%2Fwp%2Fv2%2Ftags&post=129493"},{"taxonomy":"author","embeddable":true,"href":"https:\/\/pressactu.com\/index.php?rest_route=%2Fwp%2Fv2%2Fcoauthors&post=129493"}],"curies":[{"name":"wp","href":"https:\/\/api.w.org\/{rel}","templated":true}]}}