{"id":129421,"date":"2026-04-24T16:49:33","date_gmt":"2026-04-24T16:49:33","guid":{"rendered":"https:\/\/pressactu.com\/?p=129421"},"modified":"2026-04-24T16:49:33","modified_gmt":"2026-04-24T16:49:33","slug":"direct-guerre-au-moyen-orient-donald-trump-annonce-une-prolongation-de-trois-semaines-du-cessez-le-feu-entre-le-liban-et-israel","status":"publish","type":"post","link":"https:\/\/pressactu.com\/?p=129421","title":{"rendered":"DIRECT. Guerre au Moyen-Orient\u00a0: Donald Trump annonce une prolongation de &quot;trois semaines&quot; du cessez-le-feu entre le Liban et Isra\u00ebl"},"content":{"rendered":"<div id=\"live_post_EVMOD1SY7DAON56\"><span class=\"live-post__date\">17h11.<\/span><\/p>\n<div class=\"live-post__content\">\n<h2 class=\"live-post__title\">L&#8217;arm\u00e9e isra\u00e9lienne dit que le Hezbollah a abattu un de ses drones dans le sud du Liban<\/h2>\n<p class=\"live-post__amorce\">L\u2019arm\u00e9e isra\u00e9lienne a d\u00e9clar\u00e9 que le Hezbollah avait abattu l\u2019un de ses drones dans le sud du Liban, quelques heures apr\u00e8s la prolongation d\u2019un cessez-le-feu entre Isra\u00ebl et le mouvement libanais pro-iranien. &#8220;Il y a peu, un a\u00e9ronef t\u00e9l\u00e9pilot\u00e9 de l\u2019IDF (l&#8217;arm\u00e9e isra\u00e9lienne, NDLR) a \u00e9t\u00e9 abattu dans le sud du Liban \u00e0 la suite du tir d\u2019un petit missile sol-air par l\u2019organisation terroriste Hezbollah&#8221;, a indiqu\u00e9 l\u2019arm\u00e9e dans un communiqu\u00e9. Le Hezbollah a affirm\u00e9 de son c\u00f4t\u00e9 avoir abattu un drone isra\u00e9lien au-dessus de la r\u00e9gion de Tyr, dans le sud du pays.<\/p>\n<\/div>\n<\/div>\n<div id=\"live_post_EVMOD1S9PZ846SU\"><span class=\"live-post__date\">17h10.<\/span><\/p>\n<div class=\"live-post__content\">\n<h2 class=\"live-post__title\">Benjamin Netanyahu dit que le Hezbollah tente de &#8220;saboter&#8221; les efforts de paix avec le Liban<\/h2>\n<p class=\"live-post__amorce\">Le Premier ministre isra\u00e9lien Benjamin Netanyahu a accus\u00e9 vendredi le mouvement libanais pro-iranien Hezbollah de tenter de &#8220;saboter&#8221; les efforts de paix avec le Liban. &#8220;Nous avons entam\u00e9 un processus pour parvenir \u00e0 une paix historique entre Isra\u00ebl et le Liban, et il nous para\u00eet \u00e9vident que le Hezbollah essaie de le saboter&#8221;, a affirm\u00e9 Benjamin Netanyahu, au lendemain de l&#8217;annonce d&#8217;une prolongation de trois semaines d&#8217;un cessez-le-feu entre les deux pays.<\/p>\n<\/div>\n<\/div>\n<div id=\"live_post_EVMOCYXWOYDB8Z9\"><span class=\"live-post__date\">15h51.<\/span><\/p>\n<div class=\"live-post__content\">\n<h2 class=\"live-post__title\">Pourquoi les pr\u00e9servatifs pourraient bient\u00f4t co\u00fbter plus cher \u00e0 cause de la guerre au Moyen-Orient<\/h2>\n<p class=\"live-post__amorce\">C&#8217;est l&#8217;une des (nombreuses) cons\u00e9quences de la guerre en Iran, bien que celle-ci soit pour le moins inattendue : le prix des pr\u00e9servatifs pourrait bondir dans les semaines \u00e0 venir. \ud83d\udc49  <a href=\"https:\/\/www.ladepeche.fr\/2026\/04\/23\/guerre-au-moyen-orient-il-ny-a-pas-que-le-prix-des-carburants-qui-augmente-pourquoi-les-preservatifs-pourraient-bientot-couter-plus-cher-13339763.php\" target=\"_blank\" rel=\"noopener noreferrer nofollow\" class=\"\"><strong>Lire cet article<\/strong><\/a> .<\/p>\n<\/div>\n<\/div>\n<div id=\"live_post_EVMOCYMMWBIO4P7\"><span class=\"live-post__date\">15h42.<\/span><\/p>\n<div class=\"live-post__content\">\n<h2 class=\"live-post__title\">Pour l&#8217;UE, la r\u00e9ouverture imm\u00e9diate du d\u00e9troit d&#8217;Ormuz est &#8220;vitale pour le monde entier&#8221;<\/h2>\n<p class=\"live-post__amorce\">&#8220;Le d\u00e9troit d&#8217;Ormuz doit \u00eatre rouvert imm\u00e9diatement, sans restrictions et sans p\u00e9age, dans le plein respect du droit international et du principe de libert\u00e9 de navigation. C&#8217;est vital pour le monde entier&#8221;, a d\u00e9clar\u00e9 le pr\u00e9sident du Conseil europ\u00e9en Antonio Costa \u00e0 Chypre, apr\u00e8s un d\u00e9jeuner de travail entre l&#8217;UE et les dirigeants libanais, syrien, \u00e9gyptien et jordanien.<\/p>\n<\/div>\n<\/div>\n<div id=\"live_post_EVMOCUSPVRPB2X5\"><span class=\"live-post__date\">13h55.<\/span><\/p>\n<p><h2 class=\"live-post__title\">Deux personnes tu\u00e9es dans une frappe isra\u00e9lienne dans le sud du Liban, apr\u00e8s la prolongation de la tr\u00eave<\/h2>\n<\/p>\n<\/div>\n<div id=\"live_post_EVMOCUSCF2NVIDI\"><span class=\"live-post__date\">13h54.<\/span><\/p>\n<p><h2 class=\"live-post__title\">L&#8217;arm\u00e9e isra\u00e9lienne \u00e9met un appel \u00e0 \u00e9vacuer un village du sud du Liban<\/h2>\n<\/p>\n<\/div>\n<div id=\"live_post_EVMOCT195LPLLML\"><span class=\"live-post__date\">12h44.<\/span><\/p>\n<div class=\"live-post__content\">\n<h2 class=\"live-post__title\">D\u00e9c\u00e8s d&#8217;un Casque bleu bless\u00e9 le 29 mars dans le sud du Liban<\/h2>\n<p class=\"live-post__amorce\">Les forces onusiennes de maintien de la paix dans le sud du Liban (Finul) ont annonc\u00e9 vendredi le d\u00e9c\u00e8s d&#8217;un Casque bleu indon\u00e9sien qui avait \u00e9t\u00e9 bless\u00e9 le 29 mars dans une attaque contre sa base.<\/p>\n<\/div>\n<\/div>\n<div id=\"live_post_EVMOCRBUGE3TBB3\"><span class=\"live-post__date\">12h18.<\/span><\/p>\n<div class=\"live-post__content\">\n<h2 class=\"live-post__title\">Le Kowe\u00eft touch\u00e9 par des tirs de drones depuis l&#8217;Irak, des postes-fronti\u00e8res vis\u00e9s<\/h2>\n<p class=\"live-post__amorce\">Deux drones en provenance d&#8217;Irak ont vis\u00e9 des postes-fronti\u00e8res dans le nord du Kowe\u00eft, a d\u00e9clar\u00e9 l&#8217;arm\u00e9e kowe\u00eftienne, rapportant des d\u00e9g\u00e2ts mais pas de victimes. &#8220;Ce matin, deux postes-fronti\u00e8res \u00e0 la fronti\u00e8re nord du Kowe\u00eft ont \u00e9t\u00e9 cibl\u00e9s par un acte criminel d&#8217;agression impliquant deux drones charg\u00e9s d&#8217;explosifs (&#8230;) en provenance de la R\u00e9publique d&#8217;Irak, entra\u00eenant des dommages mat\u00e9riels mais (&#8230;) aucune victime&#8221;, a indiqu\u00e9 l&#8217;arm\u00e9e, dans un communiqu\u00e9 publi\u00e9 sur X.<\/p>\n<\/div>\n<\/div>\n<div id=\"live_post_EVMOCMPHN41TYTI\"><span class=\"live-post__date\">10h08.<\/span><\/p>\n<div class=\"live-post__content\">\n<h2 class=\"live-post__title\">Les Etats-Unis r\u00e9fl\u00e9chiraient \u00e0 suspendre l&#8217;Espagne de l&#8217;Otan ? Pedro S\u00e1nchez &#8220;pas inquiet&#8221;<\/h2>\n<p class=\"live-post__amorce\">Le Premier ministre espagnol, Pedro S\u00e1nchez a affirm\u00e9 ne pas avoir d'&#8221;inqui\u00e9tude&#8221; apr\u00e8s la publication d&#8217;informations de presse \u00e9voquant des r\u00e9flexions en cours aux Etats-Unis pour \u00e9ventuellement suspendre l&#8217;Espagne de l&#8217;Otan en repr\u00e9sailles \u00e0 son opposition \u00e0 la guerre contre l&#8217;Iran. &#8220;L&#8217;Espagne est un partenaire fiable au sein de l&#8217;Otan et nous remplissons nos obligations envers l&#8217;Alliance&#8221;, s&#8217;est-il d\u00e9fendu en anglais face \u00e0 la presse, en ouverture d&#8217;un sommet des dirigeants de l&#8217;UE \u00e0 Chypre, avant d&#8217;ajouter : &#8220;Donc, pas d&#8217;inqui\u00e9tude&#8221;. <\/p>\n<p class=\"live-post__amorce\">&#8220;Nous ne travaillons pas sur la base d&#8217;e-mails (qui mentionneraient selon la presse une telle r\u00e9flexion \u00e0 Washington, ndlr), nous travaillons sur la base de documents officiels et de prises de position que le gouvernement des Etats-Unis formule&#8221;, a-t-il aussi affirm\u00e9 par ailleurs en espagnol. &#8220;La position du gouvernement espagnol est claire : une coop\u00e9ration absolue avec nos alli\u00e9s, mais toujours dans le cadre de la l\u00e9galit\u00e9 internationale&#8221;, a-t-il poursuivi en espagnol.<\/p>\n<p class=\"live-post__amorce\">Le gouvernement espagnol de Pedro S\u00e1nchez s&#8217;est oppos\u00e9 \u00e0 la guerre men\u00e9e par les Etats-Unis et Isra\u00ebl contre l&#8217;Iran depuis fin f\u00e9vrier. Cette position ferme a fortement irrit\u00e9 le pr\u00e9sident am\u00e9ricain, Donald Trump, qui a reproch\u00e9 \u00e0 Madrid d&#8217;avoir refus\u00e9 de laisser les Etats-Unis utiliser des bases militaires situ\u00e9es en Andalousie pour mener des attaques a\u00e9riennes, allant jusqu&#8217;\u00e0 menacer de &#8220;cesser tout commerce&#8221; entre les deux pays.<\/p>\n<\/div>\n<\/div>\n<div id=\"live_post_EVMOCL9VSXCYEC9\"><span class=\"live-post__date\">09h28.<\/span><\/p>\n<div class=\"live-post__content\">\n<h2 class=\"live-post__title\">L&#8217;AIE anticipe un march\u00e9 du gaz liqu\u00e9fi\u00e9 (GNL) &#8220;tendu&#8221; jusqu&#8217;en 2027<\/h2>\n<p class=\"live-post__amorce\">Les cons\u00e9quences de la guerre au Moyen-Orient sur la production de gaz liqu\u00e9fi\u00e9 (GNL) se feront sentir pendant au moins deux ans, et le march\u00e9 restera &#8220;tendu&#8221; en 2026 et 2027, a averti l&#8217;Agence internationale de l&#8217;energie (AIE) vendredi. Les dommages sur les infrastructures de liqu\u00e9faction de gaz, au Qatar notamment, devraient retarder l&#8217;impact d&#8217;une expansion de la production mondiale de GNL d&#8217;au moins deux ans, a estim\u00e9 l&#8217;AIE dans un rapport publi\u00e9 aujourd&#8217;hui. Et si les nouveaux projets devraient compenser avec le temps, l&#8217;AIE anticipe que le march\u00e9 restera &#8220;tendu en 2026 et 2027&#8221;.<\/p>\n<p class=\"live-post__amorce\">&#8220;L&#8217;effet combin\u00e9 des pertes d&#8217;approvisionnement \u00e0 court terme et du ralentissement de la croissance des capacit\u00e9s pourrait entra\u00eener une perte cumul\u00e9e d&#8217;environ 120 milliards de m\u00e8tres cubes de GNL entre 2026 et 2030&#8221;, d\u00e9taille encore l&#8217;organisation. L&#8217;AIE appelle \u00e0 &#8220;renforcer la s\u00e9curit\u00e9 de l&#8217;approvisionnement mondial de GNL&#8221; en investissant sur l&#8217;ensemble de la cha\u00eene de valeur et en &#8220;renforcant la coop\u00e9ration internationale entre producteurs et consommateurs&#8221;. Elle appelle en outre les importateurs \u00e0 diversifier leurs contrats de long-terme pour r\u00e9duire le risque de volatilit\u00e9 des prix.<\/p>\n<\/div>\n<\/div>\n<div id=\"live_post_EVMOCL8BTESU0IP\"><span class=\"live-post__date\">09h27.<\/span><\/p>\n<div class=\"live-post__content\">\n<h2 class=\"live-post__title\">Un retour rapide \u00e0 la stabilit\u00e9 au Moyen-Orient est dans l&#8217;int\u00e9r\u00eat de tous selon Macron<\/h2>\n<p class=\"live-post__amorce\">Le pr\u00e9sident fran\u00e7ais a appel\u00e9 au retour de la stabilit\u00e9 au Moyen-Orient &#8220;le plus vite possible&#8221;, alors que son homologue am\u00e9ricain, Donald Trump, avait affirm\u00e9 la veille avoir &#8220;tout le temps du monde&#8221; pour n\u00e9gocier une paix avec l&#8217;Iran. &#8220;Je pense que nous avons tous int\u00e9r\u00eat \u00e0 ce que le plus vite possible, la stabilit\u00e9 revienne et que les \u00e9conomies du monde soient apais\u00e9es&#8221;, a d\u00e9clar\u00e9 Emmanuel Macron avant une r\u00e9union des dirigeants europ\u00e9ens \u00e0 Chypre, \u00e0 laquelle plusieurs chefs d&#8217;Etat du Moyen-Orient ont \u00e9t\u00e9 invit\u00e9s.<\/p>\n<\/div>\n<\/div>\n<div id=\"live_post_EVMOCHLWI7M9JK8\"><span class=\"live-post__date\">07h45.<\/span><\/p>\n<div class=\"live-post__content\">\n<h2 class=\"live-post__title\">Trump assure ne pas avoir l&#8217;intention d&#8217;utiliser l&#8217;arme nucl\u00e9aire contre l&#8217;Iran<\/h2>\n<p class=\"live-post__amorce\">Donald Trump a dit hier ne pas avoir l&#8217;intention d&#8217;utiliser l&#8217;arme nucl\u00e9aire contre l&#8217;Iran, pendant un \u00e9change avec la presse dans le Bureau ovale. &#8220;Non, je ne l&#8217;utiliserais pas. Il ne devrait jamais \u00eatre possible pour quiconque d&#8217;utiliser l&#8217;arme nucl\u00e9aire&#8221;, a dit le pr\u00e9sident am\u00e9ricain, \u00e0 qui une journaliste a demand\u00e9 s&#8217;il envisageait de recourir \u00e0 la bombe atomique.&#8221;Nous n&#8217;en avons pas besoin. Pourquoi poser une question aussi stupide? Pourquoi utiliserais-je l&#8217;arme nucl\u00e9aire alors que nous les avons compl\u00e8tement an\u00e9antis, de mani\u00e8re tr\u00e8s conventionnelle?&#8221; a-t-il d\u00e9clar\u00e9.<\/p>\n<p class=\"live-post__amorce\">Ces d\u00e9clarations du pr\u00e9sident am\u00e9ricains font suite \u00e0  <a href=\"https:\/\/www.ladepeche.fr\/2026\/04\/22\/donald-trump-a-t-il-reellement-tente-dactiver-les-codes-nucleaires-pour-bombarder-liran-avant-den-etre-empeche-par-son-chef-detat-major-des-armees-13338101.php\" target=\"_blank\" rel=\"noopener noreferrer nofollow\" class=\"\">des rumeurs lui attribuant une tentative d&#8217;activation des codes nucl\u00e9aires <\/a> le 18 avril dernier. <\/p>\n<\/div>\n<\/div>\n<div id=\"live_post_EVMOCHJXN2TQSKD\"><span class=\"live-post__date\">07h44.<\/span><\/p>\n<div class=\"live-post__content\">\n<h2 class=\"live-post__title\">Trump optimiste quant \u00e0 un accord de paix entre le Liban et Isra\u00ebl<\/h2>\n<p class=\"live-post__amorce\">Donald Trump a affirm\u00e9 hier qu&#8217;il y avait une &#8220;tr\u00e8s bonne chance&#8221; de parvenir \u00e0 un accord de paix entre Isra\u00ebl et le Liban d\u00e8s cette ann\u00e9e, apr\u00e8s avoir annonc\u00e9 une prolongation du cessez-le-feu de trois semaines.<\/p>\n<p class=\"live-post__amorce\">S&#8217;exprimant \u00e0 la Maison Blanche \u00e0 l&#8217;issue de pourparlers entre repr\u00e9sentants du Liban et d&#8217;Isra\u00ebl, le pr\u00e9sident am\u00e9ricain a \u00e9galement dit s&#8217;attendre \u00e0 ce que les dirigeants isra\u00e9lien Benjamin Netanyahu et libanais Joseph Aoun se rencontrent &#8220;dans les semaines \u00e0 venir&#8221;.<\/p>\n<\/div>\n<\/div>\n<div id=\"live_post_EVMOCHJGT3GLKO9\"><span class=\"live-post__date\">07h44.<\/span><\/p>\n<p><h2 class=\"live-post__title\">Donald Trump rencontrera les repr\u00e9sentants du Liban et d&#8217;Isra\u00ebl lors d&#8217;une deuxi\u00e8me session de pourparlers \u00e0 la Maison Blanche<\/h2>\n<\/p>\n<\/div>\n<div id=\"live_post_EVMOCHH9AFO9Z1B\"><span class=\"live-post__date\">07h42.<\/span><\/p>\n<div class=\"live-post__content\">\n<h2 class=\"live-post__title\">Donald Trump annonce une prolongation de trois semaines du cessez-le-feu entre le Liban et Isra\u00ebl<\/h2>\n<p class=\"live-post__amorce\">Donald Trump a annonc\u00e9 hier une prolongation du cessez-le-feu entre Isra\u00ebl et le Liban de &#8220;trois semaines&#8221;. Celui-ci devait expirer dimanche. &#8220;Le cessez-le-feu entre Isra\u00ebl et le Liban sera prolong\u00e9 de TROIS SEMAINES&#8221;, a \u00e9crit le pr\u00e9sident am\u00e9ricain sur sa plateforme Truth Social \u00e0 l&#8217;issue de pourparlers entre Isra\u00ebl et le Liban \u00e0 la Maison Blanche.<\/p>\n<\/div>\n<\/div>\n<p><a href=\"https:\/\/www.ladepeche.fr\/2026\/04\/24\/direct-guerre-au-moyen-orient-donald-trump-annonce-une-prolongation-de-trois-semaines-du-cessez-le-feu-entre-le-liban-et-israel-13341381.php\">source<\/a><\/p>\n","protected":false},"excerpt":{"rendered":"<p>17h11. L&#8217;arm\u00e9e isra\u00e9lienne dit que le Hezbollah a abattu un de ses drones dans le sud du Liban L\u2019arm\u00e9e isra\u00e9lienne a d\u00e9clar\u00e9 que le Hezbollah avait abattu l\u2019un de ses drones dans le sud du Liban, quelques heures apr\u00e8s la prolongation d\u2019un cessez-le-feu entre Isra\u00ebl et le mouvement libanais pro-iranien. &#8220;Il y a peu, un [&hellip;]<\/p>\n","protected":false},"author":1,"featured_media":129422,"comment_status":"open","ping_status":"open","sticky":false,"template":"","format":"standard","meta":{"_monsterinsights_skip_tracking":false,"_monsterinsights_sitenote_active":false,"_monsterinsights_sitenote_note":"","_monsterinsights_sitenote_category":0,"footnotes":""},"categories":[1],"tags":[],"coauthors":[77],"class_list":["post-129421","post","type-post","status-publish","format-standard","has-post-thumbnail","hentry","category-a-la-une"],"aioseo_notices":[],"_links":{"self":[{"href":"https:\/\/pressactu.com\/index.php?rest_route=\/wp\/v2\/posts\/129421","targetHints":{"allow":["GET"]}}],"collection":[{"href":"https:\/\/pressactu.com\/index.php?rest_route=\/wp\/v2\/posts"}],"about":[{"href":"https:\/\/pressactu.com\/index.php?rest_route=\/wp\/v2\/types\/post"}],"author":[{"embeddable":true,"href":"https:\/\/pressactu.com\/index.php?rest_route=\/wp\/v2\/users\/1"}],"replies":[{"embeddable":true,"href":"https:\/\/pressactu.com\/index.php?rest_route=%2Fwp%2Fv2%2Fcomments&post=129421"}],"version-history":[{"count":0,"href":"https:\/\/pressactu.com\/index.php?rest_route=\/wp\/v2\/posts\/129421\/revisions"}],"wp:featuredmedia":[{"embeddable":true,"href":"https:\/\/pressactu.com\/index.php?rest_route=\/wp\/v2\/media\/129422"}],"wp:attachment":[{"href":"https:\/\/pressactu.com\/index.php?rest_route=%2Fwp%2Fv2%2Fmedia&parent=129421"}],"wp:term":[{"taxonomy":"category","embeddable":true,"href":"https:\/\/pressactu.com\/index.php?rest_route=%2Fwp%2Fv2%2Fcategories&post=129421"},{"taxonomy":"post_tag","embeddable":true,"href":"https:\/\/pressactu.com\/index.php?rest_route=%2Fwp%2Fv2%2Ftags&post=129421"},{"taxonomy":"author","embeddable":true,"href":"https:\/\/pressactu.com\/index.php?rest_route=%2Fwp%2Fv2%2Fcoauthors&post=129421"}],"curies":[{"name":"wp","href":"https:\/\/api.w.org\/{rel}","templated":true}]}}