{"id":129360,"date":"2026-04-24T05:02:36","date_gmt":"2026-04-24T05:02:36","guid":{"rendered":"https:\/\/pressactu.com\/?p=129360"},"modified":"2026-04-24T05:02:36","modified_gmt":"2026-04-24T05:02:36","slug":"je-meurs-une-pluie-de-pollen-tombe-en-plein-coeur-de-toulouse-ce-jeudi-les-habitants-exasperes-entre-deux-eternuements","status":"publish","type":"post","link":"https:\/\/pressactu.com\/?p=129360","title":{"rendered":"&quot;Je meurs&quot; : une pluie de pollen tombe en plein c\u0153ur de Toulouse ce jeudi, les habitants exasp\u00e9r\u00e9s entre deux \u00e9ternuements"},"content":{"rendered":"<p>\n                                                                    <span class=\"article-full__chapo-label hide-on-small-only\">l&#8217;essentiel<\/span><br \/>\n                                                                Le pollen transforme Toulouse en v\u00e9ritable nuage jaune. Rafales \u00e0 55 km\/h, air d\u00e9grad\u00e9 et allergies en s\u00e9rie\u202f: la Ville rose suffoque sous une pluie v\u00e9g\u00e9tale persistante. Le r\u00e9pit n\u2019est pas encore pour demain.\n                            <\/p>\n<div rel=\"js-article-content\" data-state=\"fixed-height\" data-selection=\"disabled\">\n                                                                                                                            <!-- Pub DFP Position [outstream] --><\/p>\n<p>\u00c9ternuer, tousser, se moucher\u2026 Ah, le doux go\u00fbt du printemps \u2013 du moins pour les allergiques au pollen\u00a0! Ce jeudi 23\u00a0avril, ils sont particuli\u00e8rement servis dans le centre-ville de Toulouse, o\u00f9 une v\u00e9ritable pluie de pollen s\u2019abat.<\/p>\n<p><!-- Pub DFP Position [article] --><\/p>\n<h2 class=\"txt-int\">Toulouse, la Ville jaune<\/h2>\n<p>Si Toulouse est habituellement surnomm\u00e9e la Ville rose, elle a aujourd\u2019hui des airs de Ville jaune. En cause\u00a0: une impressionnante dispersion de pollen dans les rues. R\u00e9sultat, des amas jaun\u00e2tres dans de nombreux recoins, telles des flaques de pollen et un ext\u00e9rieur presque impraticable pour les personnes allergiques.<\/p>\n<div class=\"center-align\" rel=\"js-article-inline-img\" data-protec-aida=\"image\">\n<figure class=\"std-img\" data-src=\"https:\/\/images.ladepeche.fr\/api\/v1\/images\/view\/69ea1c6d1eb566367d0a626e\/original\/image.jpg?v=1\">\n        <img decoding=\"async\" class=\"std-img__img responsive-img\" src=\"http:\/\/pressactu.com\/wp-content\/uploads\/2026\/04\/1777006955_425_image.jpg?v=1\" alt=\"Tout le centre-ville et en particulier o\u00f9 les arbres se concentrent est envahi de pollen.\"\/><figcaption class=\"article-full__media-infos\">\n                <span class=\"article-full__media-legend\">Tout le centre-ville et en particulier o\u00f9 les arbres se concentrent est envahi de pollen.<\/span><br \/>\n                                    <span class=\"article-full__media-author\">DDM &#8211; L\u00e9a Afonso<\/span><br \/>\n                            <\/figcaption><\/figure>\n<\/div>\n<p>Sur le boulevard Lazare-Carnot, c\u2019est le pompon\u00a0! Les platanes qui bordent la route lib\u00e8rent leur pollen \u00e0 chaque rafale de vent. Les Toulousains crois\u00e9s ne cachent pas leur exasp\u00e9ration\u00a0: &#8220;\u00c7a me gratte de partout, \u00e7a rentre dans mon T-shirt, \u00e7a va dans mes yeux\u2026 je d\u00e9teste \u00e7a&#8221;, r\u00e2le Salma. M\u00eame constat pour sa s\u0153ur Rania\u00a0: &#8220;Le pollen, j\u2019en pense quoi\u00a0? J\u2019ai mis un masque. Sinon, ce n\u2019est pas possible&#8221;.<\/p>\n<p>D\u2019autres dramatisent encore davantage\u00a0: &#8220;Avec un temps comme \u00e7a, m\u00eame les antihistaminiques ne suffisent pas, je meurs&#8221;, s\u2019indigne Gr\u00e9goire entre deux \u00e9ternuements.<\/p>\n<p class=\"std-elt__inline\">\n        <strong>\u00c0 lire aussi :<\/strong><br \/>\n        <a href=\"\/2026\/03\/20\/finie-la-galere-grace-a-ce-nouveau-dispositif-unique-en-france-on-peut-desormais-prevoir-larrivee-des-pollens-13283527.php\">Finie la gal\u00e8re\u00a0! Gr\u00e2ce \u00e0 ce nouveau dispositif unique en France, on peut d\u00e9sormais pr\u00e9voir l\u2019arriv\u00e9e des pollens<\/a>\n    <\/p>\n<h2 class=\"txt-int\">Des jardins d\u00e9sert\u00e9s<\/h2>\n<p>Malgr\u00e9 un grand ciel bleu, les jardins sont, de leur c\u00f4t\u00e9, d\u00e9laiss\u00e9s. Les espaces arbor\u00e9s, synonymes de forte pr\u00e9sence de pollen, sont devenus des lieux \u00e0 \u00e9viter, ou du moins \u00e0 fr\u00e9quenter avec parcimonie.<\/p>\n<p>Au jardin Michelet, dans le quartier Bonnefoy, les Toulousains se font rares. Et ceux qui s\u2019y aventurent ne comptent pas s\u2019attarder\u00a0: &#8220;On vient d\u2019arriver pour pique-niquer, mais on va repartir. Ce n\u2019est pas du tout agr\u00e9able avec le pollen qui tombe dans nos sandwiches&#8221;, raconte une famille.<\/p>\n<p class=\"std-elt__inline\">\n        <strong>\u00c0 lire aussi :<\/strong><br \/>\n        <a href=\"\/2026\/04\/02\/alerte-aux-pollens-a-toulouse-avec-le-retour-du-soleil-et-de-la-chaleur-un-week-end-a-haut-risque-pour-les-allergiques-13305505.php\">Alerte aux pollens \u00e0 Toulouse\u00a0: avec le retour du soleil et de la chaleur, un week-end \u00e0 haut risque pour les allergiques<\/a>\n    <\/p>\n<div class=\"center-align\" rel=\"js-article-inline-img\" data-protec-aida=\"image\">\n<figure class=\"std-img\" data-src=\"https:\/\/images.ladepeche.fr\/api\/v1\/images\/view\/69ea1c6d9582a257520bd9f0\/original\/image.jpg?v=1\">\n        <img decoding=\"async\" class=\"std-img__img responsive-img\" src=\"http:\/\/pressactu.com\/wp-content\/uploads\/2026\/04\/1777006955_962_image.jpg?v=1\" alt=\"Les parcs sont quant \u00e0 eux peu fr\u00e9quent\u00e9s.\"\/><figcaption class=\"article-full__media-infos\">\n                <span class=\"article-full__media-legend\">Les parcs sont quant \u00e0 eux peu fr\u00e9quent\u00e9s.<\/span><br \/>\n                                    <span class=\"article-full__media-author\">DDM &#8211; L\u00e9a Afonso<\/span><br \/>\n                            <\/figcaption><\/figure>\n<\/div>\n<p>Raymond, habitant du quartier, du haut de ses\u00a085 printemps, observe la sc\u00e8ne\u00a0: &#8220;Chaque ann\u00e9e, c\u2019est la m\u00eame rengaine. Du pollen dans l\u2019air et des allergies. Et avec le vent d\u2019autan comme aujourd\u2019hui, c\u2019est encore pire. Je vais vite finir ma promenade&#8221;.<\/p>\n<h2 class=\"txt-int\">Un cocktail m\u00e9t\u00e9o propice<\/h2>\n<p>Si la situation est aussi marqu\u00e9e ce jeudi, c\u2019est en raison de plusieurs facteurs. Le vent, d\u2019abord\u00a0: &#8220;un flux d\u2019est-sud-est assez soutenu, avec des rafales pouvant atteindre 55\u00a0km\/h&#8221;, selon M\u00e9t\u00e9o-France. \u00c0 cela s\u2019ajoutent une qualit\u00e9 de l\u2019air jug\u00e9e &#8220;d\u00e9grad\u00e9e&#8221;\u00a0par Atmo Occitanie et une concentration de pollen &#8220;\u00e9lev\u00e9e&#8221;. Un cocktail qui favorise ces bourrasques charg\u00e9es en particules, donnant l\u2019impression d\u2019une pluie de pollen sur la ville.<\/p>\n<div class=\"center-align\" rel=\"js-article-inline-img\" data-protec-aida=\"image\">\n<figure class=\"std-img\" data-src=\"https:\/\/images.ladepeche.fr\/api\/v1\/images\/view\/69ea22c9ff63b86b5702d721\/original\/image.png?v=1\">\n        <img decoding=\"async\" class=\"std-img__img responsive-img\" src=\"http:\/\/pressactu.com\/wp-content\/uploads\/2026\/04\/1777006956_801_image.png?v=1\" alt=\"Des rafales de vents \u00e0 60\u00a0km\/h ce jeudi.\"\/><figcaption class=\"article-full__media-infos\">\n                <span class=\"article-full__media-legend\">Des rafales de vents \u00e0 60\u00a0km\/h ce jeudi.<\/span><br \/>\n                                    <span class=\"article-full__media-author\">Capture d&#8217;\u00e9cran M\u00e9t\u00e9o France<\/span><br \/>\n                            <\/figcaption><\/figure>\n<\/div>\n<p>La situation devrait se prolonger vendredi, avec des rafales avoisinant les 45\u00a0km\/h, indique M\u00e9t\u00e9o-France. Ce week-end, le vent devrait faiblir autour de 10\u00a0km\/h. Mais la concentration de pollen, elle, restera \u00e9lev\u00e9e. Les allergiques devront donc encore s\u2019armer de patience avant de retrouver un peu de r\u00e9pit\u00a0!<\/p>\n<\/p><\/div>\n<p><a href=\"https:\/\/www.ladepeche.fr\/2026\/04\/23\/je-meurs-une-pluie-de-pollen-tombe-en-plein-coeur-de-toulouse-ce-jeudi-les-habitants-exasperes-entre-deux-eternuements-13340133.php\">source<\/a><\/p>\n","protected":false},"excerpt":{"rendered":"<p>l&#8217;essentiel Le pollen transforme Toulouse en v\u00e9ritable nuage jaune. Rafales \u00e0 55 km\/h, air d\u00e9grad\u00e9 et allergies en s\u00e9rie\u202f: la Ville rose suffoque sous une pluie v\u00e9g\u00e9tale persistante. Le r\u00e9pit n\u2019est pas encore pour demain. \u00c9ternuer, tousser, se moucher\u2026 Ah, le doux go\u00fbt du printemps \u2013 du moins pour les allergiques au pollen\u00a0! Ce jeudi [&hellip;]<\/p>\n","protected":false},"author":1,"featured_media":129361,"comment_status":"open","ping_status":"open","sticky":false,"template":"","format":"standard","meta":{"_monsterinsights_skip_tracking":false,"_monsterinsights_sitenote_active":false,"_monsterinsights_sitenote_note":"","_monsterinsights_sitenote_category":0,"footnotes":""},"categories":[1],"tags":[],"coauthors":[77],"class_list":["post-129360","post","type-post","status-publish","format-standard","has-post-thumbnail","hentry","category-a-la-une"],"aioseo_notices":[],"_links":{"self":[{"href":"https:\/\/pressactu.com\/index.php?rest_route=\/wp\/v2\/posts\/129360","targetHints":{"allow":["GET"]}}],"collection":[{"href":"https:\/\/pressactu.com\/index.php?rest_route=\/wp\/v2\/posts"}],"about":[{"href":"https:\/\/pressactu.com\/index.php?rest_route=\/wp\/v2\/types\/post"}],"author":[{"embeddable":true,"href":"https:\/\/pressactu.com\/index.php?rest_route=\/wp\/v2\/users\/1"}],"replies":[{"embeddable":true,"href":"https:\/\/pressactu.com\/index.php?rest_route=%2Fwp%2Fv2%2Fcomments&post=129360"}],"version-history":[{"count":0,"href":"https:\/\/pressactu.com\/index.php?rest_route=\/wp\/v2\/posts\/129360\/revisions"}],"wp:featuredmedia":[{"embeddable":true,"href":"https:\/\/pressactu.com\/index.php?rest_route=\/wp\/v2\/media\/129361"}],"wp:attachment":[{"href":"https:\/\/pressactu.com\/index.php?rest_route=%2Fwp%2Fv2%2Fmedia&parent=129360"}],"wp:term":[{"taxonomy":"category","embeddable":true,"href":"https:\/\/pressactu.com\/index.php?rest_route=%2Fwp%2Fv2%2Fcategories&post=129360"},{"taxonomy":"post_tag","embeddable":true,"href":"https:\/\/pressactu.com\/index.php?rest_route=%2Fwp%2Fv2%2Ftags&post=129360"},{"taxonomy":"author","embeddable":true,"href":"https:\/\/pressactu.com\/index.php?rest_route=%2Fwp%2Fv2%2Fcoauthors&post=129360"}],"curies":[{"name":"wp","href":"https:\/\/api.w.org\/{rel}","templated":true}]}}