{"id":129142,"date":"2026-04-22T15:25:26","date_gmt":"2026-04-22T15:25:26","guid":{"rendered":"https:\/\/pressactu.com\/?p=129142"},"modified":"2026-04-22T15:25:26","modified_gmt":"2026-04-22T15:25:26","slug":"paul-seixas-vainqueur-de-la-fleche-wallonne-pour-sa-premiere-participation-a-19-ans-le-francais-ecoeure-la-concurrence","status":"publish","type":"post","link":"https:\/\/pressactu.com\/?p=129142","title":{"rendered":"Paul Seixas vainqueur de la Fl\u00e8che Wallonne pour sa premi\u00e8re participation \u00e0 19 ans\u00a0! Le Fran\u00e7ais \u00e9c\u0153ure la concurrence"},"content":{"rendered":"<p>\n                                                                    <span class=\"article-full__chapo-label hide-on-small-only\">l&#8217;essentiel<\/span><br \/>\n                                                                Paul Seixas a lev\u00e9 les bras en haut du Mur de Huy, remportant ainsi pour la premi\u00e8re fois La Fl\u00e8che Wallonne, classique ardennaise r\u00e9put\u00e9e, ce mercredi 22\u00a0avril. D\u00e8s sa premi\u00e8re participation, \u00e0 19 ans le Fran\u00e7ais triomphe et continue d\u2019impressionner.\n                            <\/p>\n<div rel=\"js-article-content\">\n                                                                                                                            <!-- Pub DFP Position [outstream] --><\/p>\n<p>La Fl\u00e8che Wallonne se disputait ce mercredi 22\u00a0avril sans le tenant du titre Tadej Pogacar. Parmi les favoris au d\u00e9part de la course, on comptait bon nombre de Fran\u00e7ais, au premier rang desquels la p\u00e9pite Paul Seixas, 19 ans seulement. Pour sa premi\u00e8re participation, le coureur de la Decathlon CMA CGM avait refus\u00e9 le statut de favori que certains lui collaient. Il s\u2019est pourtant impos\u00e9 en toute logique, s\u2019appuyant sur son talent et sa &#8220;bonne forme&#8221;.<\/p>\n<p><!-- Pub DFP Position [article] --><\/p>\n<p class=\"std-elt__inline\">\n        <strong>\u00c0 lire aussi :<\/strong><br \/>\n        <a href=\"\/2026\/04\/15\/un-coequipier-de-paul-seixas-accuse-tadej-pogacar-davoir-ete-favorise-sur-paris-roubaix-13326885.php\">Un co\u00e9quipier de Paul Seixas accuse Tadej Pogacar d\u2019avoir \u00e9t\u00e9 favoris\u00e9 sur Paris-Roubaix\u00a0!<\/a>\n    <\/p>\n<p>On a cru que le destin allait cruellement lui donner raison lorsqu\u2019on l\u2019a aper\u00e7u ensanglant\u00e9, victime d\u2019une chute que les cam\u00e9ras n\u2019\u00e9taient pas parvenues \u00e0 capter. Il a finalement r\u00e9ussi \u00e0 vaincre la douleur pour se retrouver bien plac\u00e9 au bas du Mur de Huy, la derni\u00e8re ascension d\u00e9cisive. Ses co\u00e9quipiers ont alors mis la machine en route pour le propulser dans des conditions id\u00e9ales. Il a pass\u00e9 la majeure partie de la mont\u00e9e en t\u00eate, tentant plusieurs fois de d\u00e9crocher ses principaux rivaux.<\/p>\n<p class=\"std-elt__inline\">\n        <strong>\u00c0 lire aussi :<\/strong><br \/>\n        <a href=\"\/2026\/04\/22\/fleche-wallonne-paul-seixas-au-depart-les-francais-favoris-horaires-chaines-tout-savoir-sur-la-classique-ardennaise-13337926.php\">Fl\u00e8che wallonne\u00a0: Paul Seixas au d\u00e9part, les Fran\u00e7ais favoris, horaires, cha\u00eenes\u2026 Tout savoir sur la classique ardennaise<\/a>\n    <\/p>\n<p>Apr\u00e8s avoir \u00e9chou\u00e9 plusieurs fois dans cette entreprise, il a finalement r\u00e9ussi \u00e0 d\u00e9cramponner les trois hommes les plus coriaces derri\u00e8re lui, un peu plus de 100 m\u00e8tres avant la ligne, juste avant un replat. Il a eu le temps de se retourner pour constater l\u2019\u00e9cart et c\u00e9l\u00e9brer une victoire alors acquise. Personne n\u2019a v\u00e9ritablement sembl\u00e9 en mesure de le mettre en danger sur cette ascension durant laquelle il s\u2019est avant tout battu contre lui-m\u00eame. Schmitt et Tulett compl\u00e8tent le podium devant un Cosnefroy qui a coinc\u00e9 dans les ultimes pourcentages.<\/p>\n<div class=\"extemb-container\">\n<blockquote data-class=\"twitter-tweet\">\n<p lang=\"fr\" dir=\"ltr\">ud83dudeb4 <a href=\"https:\/\/twitter.com\/hashtag\/FlecheWallonne?src=hash&amp;ref_src=twsrc%5Etfw\">#FlecheWallonne<\/a> | ud83cuddebud83cuddf7ud83dudd25 PAUL SEIXAS REMPORTE LA FL\u00c8CHE WALLONNE ! <\/p>\n<p>u26a1ufe0f Le Fran\u00e7ais asphyxie la concurrence dans les derniers m\u00e8tres et s&#8217;impose sur la premi\u00e8re grande classique de sa carri\u00e8re \u00e0 seulement 19 ans ! <a href=\"https:\/\/t.co\/mukO0fNQ7E\">pic.twitter.com\/mukO0fNQ7E<\/a><\/p>\n<p>\u2014 francetvsport (@francetvsport) <a href=\"https:\/\/twitter.com\/francetvsport\/status\/2046958932871004436?ref_src=twsrc%5Etfw\">April 22, 2026<\/a><\/p><\/blockquote><\/div>\n<p>Au total, ce sont 5 Fran\u00e7ais qui finissent dans le Top 10 avec Seixas et Cosnefroy donc, mais aussi Alex Baudin (6e), Lenny Martinez (8e) et Romain Gr\u00e9goire (9e). \u00c0 l\u2019arriv\u00e9e, Paul Seixas a qualifi\u00e9 sa victoire &#8220;d\u2019incroyable&#8221;. Celui qui &#8220;l\u2019ann\u00e9e derni\u00e8re encore la regardait \u00e0 la t\u00e9l\u00e9&#8221; voit ce succ\u00e8s comme &#8220;le fruit d\u2019un travail collectif&#8221;. Il se projette d\u00e9sormais vers Li\u00e8ge-Bastogne-Li\u00e8ge, qui se dispute ce dimanche 26\u00a0avril et o\u00f9 il doit affronter le champion du monde Tadej Pogacar et Remco Evenepoel, vainqueur de l\u2019Amstel Gold Race. &#8220;Une autre paire de manches&#8221;, s\u2019amuse-t-il, visiblement excit\u00e9 \u00e0 l\u2019id\u00e9e d\u2019en d\u00e9coudre.<\/p>\n<\/p><\/div>\n<p><script async src=\"\/\/platform.twitter.com\/widgets.js\" charset=\"utf-8\"><\/script><br \/><a href=\"https:\/\/www.ladepeche.fr\/2026\/04\/22\/paul-seixas-vainqueur-de-la-fleche-wallonne-pour-sa-premiere-participation-a-19-ans-le-francais-ecoeure-la-concurrence-13338644.php\">source<\/a><\/p>\n","protected":false},"excerpt":{"rendered":"<p>l&#8217;essentiel Paul Seixas a lev\u00e9 les bras en haut du Mur de Huy, remportant ainsi pour la premi\u00e8re fois La Fl\u00e8che Wallonne, classique ardennaise r\u00e9put\u00e9e, ce mercredi 22\u00a0avril. D\u00e8s sa premi\u00e8re participation, \u00e0 19 ans le Fran\u00e7ais triomphe et continue d\u2019impressionner. La Fl\u00e8che Wallonne se disputait ce mercredi 22\u00a0avril sans le tenant du titre Tadej [&hellip;]<\/p>\n","protected":false},"author":1,"featured_media":129143,"comment_status":"open","ping_status":"open","sticky":false,"template":"","format":"standard","meta":{"_monsterinsights_skip_tracking":false,"_monsterinsights_sitenote_active":false,"_monsterinsights_sitenote_note":"","_monsterinsights_sitenote_category":0,"footnotes":""},"categories":[71],"tags":[],"coauthors":[77],"class_list":["post-129142","post","type-post","status-publish","format-standard","has-post-thumbnail","hentry","category-sport"],"aioseo_notices":[],"_links":{"self":[{"href":"https:\/\/pressactu.com\/index.php?rest_route=\/wp\/v2\/posts\/129142","targetHints":{"allow":["GET"]}}],"collection":[{"href":"https:\/\/pressactu.com\/index.php?rest_route=\/wp\/v2\/posts"}],"about":[{"href":"https:\/\/pressactu.com\/index.php?rest_route=\/wp\/v2\/types\/post"}],"author":[{"embeddable":true,"href":"https:\/\/pressactu.com\/index.php?rest_route=\/wp\/v2\/users\/1"}],"replies":[{"embeddable":true,"href":"https:\/\/pressactu.com\/index.php?rest_route=%2Fwp%2Fv2%2Fcomments&post=129142"}],"version-history":[{"count":0,"href":"https:\/\/pressactu.com\/index.php?rest_route=\/wp\/v2\/posts\/129142\/revisions"}],"wp:featuredmedia":[{"embeddable":true,"href":"https:\/\/pressactu.com\/index.php?rest_route=\/wp\/v2\/media\/129143"}],"wp:attachment":[{"href":"https:\/\/pressactu.com\/index.php?rest_route=%2Fwp%2Fv2%2Fmedia&parent=129142"}],"wp:term":[{"taxonomy":"category","embeddable":true,"href":"https:\/\/pressactu.com\/index.php?rest_route=%2Fwp%2Fv2%2Fcategories&post=129142"},{"taxonomy":"post_tag","embeddable":true,"href":"https:\/\/pressactu.com\/index.php?rest_route=%2Fwp%2Fv2%2Ftags&post=129142"},{"taxonomy":"author","embeddable":true,"href":"https:\/\/pressactu.com\/index.php?rest_route=%2Fwp%2Fv2%2Fcoauthors&post=129142"}],"curies":[{"name":"wp","href":"https:\/\/api.w.org\/{rel}","templated":true}]}}