{"id":128957,"date":"2026-04-20T23:21:56","date_gmt":"2026-04-20T23:21:56","guid":{"rendered":"https:\/\/pressactu.com\/?p=128957"},"modified":"2026-04-20T23:21:56","modified_gmt":"2026-04-20T23:21:56","slug":"redonner-des-lieux-de-vies-aux-animaux-retenir-lhumidite-dans-les-sols-pour-limiter-larrosage-un-concours-de-tonte-bien-pensee-dans-les-jardins-de-lari","status":"publish","type":"post","link":"https:\/\/pressactu.com\/?p=128957","title":{"rendered":"Redonner des lieux de vies aux animaux, retenir l\u2019humidit\u00e9 dans les sols pour limiter l\u2019arrosage\u2026 Un concours de &quot;tonte bien pens\u00e9e&quot; dans les jardins de l\u2019Ari\u00e8ge"},"content":{"rendered":"<p>\n                                                                    <span class=\"article-full__chapo-label hide-on-small-only\">l&#8217;essentiel<\/span><br \/>\n                                                                Du 18\u00a0avril au 17\u00a0juin, le Smectom du Plantaurel, le syndicat de collecte des d\u00e9chets ari\u00e9geois, invite les habitants de ses 140 communes \u00e0 repenser l\u2019entretien de leurs jardins. L\u2019objectif\u00a0: favoriser la biodiversit\u00e9 tout en simplifiant la vie des jardiniers\n                            <\/p>\n<div rel=\"js-article-content\" data-state=\"fixed-height\" data-selection=\"disabled\">\n                                                                                                                            <!-- Pub DFP Position [outstream] --><\/p>\n<p>Et si, cette ann\u00e9e, on pouvait &#8220;s<span><span><span><span>e reposer davantage en tondant moins, pas partout et donc, en laissant vivre son jardin&#8221;\u00a0<\/span><\/span><\/span><\/span>? C\u2019est la proposition du\u00a0Smectom du Plantaurel, avec le retour du concours de &#8220;tonte bien pens\u00e9e&#8221;.<\/p>\n<p><!-- Pub DFP Position [article] --><\/p>\n<p>Pour cette quatri\u00e8me \u00e9dition, le principe reste le m\u00eame\u00a0: promouvoir la gestion diff\u00e9renci\u00e9e, une m\u00e9thode qui consiste \u00e0 adapter l\u2019entretien de ses espaces verts selon l\u2019usage que l\u2019on en fait.<\/p>\n<h2 class=\"txt-int\">De nombreuses vertus \u00e0 la tonte bien pens\u00e9e<\/h2>\n<p>Plus concr\u00e8tement, qu\u2019est-ce que la tonte bien pens\u00e9e\u00a0? Pour les organisateurs, il s\u2019agit avant tout de faire le &#8220;bon entretien au bon endroit &#8220;. Concr\u00e8tement, si les zones de passage fr\u00e9quent restent tondues ras, les espaces moins utilis\u00e9s sont laiss\u00e9s au naturel.<\/p>\n<p>Ce changement de pratique dans\u00a0le jardin pr\u00e9sente de multiples vertus selon le Smectom. Repenser sa gestion, c\u2019est d\u2019abord &#8220;redonner des lieux de vie \u00e0 de nombreuses esp\u00e8ces animales, amies du jardinier&#8221;, explique le syndicat. Certaines d\u2019entre elles s\u2019av\u00e8rent d\u2019ailleurs \u00eatre des alli\u00e9es pr\u00e9cieuses dans la lutte biologique contre les ravageurs.<\/p>\n<p class=\"std-elt__inline\">\n        <strong>\u00c0 lire aussi :<\/strong><br \/>\n        <a href=\"\/2026\/04\/14\/en-2024-5-7739-kg-de-piles-et-petites-batteries-avaient-ete-apportes-4-000-eleves-dariege-sappretent-a-relever-un-defi-environnemental-13323724.php\">En 2024, 5\u00a0773,9\u00a0kg de piles et petites batteries avaient \u00e9t\u00e9 apport\u00e9s\u00a0: 4\u00a0000 \u00e9l\u00e8ves d\u2019Ari\u00e8ge s\u2019appr\u00eatent \u00e0 relever un d\u00e9fi environnemental<\/a>\n    <\/p>\n<p>Mais les b\u00e9n\u00e9fices sont aussi environnementaux et personnels\u00a0: limiter l\u2019arrosage gr\u00e2ce \u00e0 l\u2019humidit\u00e9 retenue dans les sols\u00a0par les v\u00e9g\u00e9taux ou nourrir naturellement le sol via l\u2019herbe non ramass\u00e9e. Surtout, on peut &#8220;se reposer davantage en tondant moins&#8221;, glisse malicieusement le Smectom.<\/p>\n<p>Pour accompagner les usagers, une bo\u00eete \u00e0 outils est disponible sur le site internet du syndicat. Gr\u00e2ce \u00e0 cela, le Smectom\u00a0propose des solutions pour r\u00e9utiliser les v\u00e9g\u00e9taux sur place (paillage, mares, prairies fleuries) ou r\u00e9duire leur entretien.<\/p>\n<h2 class=\"txt-int\">Un concours ouvert \u00e0 tous, novices ou aguerris<\/h2>\n<p>Le concours est accessible \u00e0 tous les r\u00e9sidents majeurs des 140 communes du territoire de collecte du Smectom qui\u00a0disposent d\u2019un jardin, quelle que soit sa surface. Ils insistent sur l\u2019inclusivit\u00e9 de la d\u00e9marche\u00a0: &#8220;Ce challenge ne s\u2019adresse pas qu\u2019aux jardinier\u00b7es aguerri\u00b7es. Bien au contraire\u00a0!&#8221;\u00a0Gr\u00e2ce aux conseils diffus\u00e9s sur les r\u00e9seaux num\u00e9riques et lors de rencontres de terrain, les d\u00e9butants sont encourag\u00e9s \u00e0 se lancer. Seule condition\u00a0: s\u2019engager \u00e0 ne pas apporter de v\u00e9g\u00e9taux en d\u00e9ch\u00e8terie pendant toute la dur\u00e9e du concours.<\/p>\n<p>Les candidats ont jusqu\u2019au 17\u00a0juin (23\u00a0h\u00a059) pour envoyer leur dossier. Celui-ci doit comporter une \u00e0 trois photos (ou une vid\u00e9o) de leur jardin entretenu diff\u00e9remment, leurs coordonn\u00e9es compl\u00e8tes, ainsi que quelques lignes d\u00e9crivant leurs pratiques (compostage, r\u00e9emploi, broyage, choix des essences\u2026). Les envois se font par mail (evenement@smectom.fr), via le formulaire en ligne ou par message priv\u00e9 sur les r\u00e9seaux sociaux du syndicat.<\/p>\n<p class=\"std-elt__inline\">\n        <strong>\u00c0 lire aussi :<\/strong><br \/>\n        <a href=\"\/2026\/01\/11\/ouverture-dune-nouvelle-dechetterie-ateliers-et-visites-ce-qui-change-en-janvier-pour-les-usagers-de-ce-syndicat-de-collecte-des-dechets-13150936.php\">Ouverture d\u2019une nouvelle d\u00e9chetterie, ateliers et visites\u2026 Ce qui change en janvier pour les usagers de ce syndicat de collecte des d\u00e9chets<\/a>\n    <\/p>\n<p>La s\u00e9lection s\u2019effectuera en deux temps. Un premier jury compos\u00e9 d\u2019experts (paysagistes, l\u2019association des Naturalistes d\u2019Ari\u00e8ge, enseignants en agro\u00e9cologie au\u00a0lyc\u00e9e agricole de Pamiers, amis du PNR), &#8220;engag\u00e9s aux c\u00f4t\u00e9s&#8221; du Smectom pour la r\u00e9duction des biod\u00e9chets et la pr\u00e9vention, et donc les savoir-faire locaux doivent \u00eatre reconnus, d\u00e9signeront\u00a0les premiers laur\u00e9ats. Dans un second temps, le grand public sera invit\u00e9 \u00e0 voter pour son jardin pr\u00e9f\u00e9r\u00e9 parmi les dossiers re\u00e7us.<\/p>\n<p>\u00c0 la cl\u00e9, de nombreux lots sont mis en jeu pour encourager la transition \u00e9cologique au jardin\u00a0: &#8220;des broyeurs individuels, des grelinettes, des ouvrages sp\u00e9cialis\u00e9s sur les pratiques alternatives et des sachets de graines mellif\u00e8res&#8221;.<\/p>\n<footer class=\"txt-note\">Renseignements sur\u00a0: smectom.fr\/actualites\/concours-de-tonte-bien-pensee-2026\/<\/footer>\n<\/p><\/div>\n<p><a href=\"https:\/\/www.ladepeche.fr\/2026\/04\/20\/redonner-des-lieux-de-vies-aux-animaux-retenir-lhumidite-dans-les-sols-pour-limiter-larrosage-un-concours-de-tonte-bien-pensee-dans-les-jardins-de-13328671.php\">source<\/a><\/p>\n","protected":false},"excerpt":{"rendered":"<p>l&#8217;essentiel Du 18\u00a0avril au 17\u00a0juin, le Smectom du Plantaurel, le syndicat de collecte des d\u00e9chets ari\u00e9geois, invite les habitants de ses 140 communes \u00e0 repenser l\u2019entretien de leurs jardins. L\u2019objectif\u00a0: favoriser la biodiversit\u00e9 tout en simplifiant la vie des jardiniers Et si, cette ann\u00e9e, on pouvait &#8220;se reposer davantage en tondant moins, pas partout et [&hellip;]<\/p>\n","protected":false},"author":1,"featured_media":128958,"comment_status":"open","ping_status":"open","sticky":false,"template":"","format":"standard","meta":{"_monsterinsights_skip_tracking":false,"_monsterinsights_sitenote_active":false,"_monsterinsights_sitenote_note":"","_monsterinsights_sitenote_category":0,"footnotes":""},"categories":[74],"tags":[],"coauthors":[77],"class_list":["post-128957","post","type-post","status-publish","format-standard","has-post-thumbnail","hentry","category-economie"],"aioseo_notices":[],"_links":{"self":[{"href":"https:\/\/pressactu.com\/index.php?rest_route=\/wp\/v2\/posts\/128957","targetHints":{"allow":["GET"]}}],"collection":[{"href":"https:\/\/pressactu.com\/index.php?rest_route=\/wp\/v2\/posts"}],"about":[{"href":"https:\/\/pressactu.com\/index.php?rest_route=\/wp\/v2\/types\/post"}],"author":[{"embeddable":true,"href":"https:\/\/pressactu.com\/index.php?rest_route=\/wp\/v2\/users\/1"}],"replies":[{"embeddable":true,"href":"https:\/\/pressactu.com\/index.php?rest_route=%2Fwp%2Fv2%2Fcomments&post=128957"}],"version-history":[{"count":0,"href":"https:\/\/pressactu.com\/index.php?rest_route=\/wp\/v2\/posts\/128957\/revisions"}],"wp:featuredmedia":[{"embeddable":true,"href":"https:\/\/pressactu.com\/index.php?rest_route=\/wp\/v2\/media\/128958"}],"wp:attachment":[{"href":"https:\/\/pressactu.com\/index.php?rest_route=%2Fwp%2Fv2%2Fmedia&parent=128957"}],"wp:term":[{"taxonomy":"category","embeddable":true,"href":"https:\/\/pressactu.com\/index.php?rest_route=%2Fwp%2Fv2%2Fcategories&post=128957"},{"taxonomy":"post_tag","embeddable":true,"href":"https:\/\/pressactu.com\/index.php?rest_route=%2Fwp%2Fv2%2Ftags&post=128957"},{"taxonomy":"author","embeddable":true,"href":"https:\/\/pressactu.com\/index.php?rest_route=%2Fwp%2Fv2%2Fcoauthors&post=128957"}],"curies":[{"name":"wp","href":"https:\/\/api.w.org\/{rel}","templated":true}]}}