{"id":128923,"date":"2026-04-20T15:18:25","date_gmt":"2026-04-20T15:18:25","guid":{"rendered":"https:\/\/pressactu.com\/?p=128923"},"modified":"2026-04-20T15:18:25","modified_gmt":"2026-04-20T15:18:25","slug":"lens-tfc-cest-une-perte-tres-importante-pour-nous-comment-se-sentent-les-toulousains-prives-de-gboho-et-mckenzie-pour-la-demi-finale","status":"publish","type":"post","link":"https:\/\/pressactu.com\/?p=128923","title":{"rendered":"Lens \u2013 TFC\u00a0: &quot;C\u2019est une perte tr\u00e8s importante pour nous&quot;\u2026  comment se sentent les Toulousains, priv\u00e9s de Gboho et Mckenzie pour la demi-finale\u00a0?"},"content":{"rendered":"<p>\n                                                                    <span class=\"article-full__chapo-label hide-on-small-only\">l&#8217;essentiel<\/span><br \/>\n                                                                Carles Martinez Novell a donn\u00e9 des nouvelles de ses deux joueurs qui seront absents de la demi-finale de coupe de France contre les &#8220;Sang et Or&#8221;, ce mardi 21 avril (21 h 10). Yann Gboho et Mark Mkenzie seront \u00e0 Lens pour supporter leurs co\u00e9quipiers et esp\u00e8rent une qualification en finale.\n                            <\/p>\n<div rel=\"js-article-content\">\n                                                                                                                            <!-- Pub DFP Position [outstream] --><\/p>\n<p>J-1. 24\u00a0heures avant le d\u00e9placement du <a href=\"https:\/\/www.ladepeche.fr\/sport\/football\/toulouse-football-club\/\" target=\"_blank\">Toulouse Football Club <\/a>\u00e0 Lens dans le cadre de la demi-finale de Coupe de France, son entra\u00eeneur \u00e9tait pr\u00e9sent en conf\u00e9rence de presse ce lundi 20\u00a0avril. Depuis les entrailles du Stadium, Carles Martinez Novell a fait le point sur le groupe qui ralliera le Nord mardi matin et r\u00eavera de qualification pour la finale qui aura lieu le 22\u00a0mai 2026 au Stade de France.<\/p>\n<p><!-- Pub DFP Position [article] --><\/p>\n<p class=\"std-elt__inline\">\n        <strong>\u00c0 lire aussi :<\/strong><br \/>\n        <a href=\"\/2026\/04\/18\/analyse-lens-tfc-un-rouge-qui-fait-tache-reduits-a-10-alors-quils-menaient-2-0-les-toulousains-se-sont-tire-une-balle-dans-le-pied-13331543.php\">ANALYSE. Lens \u2013 TFC\u00a0: un rouge qui fait tache\u2026 R\u00e9duits \u00e0 10 alors qu\u2019ils menaient 2-0, les Toulousains se sont tir\u00e9 une balle dans le pied<\/a>\n    <\/p>\n<p>L\u2019entra\u00eeneur catalan est notamment revenu sur l\u2019absence de deux de ses cadres \u00e0 Bollaert, \u00e0 savoir Yann Gboho et Mark McKenzie. Le num\u00e9ro\u00a010 des Violets et le d\u00e9fenseur central am\u00e9ricain sont suspendus,<a href=\"https:\/\/www.ladepeche.fr\/2026\/04\/17\/video-lens-tfc-yann-gboho-ecope-dun-carton-rouge-apres-un-mauvais-geste-quelles-consequences-pour-toulouse-avant-la-demi-finale-de-coupe-de-france-13331338.php\" target=\"_blank\"> le premier a \u00e9t\u00e9 exclu vendredi<\/a>, d\u00e9j\u00e0 contre Lens, le second a \u00e9cop\u00e9 d\u2019un carton rouge contre Lille, il y a un peu plus d\u2019une semaine au Stadium.<\/p>\n<p class=\"std-elt__inline\">\n        <strong>\u00c0 lire aussi :<\/strong><br \/>\n        <a href=\"\/2026\/04\/19\/lens-a-un-avantage-psychologique-avant-la-demi-finale-de-la-coupe-de-france-estime-pierre-sage-le-tfc-devra-faire-un-exploit-pour-renverser-la-table-13333659.php\">Lens a &#8220;un avantage psychologique&#8221; avant la demi-finale de la Coupe de France, estime Pierre Sage\u00a0: le TFC devra faire un exploit pour renverser la table<\/a>\n    <\/p>\n<h2 class=\"txt-int\">&#8220;La d\u00e9faite est derri\u00e8re nous&#8221;<\/h2>\n<p><a href=\"https:\/\/www.ladepeche.fr\/2026\/04\/18\/lens-tfc-sans-yann-gboho-suspendu-quelles-solutions-et-quelle-composition-pour-la-demi-finale-de-la-coupe-de-france-mardi-13332352.php\" target=\"_blank\">Deux absences fortement pr\u00e9judiciables<\/a>. &#8220;C\u2019est une perte tr\u00e8s importante pour nous de jouer sans Yann et Mark, mais \u00e9galement sans Rafik (Messali, NDLR)&#8221;, a reconnu Martinez Novell. &#8220;Mais je suis s\u00fbr que ceux qui joueront \u00e0 leurs places seront pr\u00eats pour disputer cette rencontre tr\u00e8s importante pour nous&#8221;, a-t-il ajout\u00e9.<\/p>\n<p class=\"std-elt__inline\">\n        <strong>\u00c0 lire aussi :<\/strong><br \/>\n        <a href=\"\/2026\/04\/18\/ca-devient-difficile-de-jouer-au-foot-carles-martinez-novell-analyse-la-defaite-du-tfc-a-lens-et-le-carton-rouge-recu-par-yann-gboho-13331527.php\">&#8220;\u00c7a devient difficile de jouer au foot&#8221;\u00a0: Carles Martinez Novell analyse la d\u00e9faite du TFC \u00e0 Lens et le carton rouge re\u00e7u par Yann Gboho<\/a>\n    <\/p>\n<p>S\u2019il n\u2019en veut absolument pas aux deux joueurs \u2013 selon lui l\u2019exclusion de McKenzie est la cons\u00e9quence d\u2019une somme d\u2019erreurs de l\u2019ensemble de son \u00e9quipe \u2013 le Catalan souhaite que les siens gardent la t\u00eate froide et ne veut plus parler du pass\u00e9. &#8220;On a bien analys\u00e9 la d\u00e9faite, mais c\u2019est derri\u00e8re nous. On conna\u00eet bien le stade d\u00e9sormais, la superbe ambiance et cette \u00e9quipe de Lens. J\u2019esp\u00e8re qu\u2019on terminera le match \u00e0 11 demain et avec un autre sentiment que celui de vendredi&#8221;.<\/p>\n<h2 class=\"txt-int\">Quels changements\u00a0?<\/h2>\n<p>Pour les remplacer, Carles Martinez Novell devrait choisir de titulariser <a href=\"https:\/\/www.ladepeche.fr\/2026\/04\/19\/il-marque-son-premier-but-en-professionnel-devant-sa-famille-a-18-ans-la-belle-histoire-de-seny-koumbassa-force-tranquille-et-avenir-du-tfc-qui-aura-13333715.php\" target=\"_blank\">Senny Koumbassa<\/a> \u2013 auteur de son premier but en professionnel vendredi dernier \u2013 dans la d\u00e9fense \u00e0 3, d\u00e9calant Djibril Sidib\u00e9 sur le c\u00f4t\u00e9 droit. Ce repositionnement du champion du monde 2018 en tant que piston devrait entra\u00eener la mont\u00e9e d\u2019un cran sur le terrain d\u2019Aron Donnum.<\/p>\n<p class=\"std-elt__inline\">\n        <strong>\u00c0 lire aussi :<\/strong><br \/>\n        <a href=\"\/2026\/04\/18\/lens-tfc-sans-yann-gboho-suspendu-quelles-solutions-et-quelle-composition-pour-la-demi-finale-de-la-coupe-de-france-mardi-13332352.php\">Lens \u2013 TFC\u00a0: sans Yann Gboho, suspendu, quelles solutions et quelle composition pour la demi-finale de la Coupe de France mardi\u00a0?<\/a>\n    <\/p>\n<p>Le Norv\u00e9gien devra se montrer particuli\u00e8rement inspir\u00e9 pour tenter de d\u00e9stabiliser la d\u00e9fense des &#8220;Sang et Or&#8221;, alors que le TFC sera priv\u00e9 de son meneur de jeu Gboho. Santiago Hidalgo devrait \u00eatre lanc\u00e9 sur le flanc gauche pour \u00e9pauler Emersonn, mais son profil est totalement diff\u00e9rent de celui du num\u00e9ro\u00a010 habituel du TFC.<\/p>\n<\/p><\/div>\n<p><a href=\"https:\/\/www.ladepeche.fr\/2026\/04\/20\/lens-tfc-cest-une-perte-tres-importante-pour-nous-comment-se-sentent-les-toulousains-prives-de-gboho-et-mckenzie-pour-la-demi-finale-13334874.php\">source<\/a><\/p>\n","protected":false},"excerpt":{"rendered":"<p>l&#8217;essentiel Carles Martinez Novell a donn\u00e9 des nouvelles de ses deux joueurs qui seront absents de la demi-finale de coupe de France contre les &#8220;Sang et Or&#8221;, ce mardi 21 avril (21 h 10). Yann Gboho et Mark Mkenzie seront \u00e0 Lens pour supporter leurs co\u00e9quipiers et esp\u00e8rent une qualification en finale. J-1. 24\u00a0heures avant [&hellip;]<\/p>\n","protected":false},"author":1,"featured_media":128924,"comment_status":"open","ping_status":"open","sticky":false,"template":"","format":"standard","meta":{"_monsterinsights_skip_tracking":false,"_monsterinsights_sitenote_active":false,"_monsterinsights_sitenote_note":"","_monsterinsights_sitenote_category":0,"footnotes":""},"categories":[71],"tags":[],"coauthors":[77],"class_list":["post-128923","post","type-post","status-publish","format-standard","has-post-thumbnail","hentry","category-sport"],"aioseo_notices":[],"_links":{"self":[{"href":"https:\/\/pressactu.com\/index.php?rest_route=\/wp\/v2\/posts\/128923","targetHints":{"allow":["GET"]}}],"collection":[{"href":"https:\/\/pressactu.com\/index.php?rest_route=\/wp\/v2\/posts"}],"about":[{"href":"https:\/\/pressactu.com\/index.php?rest_route=\/wp\/v2\/types\/post"}],"author":[{"embeddable":true,"href":"https:\/\/pressactu.com\/index.php?rest_route=\/wp\/v2\/users\/1"}],"replies":[{"embeddable":true,"href":"https:\/\/pressactu.com\/index.php?rest_route=%2Fwp%2Fv2%2Fcomments&post=128923"}],"version-history":[{"count":0,"href":"https:\/\/pressactu.com\/index.php?rest_route=\/wp\/v2\/posts\/128923\/revisions"}],"wp:featuredmedia":[{"embeddable":true,"href":"https:\/\/pressactu.com\/index.php?rest_route=\/wp\/v2\/media\/128924"}],"wp:attachment":[{"href":"https:\/\/pressactu.com\/index.php?rest_route=%2Fwp%2Fv2%2Fmedia&parent=128923"}],"wp:term":[{"taxonomy":"category","embeddable":true,"href":"https:\/\/pressactu.com\/index.php?rest_route=%2Fwp%2Fv2%2Fcategories&post=128923"},{"taxonomy":"post_tag","embeddable":true,"href":"https:\/\/pressactu.com\/index.php?rest_route=%2Fwp%2Fv2%2Ftags&post=128923"},{"taxonomy":"author","embeddable":true,"href":"https:\/\/pressactu.com\/index.php?rest_route=%2Fwp%2Fv2%2Fcoauthors&post=128923"}],"curies":[{"name":"wp","href":"https:\/\/api.w.org\/{rel}","templated":true}]}}